{"id":1,"date":"2018-10-30T07:24:44","date_gmt":"2018-10-30T07:24:44","guid":{"rendered":"http:\/\/paraostrava2019.cz\/?p=1"},"modified":"2018-10-30T07:24:44","modified_gmt":"2018-10-30T07:24:44","slug":"mistrovstvi-ostrava-2019-rozhodnuto","status":"publish","type":"post","link":"https:\/\/parahockey.cz\/en\/aktuality\/mistrovstvi-ostrava-2019-rozhodnuto\/","title":{"rendered":"Je rozhodnuto! Ostrava bude hostit mistrovstv\u00ed v para hokeji 2019"},"content":{"rendered":"<p>\u010cesk\u00e1 republika z\u00edskala po\u0159adatelstv\u00ed velk\u00e9 sportovn\u00ed akce mezin\u00e1rodn\u00edho v\u00fdznamu. Po\u00a0deseti letech se na na\u0161e \u00fazem\u00ed vrac\u00ed mistrovstv\u00ed sv\u011bta v\u00a0para hokeji. Osm nejlep\u0161\u00ed t\u00fdm\u016f sv\u011bta se na p\u0159elomu dubna a kv\u011btna p\u0159edstav\u00ed na led\u011b v\u00a0Ostrav\u011b.<\/p>\n<p>V\u00edtkovick\u00e1 Ostravar Ar\u00e9na p\u0159iv\u00edt\u00e1 na p\u0159elomu dubna a kv\u011btna 2019 nejlep\u0161\u00ed handicapovan\u00e9 hokejisty planety. \u0160ampion\u00e1t prob\u011bhne od 27.\u00a0dubna do 4.\u00a0kv\u011btna a mimo dom\u00e1c\u00edho celku se v\u00a0Ostrav\u011b p\u0159edstav\u00ed reprezenta\u010dn\u00ed celky USA, Ji\u017en\u00ed Koreje, Norska, It\u00e1lie, \u0160v\u00e9dska, Japonska a tak\u00e9 obh\u00e1jci zlata Kana\u010fan\u00e9.<\/p>\n<p>Mezin\u00e1rodn\u00ed paralympijsk\u00fd v\u00fdbor a m\u00edstn\u00ed organiza\u010dn\u00ed v\u00fdbor od turnaje o\u010dek\u00e1vaj\u00ed je\u0161t\u011b kvalitn\u011bj\u0161\u00ed souboje, ne\u017e jak\u00e9 prob\u011bhly na posledn\u00edch paralympijsk\u00fdch hr\u00e1ch v\u00a0PyeongChangu letos v\u00a0b\u0159eznu. Z\u00e1pas o\u00a0zlato tehdy p\u0159inesl ohromn\u011b vyrovnan\u00fd souboj mezi USA a Kanadou, o\u00a0zlat\u00e9 medaili pro USA rozhodlo a\u017e prodlou\u017een\u00ed.<\/p>\n<p>P\u0159edseda organiza\u010dn\u00edho v\u00fdboru Ji\u0159\u00ed \u0160indler k\u00a0turnaji uvedl: \u201eOp\u011bt po\u00a0deseti letech budeme v\u00a0Ostrav\u011b po\u0159\u00e1dat MS v\u00a0para hokeji. \u0160ampion\u00e1t byl v\u00a0roce 2009 velmi \u00fasp\u011b\u0161n\u00fd a to je pro n\u00e1s v\u00fdzva. Chceme uspo\u0159\u00e1dat \u0161pi\u010dkov\u00fd turnaj nejen pro hr\u00e1\u010de, ale tak\u00e9 pro div\u00e1ky. Chceme v\u00a0\u010cR zv\u00fd\u0161it pov\u011bdom\u00ed o\u00a0para hokeji. M\u00e1me v\u00a0pl\u00e1nu jak masivn\u00ed medi\u00e1ln\u00ed kampa\u0148, tak tak\u00e9 vzd\u011bl\u00e1vac\u00ed kampa\u0148. Ve v\u00edce jak 40 \u0161kol\u00e1ch uspo\u0159\u00e1d\u00e1me dny sportu handicapovan\u00fdch. Tento projekt budeme po\u0159\u00e1dat ve spolupr\u00e1ci s\u00a0dv\u011bma m\u00edstn\u00edmi univerzitami.\u201c<\/p>\n<p style=\"text-align: right;\">Zdroj: Paralympic.cz<\/p>\n","protected":false},"excerpt":{"rendered":"<p>\u010cesk\u00e1 republika z\u00edskala po\u0159adatelstv\u00ed velk\u00e9 sportovn\u00ed akce mezin\u00e1rodn\u00edho v\u00fdznamu. Po\u00a0deseti letech se na na\u0161e \u00fazem\u00ed vrac\u00ed mistrovstv\u00ed sv\u011bta v\u00a0para hokeji. Osm nejlep\u0161\u00ed t\u00fdm\u016f sv\u011bta se na p\u0159elomu dubna a kv\u011btna p\u0159edstav\u00ed na led\u011b v\u00a0Ostrav\u011b. V\u00edtkovick\u00e1 Ostravar Ar\u00e9na p\u0159iv\u00edt\u00e1 na p\u0159elomu dubna a kv\u011btna 2019 nejlep\u0161\u00ed handicapovan\u00e9 hokejisty planety. \u0160ampion\u00e1t prob\u011bhne od 27.\u00a0dubna do 4.\u00a0kv\u011btna a [&hellip;]<\/p>\n","protected":false},"author":1,"featured_media":224,"comment_status":"open","ping_status":"open","sticky":false,"template":"","format":"standard","meta":{"_acf_changed":false,"inline_featured_image":false,"footnotes":""},"categories":[31],"tags":[],"class_list":["post-1","post","type-post","status-publish","format-standard","has-post-thumbnail","hentry","category-aktuality"],"acf":[],"_links":{"self":[{"href":"https:\/\/parahockey.cz\/en\/wp-json\/wp\/v2\/posts\/1","targetHints":{"allow":["GET"]}}],"collection":[{"href":"https:\/\/parahockey.cz\/en\/wp-json\/wp\/v2\/posts"}],"about":[{"href":"https:\/\/parahockey.cz\/en\/wp-json\/wp\/v2\/types\/post"}],"author":[{"embeddable":true,"href":"https:\/\/parahockey.cz\/en\/wp-json\/wp\/v2\/users\/1"}],"replies":[{"embeddable":true,"href":"https:\/\/parahockey.cz\/en\/wp-json\/wp\/v2\/comments?post=1"}],"version-history":[{"count":0,"href":"https:\/\/parahockey.cz\/en\/wp-json\/wp\/v2\/posts\/1\/revisions"}],"wp:featuredmedia":[{"embeddable":true,"href":"https:\/\/parahockey.cz\/en\/wp-json\/wp\/v2\/media\/224"}],"wp:attachment":[{"href":"https:\/\/parahockey.cz\/en\/wp-json\/wp\/v2\/media?parent=1"}],"wp:term":[{"taxonomy":"category","embeddable":true,"href":"https:\/\/parahockey.cz\/en\/wp-json\/wp\/v2\/categories?post=1"},{"taxonomy":"post_tag","embeddable":true,"href":"https:\/\/parahockey.cz\/en\/wp-json\/wp\/v2\/tags?post=1"}],"curies":[{"name":"wp","href":"https:\/\/api.w.org\/{rel}","templated":true}]}}