{"id":1147,"date":"2019-01-12T12:12:36","date_gmt":"2019-01-12T11:12:36","guid":{"rendered":"http:\/\/paraostrava2019.cz\/?p=1147"},"modified":"2019-01-12T12:12:36","modified_gmt":"2019-01-12T11:12:36","slug":"startuje-vyber-skol-pro-paralympijske-skolni-dny","status":"publish","type":"post","link":"https:\/\/parahockey.cz\/en\/aktuality\/startuje-vyber-skol-pro-paralympijske-skolni-dny\/","title":{"rendered":"Startuje v\u00fdb\u011br \u0161kol pro Paralympijsk\u00e9 \u0161koln\u00ed dny"},"content":{"rendered":"<p>Sou\u010d\u00e1st\u00ed MS v para hokeji Ostrava 2019 je vzd\u011bl\u00e1vac\u00ed program, na kter\u00e9m se pod\u00edl\u00ed Ostravsk\u00e1 univerzita a Univerzita Palack\u00e9ho v Olomouci. C\u00edlem tohoto programu je podpora aktivit, kter\u00e9 pomohou \u017e\u00e1k\u016fm a student\u016fm pochopit b\u011b\u017en\u00fd i sportovn\u00ed \u017eivot handicapovan\u00fdch. \u0160koly, kter\u00e9 se do tohoto projektu zapoj\u00ed, se z\u00e1rove\u0148 stanou aktivn\u00edmi fanou\u0161ky jednotliv\u00fdch t\u00fdm\u016f MS.<\/p>\n<p>\u201eJsme p\u0159ekvapeni velk\u00fdm z\u00e1jmem ze strany ostravsk\u00fdch \u0161kol, kter\u00e9 se na program Paralympijsk\u00fdch \u0161koln\u00edch dn\u016f velmi t\u011b\u0161\u00ed. A co na\u0161emu organiza\u010dn\u00edmu t\u00fdmu d\u011bl\u00e1 nejv\u011bt\u0161\u00ed radost je, \u017ee se oz\u00fdvaj\u00ed \u0161koly, kter\u00e9 se do tohoto projektu zapojily i p\u0159ed deseti lety, kdy v Ostrav\u011b prob\u011bhlo posledn\u00ed MS v para hokeji po\u0159\u00e1dan\u00e9 v \u010cesk\u00e9 republice. Do te\u010f na to u\u010ditel\u00e9, studenti i jejich rodi\u010de vzpom\u00ednaj\u00ed a my douf\u00e1me, \u017ee si to m\u00edstn\u00ed \u0161koly u\u017eij\u00ed i tento rok. Moc se na to t\u011b\u0161\u00edme,\u201d \u0159ekla Eva Dawson, vedouc\u00ed vzd\u011bl\u00e1vac\u00edch program\u016f MS para hokej Ostrava 2019.<\/p>\n<p>\u0160koly, kter\u00e9 se do tohoto projektu cht\u011bj\u00ed zapojit, se mohou na organiz\u00e1tory obr\u00e1tit prost\u0159ednictv\u00edm webov\u00fdch str\u00e1nek.<\/p>\n","protected":false},"excerpt":{"rendered":"<p>Sou\u010d\u00e1st\u00ed MS v para hokeji Ostrava 2019 je vzd\u011bl\u00e1vac\u00ed program, na kter\u00e9m se pod\u00edl\u00ed Ostravsk\u00e1 univerzita a Univerzita Palack\u00e9ho v Olomouci. C\u00edlem tohoto programu je podpora aktivit, kter\u00e9 pomohou \u017e\u00e1k\u016fm a student\u016fm pochopit b\u011b\u017en\u00fd i sportovn\u00ed \u017eivot handicapovan\u00fdch. \u0160koly, kter\u00e9 se do tohoto projektu zapoj\u00ed, se z\u00e1rove\u0148 stanou aktivn\u00edmi fanou\u0161ky jednotliv\u00fdch t\u00fdm\u016f MS. \u201eJsme p\u0159ekvapeni [&hellip;]<\/p>\n","protected":false},"author":4,"featured_media":1148,"comment_status":"open","ping_status":"open","sticky":false,"template":"","format":"standard","meta":{"_acf_changed":false,"inline_featured_image":false,"footnotes":""},"categories":[31],"tags":[],"class_list":["post-1147","post","type-post","status-publish","format-standard","has-post-thumbnail","hentry","category-aktuality"],"acf":[],"_links":{"self":[{"href":"https:\/\/parahockey.cz\/en\/wp-json\/wp\/v2\/posts\/1147","targetHints":{"allow":["GET"]}}],"collection":[{"href":"https:\/\/parahockey.cz\/en\/wp-json\/wp\/v2\/posts"}],"about":[{"href":"https:\/\/parahockey.cz\/en\/wp-json\/wp\/v2\/types\/post"}],"author":[{"embeddable":true,"href":"https:\/\/parahockey.cz\/en\/wp-json\/wp\/v2\/users\/4"}],"replies":[{"embeddable":true,"href":"https:\/\/parahockey.cz\/en\/wp-json\/wp\/v2\/comments?post=1147"}],"version-history":[{"count":0,"href":"https:\/\/parahockey.cz\/en\/wp-json\/wp\/v2\/posts\/1147\/revisions"}],"wp:featuredmedia":[{"embeddable":true,"href":"https:\/\/parahockey.cz\/en\/wp-json\/"}],"wp:attachment":[{"href":"https:\/\/parahockey.cz\/en\/wp-json\/wp\/v2\/media?parent=1147"}],"wp:term":[{"taxonomy":"category","embeddable":true,"href":"https:\/\/parahockey.cz\/en\/wp-json\/wp\/v2\/categories?post=1147"},{"taxonomy":"post_tag","embeddable":true,"href":"https:\/\/parahockey.cz\/en\/wp-json\/wp\/v2\/tags?post=1147"}],"curies":[{"name":"wp","href":"https:\/\/api.w.org\/{rel}","templated":true}]}}