{"id":12583,"date":"2021-08-13T13:41:00","date_gmt":"2021-08-13T11:41:00","guid":{"rendered":"https:\/\/parahockey.cz\/?p=12583"},"modified":"2022-12-05T08:26:55","modified_gmt":"2022-12-05T07:26:55","slug":"zlata-hokejka-pro-radka-zelinku","status":"publish","type":"post","link":"https:\/\/parahockey.cz\/en\/repre\/zlata-hokejka-pro-radka-zelinku\/","title":{"rendered":"Zlat\u00e1 hokejka pro Radka Zelinku"},"content":{"rendered":"\n<p class=\"has-text-align-center\"><strong>Rok v dresu&nbsp;\u010desk\u00e9&nbsp;para hokejov\u00e9&nbsp;reprezentace a hned tak v\u00fdznamn\u00e9&nbsp;ocen\u011bn\u00ed. Radek Zelinka za\u017e\u00edv\u00e1&nbsp;u n\u00e1rodn\u00edho t\u00fdmu raketov\u00fd&nbsp;start. Na MS v para hokeji Ostrava 2021 dal sv\u016fj prvn\u00ed, ale velmi d\u016fle\u017eit\u00fd&nbsp;reprezenta\u010dn\u00ed&nbsp;g\u00f3l. Dnes byl v r\u00e1mci slavnostn\u00edho ve\u010dera&nbsp;vyhl\u00e1\u0161en para hokejistou roku 2021 v&nbsp;r\u00e1mci presti\u017en\u00ed ankety Zlat\u00e1 hokejka!<\/strong><\/p>\n\n\n\n<p>Za\u010d\u00e1tky jsou pro ka\u017ed\u00e9ho para hokejistu velmi n\u00e1ro\u010dn\u00e9. Hr\u00e1\u010di se musej\u00ed sm\u00ed\u0159it se sv\u00fdm handicapem, ale i tot\u00e1ln\u011b nov\u00fdm sportem. Radek Zelinka na\u0161el odvahu a poprv\u00e9 do sledge usedl v&nbsp;lo\u0148sk\u00e9m roce. Jen t\u0159i roky potom, co p\u0159i\u0161el o levou nohu. Za\u010dlenil se do tr\u00e9ninku ligov\u00fdch \u017eralok\u016f, tedy <a class=\"rank-math-link\" href=\"http:\/\/skvsharks.cz\" target=\"_blank\" rel=\"noopener\">SKV Sharks Karlovy Vary<\/a> a rovnou dostal pozv\u00e1nku i do reprezentace. Na&nbsp;prvn\u00edm mezin\u00e1rodn\u00edm turnaji &#8211; dom\u00e1c\u00edm sv\u011btov\u00e9m \u0161ampion\u00e1tu obl\u00e9kl dres asistenta kapit\u00e1na \u010desk\u00e9ho t\u00fdmu. Radek je v\u00fdraznou osobnost\u00ed, t\u00fdmov\u00fdm hr\u00e1\u010dem s&nbsp;pokorou i neskute\u010dn\u00fdm d\u0159\u00ed\u010dem. A i kdy\u017e jeho para hokejov\u00e1 kari\u00e9ra teprve za\u010d\u00edn\u00e1, pr\u00e1vem z\u00edskal Zlatou hokejku za rok 2021. <em>\u201ePotvrzuje se n\u00e1m, \u017ee intenzivn\u00ed hled\u00e1n\u00ed nov\u00fdch para hokejov\u00fdch talent\u016f, kter\u00e9mu se v\u011bnujeme od \u0161ampion\u00e1tu v&nbsp;roce 2019, se vypl\u00e1c\u00ed! Ocen\u011bn\u00ed pr\u00e1v\u011b pro Radka Zelinku je toho jasn\u00fdm d\u016fkazem. Nemus\u00edte tr\u00e9novat roky, nov\u00ed para hokejist\u00e9 maj\u00ed pr\u00e1v\u011b te\u010f mo\u017enost se velmi rychle za\u010dlenit do reprezentace, maj\u00ed skv\u011bl\u00e9 tr\u00e9ninkov\u00e9 podm\u00ednky i kvalitn\u00ed t\u00fdm tren\u00e9r\u016f. To v\u0161e posouv\u00e1 cel\u00fd \u010desk\u00fd para hokej neuv\u011b\u0159iteln\u00fdm tempem,<\/em>\u201c \u0159ekl za <strong>\u010cesky para hokej Ji\u0159\u00ed \u0160indler<\/strong>.<\/p>\n\n\n\n<figure class=\"wp-block-gallery has-nested-images columns-default is-cropped wp-block-gallery-1 is-layout-flex wp-block-gallery-is-layout-flex\">\n<figure class=\"wp-block-image size-large\"><a href=\"https:\/\/parahockey.cz\/wp-content\/uploads\/2021\/08\/KAB_8992-scaled.jpg\"><img fetchpriority=\"high\" decoding=\"async\" width=\"1024\" height=\"683\" data-id=\"11736\" src=\"https:\/\/parahockey.cz\/wp-content\/uploads\/2021\/08\/KAB_8992-1024x683.jpg\" alt=\"\" class=\"wp-image-11736\" srcset=\"https:\/\/parahockey.cz\/wp-content\/uploads\/2021\/08\/KAB_8992-1024x683.jpg 1024w, https:\/\/parahockey.cz\/wp-content\/uploads\/2021\/08\/KAB_8992-300x200.jpg 300w, https:\/\/parahockey.cz\/wp-content\/uploads\/2021\/08\/KAB_8992-768x512.jpg 768w, https:\/\/parahockey.cz\/wp-content\/uploads\/2021\/08\/KAB_8992-1536x1024.jpg 1536w, https:\/\/parahockey.cz\/wp-content\/uploads\/2021\/08\/KAB_8992-2048x1365.jpg 2048w, https:\/\/parahockey.cz\/wp-content\/uploads\/2021\/08\/KAB_8992-scaled.jpg 1920w\" sizes=\"(max-width: 1024px) 100vw, 1024px\" \/><\/a><figcaption class=\"wp-element-caption\">Lukas Kabon<\/figcaption><\/figure>\n\n\n\n<figure class=\"wp-block-image size-large\"><a href=\"https:\/\/parahockey.cz\/wp-content\/uploads\/2021\/08\/KAB_9605-scaled.jpg\"><img decoding=\"async\" width=\"1024\" height=\"683\" data-id=\"11738\" src=\"https:\/\/parahockey.cz\/wp-content\/uploads\/2021\/08\/KAB_9605-1024x683.jpg\" alt=\"\" class=\"wp-image-11738\" srcset=\"https:\/\/parahockey.cz\/wp-content\/uploads\/2021\/08\/KAB_9605-1024x683.jpg 1024w, https:\/\/parahockey.cz\/wp-content\/uploads\/2021\/08\/KAB_9605-300x200.jpg 300w, https:\/\/parahockey.cz\/wp-content\/uploads\/2021\/08\/KAB_9605-768x512.jpg 768w, https:\/\/parahockey.cz\/wp-content\/uploads\/2021\/08\/KAB_9605-1536x1024.jpg 1536w, https:\/\/parahockey.cz\/wp-content\/uploads\/2021\/08\/KAB_9605-2048x1366.jpg 2048w, https:\/\/parahockey.cz\/wp-content\/uploads\/2021\/08\/KAB_9605-scaled.jpg 1920w\" sizes=\"(max-width: 1024px) 100vw, 1024px\" \/><\/a><figcaption class=\"wp-element-caption\">Lukas Kabon<\/figcaption><\/figure>\n\n\n\n<figure class=\"wp-block-image size-large\"><a href=\"https:\/\/parahockey.cz\/wp-content\/uploads\/2021\/08\/C07O6037-0021-scaled.jpg\"><img decoding=\"async\" width=\"1024\" height=\"683\" data-id=\"11742\" src=\"https:\/\/parahockey.cz\/wp-content\/uploads\/2021\/08\/C07O6037-0021-1024x683.jpg\" alt=\"\" class=\"wp-image-11742\" srcset=\"https:\/\/parahockey.cz\/wp-content\/uploads\/2021\/08\/C07O6037-0021-1024x683.jpg 1024w, https:\/\/parahockey.cz\/wp-content\/uploads\/2021\/08\/C07O6037-0021-300x200.jpg 300w, https:\/\/parahockey.cz\/wp-content\/uploads\/2021\/08\/C07O6037-0021-768x512.jpg 768w, https:\/\/parahockey.cz\/wp-content\/uploads\/2021\/08\/C07O6037-0021-1536x1024.jpg 1536w, https:\/\/parahockey.cz\/wp-content\/uploads\/2021\/08\/C07O6037-0021-2048x1365.jpg 2048w, https:\/\/parahockey.cz\/wp-content\/uploads\/2021\/08\/C07O6037-0021-scaled.jpg 1920w\" sizes=\"(max-width: 1024px) 100vw, 1024px\" \/><\/a><figcaption class=\"wp-element-caption\">Vladimir Prycek<\/figcaption><\/figure>\n\n\n\n<figure class=\"wp-block-image size-large\"><a href=\"https:\/\/parahockey.cz\/wp-content\/uploads\/2021\/08\/KAB_4765-1-scaled.jpg\"><img loading=\"lazy\" decoding=\"async\" width=\"1024\" height=\"683\" data-id=\"11746\" src=\"https:\/\/parahockey.cz\/wp-content\/uploads\/2021\/08\/KAB_4765-1-1024x683.jpg\" alt=\"\" class=\"wp-image-11746\" srcset=\"https:\/\/parahockey.cz\/wp-content\/uploads\/2021\/08\/KAB_4765-1-1024x683.jpg 1024w, https:\/\/parahockey.cz\/wp-content\/uploads\/2021\/08\/KAB_4765-1-300x200.jpg 300w, https:\/\/parahockey.cz\/wp-content\/uploads\/2021\/08\/KAB_4765-1-768x512.jpg 768w, https:\/\/parahockey.cz\/wp-content\/uploads\/2021\/08\/KAB_4765-1-1536x1024.jpg 1536w, https:\/\/parahockey.cz\/wp-content\/uploads\/2021\/08\/KAB_4765-1-2048x1366.jpg 2048w, https:\/\/parahockey.cz\/wp-content\/uploads\/2021\/08\/KAB_4765-1-scaled.jpg 1920w\" sizes=\"(max-width: 1024px) 100vw, 1024px\" \/><\/a><figcaption class=\"wp-element-caption\"> Lukas Kabon<\/figcaption><\/figure>\n\n\n\n<figure class=\"wp-block-image size-large\"><a href=\"https:\/\/parahockey.cz\/wp-content\/uploads\/2021\/08\/KAB_9395.jpg\"><img loading=\"lazy\" decoding=\"async\" width=\"1024\" height=\"683\" data-id=\"11754\" src=\"https:\/\/parahockey.cz\/wp-content\/uploads\/2021\/08\/KAB_9395-1024x683.jpg\" alt=\"\" class=\"wp-image-11754\" srcset=\"https:\/\/parahockey.cz\/wp-content\/uploads\/2021\/08\/KAB_9395-1024x683.jpg 1024w, https:\/\/parahockey.cz\/wp-content\/uploads\/2021\/08\/KAB_9395-300x200.jpg 300w, https:\/\/parahockey.cz\/wp-content\/uploads\/2021\/08\/KAB_9395-768x512.jpg 768w, https:\/\/parahockey.cz\/wp-content\/uploads\/2021\/08\/KAB_9395.jpg 1500w\" sizes=\"(max-width: 1024px) 100vw, 1024px\" \/><\/a><figcaption class=\"wp-element-caption\">Lukas Kabon<\/figcaption><\/figure>\n\n\n\n<figure class=\"wp-block-image size-large\"><a href=\"https:\/\/parahockey.cz\/wp-content\/uploads\/2021\/08\/KAB_9109.jpg\"><img loading=\"lazy\" decoding=\"async\" width=\"1024\" height=\"683\" data-id=\"11756\" src=\"https:\/\/parahockey.cz\/wp-content\/uploads\/2021\/08\/KAB_9109-1024x683.jpg\" alt=\"\" class=\"wp-image-11756\" srcset=\"https:\/\/parahockey.cz\/wp-content\/uploads\/2021\/08\/KAB_9109-1024x683.jpg 1024w, https:\/\/parahockey.cz\/wp-content\/uploads\/2021\/08\/KAB_9109-300x200.jpg 300w, https:\/\/parahockey.cz\/wp-content\/uploads\/2021\/08\/KAB_9109-768x512.jpg 768w, https:\/\/parahockey.cz\/wp-content\/uploads\/2021\/08\/KAB_9109.jpg 1500w\" sizes=\"(max-width: 1024px) 100vw, 1024px\" \/><\/a><figcaption class=\"wp-element-caption\">Lukas Kabon<\/figcaption><\/figure>\n\n\n\n<figure class=\"wp-block-image size-large\"><a href=\"https:\/\/parahockey.cz\/wp-content\/uploads\/2021\/08\/DSC_9763.jpg\"><img loading=\"lazy\" decoding=\"async\" width=\"1024\" height=\"683\" data-id=\"11758\" src=\"https:\/\/parahockey.cz\/wp-content\/uploads\/2021\/08\/DSC_9763-1024x683.jpg\" alt=\"\" class=\"wp-image-11758\" srcset=\"https:\/\/parahockey.cz\/wp-content\/uploads\/2021\/08\/DSC_9763-1024x683.jpg 1024w, https:\/\/parahockey.cz\/wp-content\/uploads\/2021\/08\/DSC_9763-300x200.jpg 300w, https:\/\/parahockey.cz\/wp-content\/uploads\/2021\/08\/DSC_9763-768x512.jpg 768w, https:\/\/parahockey.cz\/wp-content\/uploads\/2021\/08\/DSC_9763.jpg 1500w\" sizes=\"(max-width: 1024px) 100vw, 1024px\" \/><\/a><figcaption class=\"wp-element-caption\">Lukas Kabon<\/figcaption><\/figure>\n\n\n\n<figure class=\"wp-block-image size-large\"><a href=\"https:\/\/parahockey.cz\/wp-content\/uploads\/2021\/08\/KAB_1982.jpg\"><img loading=\"lazy\" decoding=\"async\" width=\"1024\" height=\"683\" data-id=\"11760\" src=\"https:\/\/parahockey.cz\/wp-content\/uploads\/2021\/08\/KAB_1982-1024x683.jpg\" alt=\"\" class=\"wp-image-11760\" srcset=\"https:\/\/parahockey.cz\/wp-content\/uploads\/2021\/08\/KAB_1982-1024x683.jpg 1024w, https:\/\/parahockey.cz\/wp-content\/uploads\/2021\/08\/KAB_1982-300x200.jpg 300w, https:\/\/parahockey.cz\/wp-content\/uploads\/2021\/08\/KAB_1982-768x512.jpg 768w, https:\/\/parahockey.cz\/wp-content\/uploads\/2021\/08\/KAB_1982.jpg 1500w\" sizes=\"(max-width: 1024px) 100vw, 1024px\" \/><\/a><figcaption class=\"wp-element-caption\"> Lukas Kabon<\/figcaption><\/figure>\n<\/figure>\n\n\n\n<p><strong>Po tak kr\u00e1tk\u00e9 dob\u011b u n\u00e1rodn\u00edho t\u00fdmu hned Zlat\u00e1 hokejka, jak si ocen\u011bn\u00ed u\u017e\u00edv\u00e1\u0161?<\/strong><\/p>\n\n\n\n<p>Toho to ocen\u011bn\u00ed si velice v\u00e1\u017e\u00edm! U\u017e samotn\u00e1 nominace m\u011b velice p\u0159ekvapila, nato\u017e v t\u00e9hle anket\u011b zv\u00edt\u011bzit. R\u00e1d bych pod\u011bkoval v\u0161em, co jsou v tomhle m\u00e9m nov\u00e9m p\u0159\u00edb\u011bhu od za\u010d\u00e1tku. Lidi, kter\u00fdch se to t\u00fdk\u00e1, to moc dob\u0159e v\u011bd\u00ed. Hlavn\u011b sv\u00e9 rodin\u011b, para hokejov\u00e9mu klubu SKV Sharks Karlovy Vary za mo\u017enost u nich s&nbsp;para hokejem za\u010d\u00edt, a p\u0159edev\u0161\u00edm v\u0161em z \u010desk\u00e9 para hokejov\u00e9 reprezentace a realiza\u010dn\u00edmu t\u00fdmu. Hlavn\u011b ale v\u0161em m\u00fdm spoluhr\u00e1\u010d\u016fm, kte\u0159\u00ed mi v\u0161ichni do jednoho pom\u00e1haj\u00ed v&nbsp;para hokeji r\u016fst. R\u00e1d bych se s t\u00edmto ocen\u011bn\u00edm pod\u011blil s cel\u00fdm t\u00fdmem, proto\u017ee to byla n\u00e1ro\u010dn\u00e1 sez\u00f3na pro n\u00e1s v\u0161echny.<\/p>\n\n\n\n<p><strong>Jak moc slo\u017eit\u00e9 pro tebe bylo s&nbsp;para hokejem v\u016fbec za\u010d\u00edt?<\/strong><\/p>\n\n\n\n<p>Pro m\u011b osobn\u011b to zas a\u017e tak t\u011b\u017ek\u00e9 nebylo. Po sv\u00e9 hokejov\u00e9 minulosti jsem v\u011bd\u011bl, \u017ee chci ur\u010dit\u011b para hokej vyzkou\u0161et, i kdy\u017e jsem v\u011bd\u011bl, \u017ee za\u010d\u00e1tek bude velice n\u00e1ro\u010dn\u00e9. I te\u010f je to st\u00e1le t\u011b\u017ek\u00e9, ale m\u011b moje okol\u00ed podporuje a dod\u00e1v\u00e1 mi s\u00edlu st\u00e1le se zlep\u0161ovat&#8230;ka\u017ed\u00fd nov\u00e1\u010dek m\u00e1 mo\u017enost si to osobn\u011b vyzkou\u0161et a podle m\u011b je ta prvn\u00ed zkou\u0161ka rozhodn\u011b nejt\u011b\u017e\u0161\u00ed. Tam se rozhodne, jestli bude cht\u00edt p\u0159ekon\u00e1vat v\u0161echny ty p\u00e1dy na led nebo z\u016fstat v pohodl\u00ed doma.&nbsp;<\/p>\n\n\n\n<p><strong>Je pro tebe te\u010f motivac\u00ed pro dal\u0161\u00ed pr\u00e1ci t\u0159eba i zisk Zlat\u00e9 hokejky?<\/strong><\/p>\n\n\n\n<p>Ur\u010dit\u011b, ale hlavn\u011b v&nbsp;tom, \u017ee na sob\u011b mus\u00edm st\u00e1le pracovat a st\u00e1le je co vylep\u0161ovat a zdokonalovat!<\/p>\n\n\n\n<p><strong>M\u00e1\u0161 n\u011bjak\u00fd dosavadn\u00ed nejsiln\u011bj\u0161\u00ed para hokejov\u00fd okam\u017eik?<\/strong><\/p>\n\n\n\n<p>Jeliko\u017e toho m\u00e1m odehr\u00e1no zat\u00edm velmi m\u00e1lo, tak to bylo ur\u010dit\u011b MS v&nbsp;Ostrav\u011b 2021. Kdy\u017e na to kouk\u00e1te v&nbsp;televizi jako j\u00e1 v&nbsp;roce 2019, kr\u00e1tce po amputaci, a pak to pro\u017e\u00edv\u00e1te osobn\u011b, se v\u0161emi spoluhr\u00e1\u010di na led\u011b, a kdy\u017e po posledn\u00edm z\u00e1pase zazn\u011bla sir\u00e9na a v\u011bd\u011bli jsme, \u017ee paralympi\u00e1da u\u017e n\u00e1m neute\u010de, tak to byl skv\u011bl\u00fd pocit.<\/p>\n\n\n\n<p><strong>Krom\u011b paralympi\u00e1dy, jak\u00e9 jsou te\u010f tv\u00e9 dal\u0161\u00ed sny, c\u00edle, para hokejov\u00e9 pl\u00e1ny?<\/strong><\/p>\n\n\n\n<p>Ur\u010dit\u011b se chci i nad\u00e1le udr\u017eet v n\u00e1rodn\u00edm t\u00fdmu a zlep\u0161ovat sv\u016fj v\u00fdkon, abych byl co nejv\u00edce n\u00e1pomocen k t\u00fdmov\u00e9mu \u00fasp\u011bchu. Hlavn\u00ed c\u00edl pro sez\u00f3nu m\u00e1m z\u016fstat zdrav\u00fd a p\u0159ipravit se maxim\u00e1ln\u011b na paralympi\u00e1du v&nbsp;Pekingu 2022.<\/p>\n\n\n\n<figure class=\"wp-block-embed is-type-video is-provider-youtube wp-block-embed-youtube wp-embed-aspect-16-9 wp-has-aspect-ratio\"><div class=\"wp-block-embed__wrapper\">\n<iframe title=\"PARA Stories: Radek Zelinka [CZ\/ENG Sub]\" width=\"800\" height=\"450\" src=\"https:\/\/www.youtube.com\/embed\/kDhweltOa1c?feature=oembed\" frameborder=\"0\" allow=\"accelerometer; autoplay; clipboard-write; encrypted-media; gyroscope; picture-in-picture\" allowfullscreen><\/iframe>\n<\/div><\/figure>\n\n\n\n<p class=\"has-text-align-right\">Text: Zuzana Glacov\u00e1<br>Foto, video: \u010cesk\u00fd para hokej<\/p>\n","protected":false},"excerpt":{"rendered":"<p>Rok v dresu&nbsp;\u010desk\u00e9&nbsp;para hokejov\u00e9&nbsp;reprezentace a hned tak v\u00fdznamn\u00e9&nbsp;ocen\u011bn\u00ed. Radek Zelinka za\u017e\u00edv\u00e1&nbsp;u n\u00e1rodn\u00edho t\u00fdmu raketov\u00fd&nbsp;start. Na MS v para hokeji Ostrava 2021 dal sv\u016fj prvn\u00ed, ale velmi d\u016fle\u017eit\u00fd&nbsp;reprezenta\u010dn\u00ed&nbsp;g\u00f3l. Dnes byl v r\u00e1mci slavnostn\u00edho ve\u010dera&nbsp;vyhl\u00e1\u0161en para hokejistou roku 2021 v&nbsp;r\u00e1mci presti\u017en\u00ed ankety Zlat\u00e1 hokejka! Za\u010d\u00e1tky jsou pro ka\u017ed\u00e9ho para hokejistu velmi n\u00e1ro\u010dn\u00e9. Hr\u00e1\u010di se musej\u00ed sm\u00ed\u0159it se [&hellip;]<\/p>\n","protected":false},"author":4,"featured_media":11734,"comment_status":"open","ping_status":"open","sticky":false,"template":"","format":"standard","meta":{"_acf_changed":false,"inline_featured_image":false,"footnotes":""},"categories":[11],"tags":[],"class_list":["post-12583","post","type-post","status-publish","format-standard","has-post-thumbnail","hentry","category-repre"],"acf":[],"_links":{"self":[{"href":"https:\/\/parahockey.cz\/en\/wp-json\/wp\/v2\/posts\/12583","targetHints":{"allow":["GET"]}}],"collection":[{"href":"https:\/\/parahockey.cz\/en\/wp-json\/wp\/v2\/posts"}],"about":[{"href":"https:\/\/parahockey.cz\/en\/wp-json\/wp\/v2\/types\/post"}],"author":[{"embeddable":true,"href":"https:\/\/parahockey.cz\/en\/wp-json\/wp\/v2\/users\/4"}],"replies":[{"embeddable":true,"href":"https:\/\/parahockey.cz\/en\/wp-json\/wp\/v2\/comments?post=12583"}],"version-history":[{"count":2,"href":"https:\/\/parahockey.cz\/en\/wp-json\/wp\/v2\/posts\/12583\/revisions"}],"predecessor-version":[{"id":17766,"href":"https:\/\/parahockey.cz\/en\/wp-json\/wp\/v2\/posts\/12583\/revisions\/17766"}],"wp:featuredmedia":[{"embeddable":true,"href":"https:\/\/parahockey.cz\/en\/wp-json\/wp\/v2\/media\/11734"}],"wp:attachment":[{"href":"https:\/\/parahockey.cz\/en\/wp-json\/wp\/v2\/media?parent=12583"}],"wp:term":[{"taxonomy":"category","embeddable":true,"href":"https:\/\/parahockey.cz\/en\/wp-json\/wp\/v2\/categories?post=12583"},{"taxonomy":"post_tag","embeddable":true,"href":"https:\/\/parahockey.cz\/en\/wp-json\/wp\/v2\/tags?post=12583"}],"curies":[{"name":"wp","href":"https:\/\/api.w.org\/{rel}","templated":true}]}}