{"id":13098,"date":"2021-11-24T15:14:45","date_gmt":"2021-11-24T14:14:45","guid":{"rendered":"https:\/\/parahockey.cz\/?p=13098"},"modified":"2022-01-05T10:40:09","modified_gmt":"2022-01-05T09:40:09","slug":"do-paralympiady-v-pekingu-zbyva-100-dni","status":"publish","type":"post","link":"https:\/\/parahockey.cz\/en\/repre\/do-paralympiady-v-pekingu-zbyva-100-dni\/","title":{"rendered":"Do paralympi\u00e1dy v Pekingu zb\u00fdv\u00e1 100 dn\u00ed"},"content":{"rendered":"\n<p class=\"has-text-align-center\"><strong>Nejlep\u0161\u00ed paralympij\u0161t\u00ed sportovci z&nbsp;cel\u00e9ho sv\u011bta fini\u0161uj\u00ed svou formu. Zimn\u00ed paralympijsk\u00e9 hry Peking 2022 za\u010d\u00ednaj\u00ed 4. b\u0159ezna a \u010de\u0161t\u00ed para hokejist\u00e9 u toho nebudou chyb\u011bt! Aktu\u00e1ln\u011b se sv\u011b\u0159enci tren\u00e9ra Ji\u0159\u00edho B\u0159\u00edzy p\u0159ipravuj\u00ed na led\u011b v&nbsp;Pod\u011bbradech. P\u0159ed paralympi\u00e1dou je \u010dek\u00e1 tak\u00e9 p\u0159\u00edpravn\u00fd turnaj v&nbsp;Ostrav\u011b \u2013 International Para Hockey Cup, kter\u00fd m\u00e1 prov\u011b\u0159it p\u0159ipravenost \u010desk\u00e9 reprezentace.<\/strong><\/p>\n\n\n\n<p>Na vrchol sez\u00f3ny se v&nbsp;k\u00e1dru \u010desk\u00e9 para hokejov\u00e9 reprezentace p\u0159ipravuje \u0161estn\u00e1ct hr\u00e1\u010d\u016f. Zat\u00edmco ti zku\u0161en\u011bj\u0161\u00ed maj\u00ed za sebou u\u017e n\u011bkolik paralympi\u00e1d, pro mnoh\u00e9 nov\u00e9 hr\u00e1\u010de v t\u00fdmu to bude v\u016fbec poprv\u00e9, kdy budou v&nbsp;n\u00e1rodn\u00edm dresu bojovat pod p\u011bti kruhy. Reprezentace zat\u00edm lad\u00ed formu v&nbsp;r\u00e1mci pravideln\u00fdch kemp\u016f. Cel\u00fd t\u00fdm te\u010f op\u011bt sleduje v\u00fdvoj koronavirov\u00e9 situace nejen v&nbsp;\u010cesku, ale i ve sv\u011bt\u011b. <em>\u201eZa\u010d\u00edn\u00e1me b\u00fdt nerv\u00f3zn\u00ed ohledn\u011b mo\u017en\u00fdch nov\u00fdch opat\u0159en\u00ed, zda se dostaneme dal\u0161\u00ed t\u00fdden v\u016fbec na led. Pro n\u00e1s je tak\u00e9 velmi d\u016fle\u017eit\u00fd turnaj v&nbsp;Ostrav\u011b, proto\u017ee v&nbsp;podstat\u011b nem\u00e1me jinou mo\u017enost si ov\u011b\u0159it sehranost t\u00fdmu mimo tr\u00e9ninky,\u201c<\/em> \u0159ekl <strong>hlavn\u00ed<\/strong> <strong>tren\u00e9r \u010desk\u00e9 para hokejov\u00e9 reprezentace Ji\u0159\u00ed B\u0159\u00edza<\/strong>. <em>\u201ePokud budeme moci hr\u00e1t s&nbsp;t\u011bmi nejlep\u0161\u00edmi t\u00fdmy sv\u011bta, tak je to pro n\u00e1s opravdu nejvy\u0161\u0161\u00ed mo\u017en\u00e1 dimenze ostr\u00e9 p\u0159\u00edpravy na paralympi\u00e1du,\u201c<\/em> dodal <strong>B\u0159\u00edza<\/strong>.&nbsp;<\/p>\n\n\n\n<figure class=\"wp-block-embed is-type-video is-provider-youtube wp-block-embed-youtube wp-embed-aspect-16-9 wp-has-aspect-ratio\"><div class=\"wp-block-embed__wrapper\">\n<iframe title=\"International Para Hockey Cup 2021 se bl\u00ed\u017e\u00ed!\" width=\"800\" height=\"450\" src=\"https:\/\/www.youtube.com\/embed\/bk2JXw0kq28?feature=oembed\" frameborder=\"0\" allow=\"accelerometer; autoplay; clipboard-write; encrypted-media; gyroscope; picture-in-picture\" allowfullscreen><\/iframe>\n<\/div><\/figure>\n\n\n\n<h2 class=\"wp-block-heading\">Zku\u0161enost vs. drav\u00e9 ml\u00e1d\u00ed v&nbsp;\u010desk\u00fdm t\u00fdmu<\/h2>\n\n\n\n<p>U\u017e na ostravsk\u00e9m turnaji<a href=\"https:\/\/parahockey.cz\/para-akce\/iph\/\"> International Para Hockey Cup<\/a>, na kter\u00fd krom\u011b \u010desk\u00e9ho t\u00fdmu p\u0159ijedou para hokejist\u00e9 Spojen\u00fdch st\u00e1t\u016f americk\u00fdch, Kanady a Ruska, chce realiza\u010dn\u00ed t\u00fdm z\u00faro\u010dit intenzivn\u00ed taktickou p\u0159\u00edpravu reprezentace i propojen\u00ed zku\u0161en\u00fdch hr\u00e1\u010d\u016f s&nbsp;nov\u00e1\u010dky v&nbsp;t\u00fdmu. <em>\u201eMlad\u00ed n\u00e1m velmi rychle rostou, jejich zku\u0161enosti a dovednosti tak\u00e9. Douf\u00e1me, \u017ee pr\u00e1v\u011b v Ostrav\u011b si i my jako\u017eto realiza\u010dn\u00ed t\u00fdm budeme moci prov\u011b\u0159it, jak na tom jsou tito hr\u00e1\u010di hern\u011b, v&nbsp;z\u00e1pasov\u00e9m zat\u00ed\u017een\u00ed,\u201c <\/em>\u0159ekl <strong>tren\u00e9r Ji\u0159\u00ed B\u0159\u00edza<\/strong>. Nejen \u010de\u0161t\u00ed para hokejist\u00e9 p\u0159itom \u010dekaj\u00ed na to, kdo dopln\u00ed u\u017e \u0161estici jist\u00fdch postupuj\u00edc\u00edch na paralympi\u00e1du.&nbsp;<\/p>\n\n\n\n<h2 class=\"wp-block-heading\">N\u011bmeck\u00fd turnaj bez jasn\u00e9ho favorita<\/h2>\n\n\n\n<p>Zat\u00edmco \u010de\u0161t\u00ed para hokejist\u00e9 si vybojovali spole\u010dn\u011b s&nbsp;t\u00fdmy USA, Kanady, Ruska a Ji\u017en\u00ed Koreje postup na paralympi\u00e1du na mistrovstv\u00ed sv\u011bta v&nbsp;Ostrav\u011b letos na ja\u0159e, o posledn\u00ed dv\u011b postupov\u00e1 m\u00edsta bude sv\u00e1d\u011bt boj dal\u0161\u00edch \u0161est t\u00fdm\u016f na <a href=\"https:\/\/www.paralympic.org\/news\/berlin-host-beijing-2022-winter-paralympics-qualification-tournament\" target=\"_blank\" rel=\"noopener\">kvalifika\u010dn\u00edm turnaji v&nbsp;Berl\u00edn\u011b,<\/a> kter\u00fd startuje u\u017e tento p\u00e1tek. Na turnaji, kter\u00fd se hraje syst\u00e9mem ka\u017ed\u00fd s&nbsp;ka\u017ed\u00fdm, budou proti sob\u011b bojoval para hokejist\u00e9 Norska, It\u00e1lie, Slovenska, N\u011bmecka, \u0160v\u00e9dska a Japonska. <em>\u201eBude to velmi vyrovnan\u00fd turnaj a budou rozhodovat mali\u010dkosti. Bude to boj do posledn\u00ed minuty z\u00e1pas\u016f, rozhodnou mo\u017en\u00e1 \u010dasto a\u017e prodlou\u017een\u00ed i n\u00e1jezdy. Za m\u011b turnaj nem\u00e1 jasn\u00e9ho favorita,\u201c <\/em>odhadoval <strong>Ji\u0159\u00ed B\u0159\u00edza<\/strong>. <em>\u201eSamoz\u0159ejm\u011b, velmi dob\u0159e bude p\u0159ipraven\u00e9 dom\u00e1c\u00ed N\u011bmecko, nav\u00edc zn\u00e1 stadion, na kter\u00e9m se bude hr\u00e1t, to jim d\u00e1v\u00e1 velk\u00e9 \u0161ance. Kdyby m\u011bly rozhodovat osobn\u00ed sympatie, tak bychom postup na paralympi\u00e1du p\u0159\u00e1li Slov\u00e1k\u016fm,\u201c<\/em> \u0159ekl<strong> kou\u010d \u010desk\u00e9 para hokejov\u00e9 reprezentace B\u0159\u00edza<\/strong>. <\/p>\n\n\n\n<figure class=\"wp-block-image size-large\"><img fetchpriority=\"high\" decoding=\"async\" width=\"1024\" height=\"637\" src=\"https:\/\/parahockey.cz\/wp-content\/uploads\/2021\/11\/51490576043_747d944c57_c-1024x637.jpg\" alt=\"\" class=\"wp-image-13099\" srcset=\"https:\/\/parahockey.cz\/wp-content\/uploads\/2021\/11\/51490576043_747d944c57_c-1024x637.jpg 1024w, https:\/\/parahockey.cz\/wp-content\/uploads\/2021\/11\/51490576043_747d944c57_c-300x187.jpg 300w, https:\/\/parahockey.cz\/wp-content\/uploads\/2021\/11\/51490576043_747d944c57_c-768x477.jpg 768w, https:\/\/parahockey.cz\/wp-content\/uploads\/2021\/11\/51490576043_747d944c57_c-128x80.jpg 128w, https:\/\/parahockey.cz\/wp-content\/uploads\/2021\/11\/51490576043_747d944c57_c-32x20.jpg 32w, https:\/\/parahockey.cz\/wp-content\/uploads\/2021\/11\/51490576043_747d944c57_c.jpg 1200w\" sizes=\"(max-width: 1024px) 100vw, 1024px\" \/><figcaption>Posledn\u00ed p\u0159\u00edle\u017eitost kvalifikovat se na paralympi\u00e1du v Pekingu m\u00e1 \u0161est t\u00fdm\u016f na turnaji v Berl\u00edn\u011b<\/figcaption><\/figure>\n\n\n\n<p>Krom\u011b dal\u0161\u00edch dvou postupuj\u00edc\u00edch z Berl\u00edna m\u00e1 start na<a href=\"https:\/\/www.beijing2022.cn\/en\/paralympics.htm\" target=\"_blank\" rel=\"noopener\"> XIII. Zimn\u00ed paralympijsk\u00e9 hry Peking 2022<\/a> jist\u00fd tak\u00e9 dom\u00e1c\u00ed celek \u010c\u00edny, kter\u00fd sv\u00e9 m\u00edsto z\u00edsk\u00e1v\u00e1 jako\u017eto hostitelsk\u00e1 zem\u011b automaticky.<\/p>\n\n\n\n<p class=\"has-text-align-right\">Text: Zuzana Glacov\u00e1<br>Foto: \u010cesk\u00fd para hokej\/ World Para Ice Hockey<\/p>\n","protected":false},"excerpt":{"rendered":"<p>Nejlep\u0161\u00ed paralympij\u0161t\u00ed sportovci z&nbsp;cel\u00e9ho sv\u011bta fini\u0161uj\u00ed svou formu. Zimn\u00ed paralympijsk\u00e9 hry Peking 2022 za\u010d\u00ednaj\u00ed 4. b\u0159ezna a \u010de\u0161t\u00ed para hokejist\u00e9 u toho nebudou chyb\u011bt! Aktu\u00e1ln\u011b se sv\u011b\u0159enci tren\u00e9ra Ji\u0159\u00edho B\u0159\u00edzy p\u0159ipravuj\u00ed na led\u011b v&nbsp;Pod\u011bbradech. P\u0159ed paralympi\u00e1dou je \u010dek\u00e1 tak\u00e9 p\u0159\u00edpravn\u00fd turnaj v&nbsp;Ostrav\u011b \u2013 International Para Hockey Cup, kter\u00fd m\u00e1 prov\u011b\u0159it p\u0159ipravenost \u010desk\u00e9 reprezentace. Na vrchol [&hellip;]<\/p>\n","protected":false},"author":4,"featured_media":13102,"comment_status":"open","ping_status":"open","sticky":false,"template":"","format":"standard","meta":{"_acf_changed":false,"inline_featured_image":false,"footnotes":""},"categories":[11],"tags":[],"class_list":["post-13098","post","type-post","status-publish","format-standard","has-post-thumbnail","hentry","category-repre"],"acf":[],"_links":{"self":[{"href":"https:\/\/parahockey.cz\/en\/wp-json\/wp\/v2\/posts\/13098","targetHints":{"allow":["GET"]}}],"collection":[{"href":"https:\/\/parahockey.cz\/en\/wp-json\/wp\/v2\/posts"}],"about":[{"href":"https:\/\/parahockey.cz\/en\/wp-json\/wp\/v2\/types\/post"}],"author":[{"embeddable":true,"href":"https:\/\/parahockey.cz\/en\/wp-json\/wp\/v2\/users\/4"}],"replies":[{"embeddable":true,"href":"https:\/\/parahockey.cz\/en\/wp-json\/wp\/v2\/comments?post=13098"}],"version-history":[{"count":3,"href":"https:\/\/parahockey.cz\/en\/wp-json\/wp\/v2\/posts\/13098\/revisions"}],"predecessor-version":[{"id":14402,"href":"https:\/\/parahockey.cz\/en\/wp-json\/wp\/v2\/posts\/13098\/revisions\/14402"}],"wp:featuredmedia":[{"embeddable":true,"href":"https:\/\/parahockey.cz\/en\/wp-json\/wp\/v2\/media\/13102"}],"wp:attachment":[{"href":"https:\/\/parahockey.cz\/en\/wp-json\/wp\/v2\/media?parent=13098"}],"wp:term":[{"taxonomy":"category","embeddable":true,"href":"https:\/\/parahockey.cz\/en\/wp-json\/wp\/v2\/categories?post=13098"},{"taxonomy":"post_tag","embeddable":true,"href":"https:\/\/parahockey.cz\/en\/wp-json\/wp\/v2\/tags?post=13098"}],"curies":[{"name":"wp","href":"https:\/\/api.w.org\/{rel}","templated":true}]}}