{"id":14581,"date":"2022-02-07T13:37:20","date_gmt":"2022-02-07T12:37:20","guid":{"rendered":"https:\/\/parahockey.cz\/uncategorized\/para-hockey-matadors-and-five-newcomers-a-total-of-seventeen-players-will-fly-to-beijing\/"},"modified":"2022-02-07T13:56:18","modified_gmt":"2022-02-07T12:56:18","slug":"para-hockey-matadors-and-five-newcomers-a-total-of-seventeen-players-will-fly-to-beijing","status":"publish","type":"post","link":"https:\/\/parahockey.cz\/en\/news\/para-hockey-matadors-and-five-newcomers-a-total-of-seventeen-players-will-fly-to-beijing\/","title":{"rendered":"Para hockey matadors and five newcomers! A total of seventeen players will fly to Beijing"},"content":{"rendered":"\n<p class=\"has-text-align-center\"><strong>At today\u2019s press briefing, the Czech national para hockey team published a completed team roaster for the Beijing 2022 Winter Paralympic Games. Out of all the players, David Moty\u010dka was the only player to drop out of the stable line-up, who is awaiting surgery due to a current injured shoulder. The team will be led not only by the experienced captain Pavel Kube\u0161, for whom it will be his fourth participation at the Paralympics, but also by the head coach of the national team Jakub Novotn\u00fd.<\/strong><\/p>\n\n<p>For Czech para hockey, this is the fourth participation in a row in this most prestigious tournament. The Beijing Paralympics begin on the 4<sup>th<\/sup> of March 2022, however the whole team will be training in the so-called bubble from next week. In addition, due to the strict rules set by the organizers of the Paralympics, coach Ji\u0159\u00ed B\u0159\u00edza will not travel with the team and left the position of head coach to Jakub Novotn\u00fd. <em>&#8220;It&#8217;s a decision I&#8217;ve made known to the team over the summer. I&#8217;m not vaccinated but it doesn&#8217;t affect the team. We are preparing in this way for a long time, conceptually, and I believe that the players will do their best in Beijing under the coaching supervision of the duo Szturc and Novotn\u00fd, \u201c<\/em>said <strong>Ji\u0159\u00ed B\u0159\u00edza<\/strong>. <em>&#8220;Nothing has changed for us. We still work the same way. The system we have in place with Jirka works well. He always has let us talk to the team before the match and during training, so not much will or has changed for the boys, &#8220;<\/em>said <strong>the head coach of the Czech para hockey team, Jakub Novotn\u00fd<\/strong>. Czech para hockey thus gives an opportunity not only to new players, but also to young coaches and so continues the successful development of this sport in our country.<\/p>\n\n<figure class=\"wp-block-image size-large\"><img fetchpriority=\"high\" decoding=\"async\" width=\"768\" height=\"1024\" src=\"https:\/\/parahockey.cz\/wp-content\/uploads\/2022\/02\/IMG_1478-768x1024.jpg\" alt=\"\" class=\"wp-image-14571\" srcset=\"https:\/\/parahockey.cz\/wp-content\/uploads\/2022\/02\/IMG_1478-768x1024.jpg 768w, https:\/\/parahockey.cz\/wp-content\/uploads\/2022\/02\/IMG_1478-225x300.jpg 225w, https:\/\/parahockey.cz\/wp-content\/uploads\/2022\/02\/IMG_1478-1152x1536.jpg 1152w, https:\/\/parahockey.cz\/wp-content\/uploads\/2022\/02\/IMG_1478-rotated.jpg 1512w\" sizes=\"(max-width: 768px) 100vw, 768px\" \/><figcaption>Head coach of the Czech para hockey team Jakub Novotn\u00fd<\/figcaption><\/figure>\n<h2 class=\"wp-block-heading\">Newcomers come eagerly flying for the fight for medals<\/h2>\n\n<p>There are a total of five new names on the roaster. Radek Zelinka and V\u00e1clav He\u010dko joined the team only a short while after the successful Para Hockey World Championships in Ostrava 2019. And what more, Patrik Sedl\u00e1\u010dek even started playing para hockey only a year ago. However, their player potential managed to get them directly on the roster for the Paralympics. On the other hand, the other two young players, Alex Ohar and Filip Vesel\u00fd, have been playing para hockey since childhood but only now thanks to their age, can they fight on the ice in international tournaments. Nonetheless, it will also be the first Paralympics for regulars Miroslav Novotn\u00fd and Jan Frol\u00edk, who did not fit the roster four years ago. <em>\u201cThere is a cheerful mood in the locker room, there may be a little nervousness, but at the same time we\u2019re enjoying it, it is a big hockey tournament, kind of a sports national holiday for everyone. Everyone is just praying that we will fly there in good health, &#8220;<\/em>commented <strong>the captain of the Czech national team Pavel Kube\u0161<\/strong>, about the atmosphere in the team.<\/p>\n\n<figure class=\"wp-block-image size-large\"><img decoding=\"async\" width=\"1024\" height=\"576\" src=\"https:\/\/parahockey.cz\/wp-content\/uploads\/2022\/02\/Nominace-repre-1080x1920px-1024x576.png\" alt=\"\" class=\"wp-image-14559\" srcset=\"https:\/\/parahockey.cz\/wp-content\/uploads\/2022\/02\/Nominace-repre-1080x1920px-1024x576.png 1024w, https:\/\/parahockey.cz\/wp-content\/uploads\/2022\/02\/Nominace-repre-1080x1920px-300x169.png 300w, https:\/\/parahockey.cz\/wp-content\/uploads\/2022\/02\/Nominace-repre-1080x1920px-768x432.png 768w, https:\/\/parahockey.cz\/wp-content\/uploads\/2022\/02\/Nominace-repre-1080x1920px-1536x864.png 1536w, https:\/\/parahockey.cz\/wp-content\/uploads\/2022\/02\/Nominace-repre-1080x1920px.png 1920w\" sizes=\"(max-width: 1024px) 100vw, 1024px\" \/><\/figure>\n<h2 class=\"wp-block-heading\">The Bubble, restrictions and recent workouts<\/h2>\n\n<p>From next week, the team will be training at the Pod\u011bbrady Winter Stadium in a bubble, in which it will continue training until the 24<sup>th<\/sup> of February, when the team will fly to China together. <em>&#8220;Our entire preparation was somehow marked by Covid. Unfortunately, in our national team, the roster is not as wide as in \u201chealthy\u201d hockey, and so we can&#8217;t afford for anyone to drop out of our team, hence we would also like to thank the para hockey league that we managed to agree to move their peak season, the super finals are moved after the Paralympics and thus we can continue to operate as cautiously within the national team, &#8220;<\/em>added <strong>assistant head coach Jan Szturc<\/strong>.<em>&#8220;The whole expedition departs together on the 24<sup>th<\/sup> of March through Amsterdam. It was not easy to get tickets at all, because only two so-called \u201chubs\u201d were created for the departure to China, but the airline really assisted us and we hope that we will all fly together to Beijing without having any Covid problems, &#8220;<\/em>said <strong>Jaroslava Krakovi\u010dov\u00e1 on behalf of the Czech Paralympic Committee.<\/strong><\/p>\n\n<figure class=\"wp-block-gallery columns-3 is-cropped wp-block-gallery-1 is-layout-flex wp-block-gallery-is-layout-flex\"><ul class=\"blocks-gallery-grid\"><li class=\"blocks-gallery-item\"><figure><img decoding=\"async\" width=\"768\" height=\"1024\" src=\"https:\/\/parahockey.cz\/wp-content\/uploads\/2022\/02\/6a866f85-4053-4f65-91c6-9a670998eea4.jpg\" alt=\"\" data-id=\"14563\" data-full-url=\"https:\/\/parahockey.cz\/wp-content\/uploads\/2022\/02\/6a866f85-4053-4f65-91c6-9a670998eea4.jpg\" data-link=\"https:\/\/parahockey.cz\/?attachment_id=14563\" class=\"wp-image-14563\" srcset=\"https:\/\/parahockey.cz\/wp-content\/uploads\/2022\/02\/6a866f85-4053-4f65-91c6-9a670998eea4.jpg 768w, https:\/\/parahockey.cz\/wp-content\/uploads\/2022\/02\/6a866f85-4053-4f65-91c6-9a670998eea4-225x300.jpg 225w\" sizes=\"(max-width: 768px) 100vw, 768px\" \/><\/figure><\/li><li class=\"blocks-gallery-item\"><figure><img loading=\"lazy\" decoding=\"async\" width=\"768\" height=\"1024\" src=\"https:\/\/parahockey.cz\/wp-content\/uploads\/2022\/02\/IMG_1511-768x1024.jpg\" alt=\"\" data-id=\"14565\" data-full-url=\"https:\/\/parahockey.cz\/wp-content\/uploads\/2022\/02\/IMG_1511.jpg\" data-link=\"https:\/\/parahockey.cz\/?attachment_id=14565\" class=\"wp-image-14565\" srcset=\"https:\/\/parahockey.cz\/wp-content\/uploads\/2022\/02\/IMG_1511-768x1024.jpg 768w, https:\/\/parahockey.cz\/wp-content\/uploads\/2022\/02\/IMG_1511-225x300.jpg 225w, https:\/\/parahockey.cz\/wp-content\/uploads\/2022\/02\/IMG_1511-1152x1536.jpg 1152w, https:\/\/parahockey.cz\/wp-content\/uploads\/2022\/02\/IMG_1511.jpg 1512w\" sizes=\"(max-width: 768px) 100vw, 768px\" \/><\/figure><\/li><li class=\"blocks-gallery-item\"><figure><img loading=\"lazy\" decoding=\"async\" width=\"768\" height=\"1024\" src=\"https:\/\/parahockey.cz\/wp-content\/uploads\/2022\/02\/IMG_1513-768x1024.jpg\" alt=\"\" data-id=\"14567\" data-full-url=\"https:\/\/parahockey.cz\/wp-content\/uploads\/2022\/02\/IMG_1513-rotated.jpg\" data-link=\"https:\/\/parahockey.cz\/?attachment_id=14567\" class=\"wp-image-14567\" srcset=\"https:\/\/parahockey.cz\/wp-content\/uploads\/2022\/02\/IMG_1513-768x1024.jpg 768w, https:\/\/parahockey.cz\/wp-content\/uploads\/2022\/02\/IMG_1513-225x300.jpg 225w, https:\/\/parahockey.cz\/wp-content\/uploads\/2022\/02\/IMG_1513-1152x1536.jpg 1152w, https:\/\/parahockey.cz\/wp-content\/uploads\/2022\/02\/IMG_1513-rotated.jpg 1512w\" sizes=\"(max-width: 768px) 100vw, 768px\" \/><\/figure><\/li><li class=\"blocks-gallery-item\"><figure><img loading=\"lazy\" decoding=\"async\" width=\"902\" height=\"456\" src=\"https:\/\/parahockey.cz\/wp-content\/uploads\/2022\/02\/WhatsApp-Image-2022-02-02-at-19.00.33.jpeg\" alt=\"\" data-id=\"14569\" data-full-url=\"https:\/\/parahockey.cz\/wp-content\/uploads\/2022\/02\/WhatsApp-Image-2022-02-02-at-19.00.33.jpeg\" data-link=\"https:\/\/parahockey.cz\/?attachment_id=14569\" class=\"wp-image-14569\" srcset=\"https:\/\/parahockey.cz\/wp-content\/uploads\/2022\/02\/WhatsApp-Image-2022-02-02-at-19.00.33.jpeg 902w, https:\/\/parahockey.cz\/wp-content\/uploads\/2022\/02\/WhatsApp-Image-2022-02-02-at-19.00.33-300x152.jpeg 300w, https:\/\/parahockey.cz\/wp-content\/uploads\/2022\/02\/WhatsApp-Image-2022-02-02-at-19.00.33-768x388.jpeg 768w\" sizes=\"(max-width: 902px) 100vw, 902px\" \/><\/figure><\/li><\/ul><figcaption class=\"blocks-gallery-caption\">17 players and a 7 staff team fly to Beijing<\/figcaption><\/figure>\n<p><\/p>\n\n<h2 class=\"wp-block-heading\">Old familiarities and the great unknown<\/h2>\n\n<p>The Czech team will play their first match against Italy on the 5th of March. Then, within the group, it will also face para hockey players from Slovakia and home China, which is a big unknown for all teams. But the motivation of Czech para hockey players is clear! To get into more action and return the bitter loss from the Ostrava tournament in 2019, when the home team lost their medal in the match against South Korea.<\/p>\n\n<p><div>&#13;\n&#13;\n<span lang=\"EN-GB\">The recording of the entire briefing is now on the YouTube channel of Czech para hockey.<\/span>&#13;\n&#13;\n<\/div><\/p>\n\n<iframe title=\"Nominace pro ZPH Peking 2022 - tiskov\u00fd br\u00edfink\" width=\"800\" height=\"450\" src=\"https:\/\/www.youtube.com\/embed\/D1SrH0eXFn8?feature=oembed\" frameborder=\"0\" allow=\"accelerometer; autoplay; clipboard-write; encrypted-media; gyroscope; picture-in-picture\" allowfullscreen><\/iframe>\n\n<p class=\"has-text-align-right\">Text: Zuzana Glacov\u00e1<\/p>\n","protected":false},"excerpt":{"rendered":"<p>At today\u2019s press briefing, the Czech national para hockey team published a completed team roaster for the Beijing 2022 Winter Paralympic Games. Out of all the players, David Moty\u010dka was the only player to drop out of the stable line-up, who is awaiting surgery due to a current injured shoulder. The team will be led [&hellip;]<\/p>\n","protected":false},"author":4,"featured_media":14562,"comment_status":"open","ping_status":"open","sticky":false,"template":"","format":"standard","meta":{"_acf_changed":false,"inline_featured_image":false,"footnotes":""},"categories":[32],"tags":[],"class_list":["post-14581","post","type-post","status-publish","format-standard","has-post-thumbnail","hentry","category-news"],"acf":[],"_links":{"self":[{"href":"https:\/\/parahockey.cz\/en\/wp-json\/wp\/v2\/posts\/14581","targetHints":{"allow":["GET"]}}],"collection":[{"href":"https:\/\/parahockey.cz\/en\/wp-json\/wp\/v2\/posts"}],"about":[{"href":"https:\/\/parahockey.cz\/en\/wp-json\/wp\/v2\/types\/post"}],"author":[{"embeddable":true,"href":"https:\/\/parahockey.cz\/en\/wp-json\/wp\/v2\/users\/4"}],"replies":[{"embeddable":true,"href":"https:\/\/parahockey.cz\/en\/wp-json\/wp\/v2\/comments?post=14581"}],"version-history":[{"count":3,"href":"https:\/\/parahockey.cz\/en\/wp-json\/wp\/v2\/posts\/14581\/revisions"}],"predecessor-version":[{"id":14586,"href":"https:\/\/parahockey.cz\/en\/wp-json\/wp\/v2\/posts\/14581\/revisions\/14586"}],"wp:featuredmedia":[{"embeddable":true,"href":"https:\/\/parahockey.cz\/en\/wp-json\/wp\/v2\/media\/14562"}],"wp:attachment":[{"href":"https:\/\/parahockey.cz\/en\/wp-json\/wp\/v2\/media?parent=14581"}],"wp:term":[{"taxonomy":"category","embeddable":true,"href":"https:\/\/parahockey.cz\/en\/wp-json\/wp\/v2\/categories?post=14581"},{"taxonomy":"post_tag","embeddable":true,"href":"https:\/\/parahockey.cz\/en\/wp-json\/wp\/v2\/tags?post=14581"}],"curies":[{"name":"wp","href":"https:\/\/api.w.org\/{rel}","templated":true}]}}