{"id":17424,"date":"2022-11-01T11:20:12","date_gmt":"2022-11-01T10:20:12","guid":{"rendered":"https:\/\/parahockey.cz\/?p=17424"},"modified":"2022-11-01T12:46:19","modified_gmt":"2022-11-01T11:46:19","slug":"parahokejove-rozvojove-kempy-vyjizdeji-do-cele-republiky","status":"publish","type":"post","link":"https:\/\/parahockey.cz\/en\/aktuality\/parahokejovy-rozvojovy-kemp\/parahokejove-rozvojove-kempy-vyjizdeji-do-cele-republiky\/","title":{"rendered":"Parahokejov\u00e9 rozvojov\u00e9 kempy vyj\u00ed\u017ed\u011bj\u00ed do cel\u00e9 republiky"},"content":{"rendered":"\n<p class=\"has-text-align-center\"><strong>Vyzkou\u0161et si parahokej nebylo nikdy jednodu\u0161\u0161\u00ed! Parahokej hled\u00e1 nov\u00e9 talenty a vyr\u00e1\u017e\u00ed tak s&nbsp;kempy pro za\u010d\u00ednaj\u00edc\u00ed hr\u00e1\u010de do cel\u00e9 republiky. C\u00edlen\u011b do m\u011bst, kter\u00e1 nemaj\u00ed sv\u00e9 zastoupen\u00ed v&nbsp;\u010cesk\u00e9 para hokejov\u00e9 lize. Prvn\u00ed zast\u00e1vkou bude u\u017e p\u0159\u00ed\u0161t\u00ed t\u00fdden Kladno! Z\u00e1jemci dostanou ve\u0161ker\u00e9 pot\u0159ebn\u00e9 vybaven\u00ed k&nbsp;zap\u016fj\u010den\u00ed zdarma a v&nbsp;jejich prvn\u00edm sklouznut\u00ed je podpo\u0159\u00ed hned dv\u011b legendy Jarom\u00edr J\u00e1gr a Zden\u011bk Krupi\u010dka!<\/strong><\/p>\n\n\n\n<p>Parahokej m\u016f\u017ee hr\u00e1t ka\u017ed\u00fd a v\u00a0ka\u017ed\u00e9m v\u011bku. Sta\u010d\u00ed jen odhodl\u00e1n\u00ed si to vyzkou\u0161et. Odm\u011bnou je pro za\u010d\u00ednaj\u00edc\u00ed parahokejisty a parahokejistky nejen radost z\u00a0pohybu, lep\u0161\u00ed fyzick\u00e1 kondice, ale hlavn\u011b sd\u00edlen\u00ed spole\u010dn\u00fdch z\u00e1\u017eitk\u016f a nov\u00ed p\u0159\u00e1tel\u00e9! O za\u010d\u00ednaj\u00edc\u00ed hr\u00e1\u010de se na led\u011b v\u00a0r\u00e1mci Parahokejov\u00fdch rozvojov\u00fdch kemp\u016f bude starat zku\u0161en\u00fd t\u00fdm reprezenta\u010dn\u00edch tren\u00e9r\u016f, ale i kustod, kter\u00fd vybav\u00ed ka\u017ed\u00e9ho z\u00e1jemce pot\u0159ebnou v\u00fdstroj\u00ed. <em>\u201eCht\u011bli jsme co nejv\u00edce p\u0159ibl\u00ed\u017eit mo\u017enost vyzkou\u0161et si tento \u00fa\u017easn\u00fd sport dal\u0161\u00edm z\u00e1jemc\u016fm. Kempy zat\u00edm prob\u00edhaly v\u00a0Ostrav\u011b nebo Pod\u011bbradech, co\u017e je pro n\u011bkoho p\u0159eci jen daleko,\u201c<\/em> komentuje projekt pro parahokejov\u00e9 nov\u00e1\u010dky <strong>koordin\u00e1torka kemp\u016f Irena \u0160a\u0161kov\u00e1 z \u010cesk\u00e9ho para hokeje<\/strong>. <\/p>\n\n\n\n<figure class=\"wp-block-gallery has-nested-images columns-default is-cropped wp-block-gallery-1 is-layout-flex wp-block-gallery-is-layout-flex\">\n<figure class=\"wp-block-image size-large\"><a href=\"https:\/\/parahockey.cz\/wp-content\/uploads\/2022\/11\/foto_0064-NEF_DxO_DeepPRIME-scaled.jpg\"><img fetchpriority=\"high\" decoding=\"async\" width=\"1024\" height=\"681\" data-id=\"17439\" src=\"https:\/\/parahockey.cz\/wp-content\/uploads\/2022\/11\/foto_0064-NEF_DxO_DeepPRIME-1024x681.jpg\" alt=\"\" class=\"wp-image-17439\" srcset=\"https:\/\/parahockey.cz\/wp-content\/uploads\/2022\/11\/foto_0064-NEF_DxO_DeepPRIME-1024x681.jpg 1024w, https:\/\/parahockey.cz\/wp-content\/uploads\/2022\/11\/foto_0064-NEF_DxO_DeepPRIME-300x200.jpg 300w, https:\/\/parahockey.cz\/wp-content\/uploads\/2022\/11\/foto_0064-NEF_DxO_DeepPRIME-768x511.jpg 768w, https:\/\/parahockey.cz\/wp-content\/uploads\/2022\/11\/foto_0064-NEF_DxO_DeepPRIME-1536x1022.jpg 1536w, https:\/\/parahockey.cz\/wp-content\/uploads\/2022\/11\/foto_0064-NEF_DxO_DeepPRIME-scaled.jpg 1920w, https:\/\/parahockey.cz\/wp-content\/uploads\/2022\/11\/foto_0064-NEF_DxO_DeepPRIME-128x85.jpg 128w, https:\/\/parahockey.cz\/wp-content\/uploads\/2022\/11\/foto_0064-NEF_DxO_DeepPRIME-32x21.jpg 32w, https:\/\/parahockey.cz\/wp-content\/uploads\/2022\/11\/foto_0064-NEF_DxO_DeepPRIME-20x13.jpg 20w\" sizes=\"(max-width: 1024px) 100vw, 1024px\" \/><\/a><\/figure>\n\n\n\n<figure class=\"wp-block-image size-large\"><a href=\"https:\/\/parahockey.cz\/wp-content\/uploads\/2022\/11\/foto_0126-NEF_DxO_DeepPRIME-scaled.jpg\"><img decoding=\"async\" width=\"1024\" height=\"681\" data-id=\"17434\" src=\"https:\/\/parahockey.cz\/wp-content\/uploads\/2022\/11\/foto_0126-NEF_DxO_DeepPRIME-1024x681.jpg\" alt=\"\" class=\"wp-image-17434\" srcset=\"https:\/\/parahockey.cz\/wp-content\/uploads\/2022\/11\/foto_0126-NEF_DxO_DeepPRIME-1024x681.jpg 1024w, https:\/\/parahockey.cz\/wp-content\/uploads\/2022\/11\/foto_0126-NEF_DxO_DeepPRIME-300x200.jpg 300w, https:\/\/parahockey.cz\/wp-content\/uploads\/2022\/11\/foto_0126-NEF_DxO_DeepPRIME-768x511.jpg 768w, https:\/\/parahockey.cz\/wp-content\/uploads\/2022\/11\/foto_0126-NEF_DxO_DeepPRIME-1536x1022.jpg 1536w, https:\/\/parahockey.cz\/wp-content\/uploads\/2022\/11\/foto_0126-NEF_DxO_DeepPRIME-scaled.jpg 1920w, https:\/\/parahockey.cz\/wp-content\/uploads\/2022\/11\/foto_0126-NEF_DxO_DeepPRIME-128x85.jpg 128w, https:\/\/parahockey.cz\/wp-content\/uploads\/2022\/11\/foto_0126-NEF_DxO_DeepPRIME-32x21.jpg 32w, https:\/\/parahockey.cz\/wp-content\/uploads\/2022\/11\/foto_0126-NEF_DxO_DeepPRIME-20x13.jpg 20w\" sizes=\"(max-width: 1024px) 100vw, 1024px\" \/><\/a><\/figure>\n\n\n\n<figure class=\"wp-block-image size-large\"><a href=\"https:\/\/parahockey.cz\/wp-content\/uploads\/2022\/11\/foto_0330-NEF_DxO_DeepPRIME-scaled.jpg\"><img decoding=\"async\" width=\"1024\" height=\"681\" data-id=\"17437\" src=\"https:\/\/parahockey.cz\/wp-content\/uploads\/2022\/11\/foto_0330-NEF_DxO_DeepPRIME-1024x681.jpg\" alt=\"\" class=\"wp-image-17437\" srcset=\"https:\/\/parahockey.cz\/wp-content\/uploads\/2022\/11\/foto_0330-NEF_DxO_DeepPRIME-1024x681.jpg 1024w, https:\/\/parahockey.cz\/wp-content\/uploads\/2022\/11\/foto_0330-NEF_DxO_DeepPRIME-300x200.jpg 300w, https:\/\/parahockey.cz\/wp-content\/uploads\/2022\/11\/foto_0330-NEF_DxO_DeepPRIME-768x511.jpg 768w, https:\/\/parahockey.cz\/wp-content\/uploads\/2022\/11\/foto_0330-NEF_DxO_DeepPRIME-1536x1022.jpg 1536w, https:\/\/parahockey.cz\/wp-content\/uploads\/2022\/11\/foto_0330-NEF_DxO_DeepPRIME-scaled.jpg 1920w, https:\/\/parahockey.cz\/wp-content\/uploads\/2022\/11\/foto_0330-NEF_DxO_DeepPRIME-128x85.jpg 128w, https:\/\/parahockey.cz\/wp-content\/uploads\/2022\/11\/foto_0330-NEF_DxO_DeepPRIME-32x21.jpg 32w, https:\/\/parahockey.cz\/wp-content\/uploads\/2022\/11\/foto_0330-NEF_DxO_DeepPRIME-20x13.jpg 20w\" sizes=\"(max-width: 1024px) 100vw, 1024px\" \/><\/a><\/figure>\n\n\n\n<figure class=\"wp-block-image size-large\"><a href=\"https:\/\/parahockey.cz\/wp-content\/uploads\/2022\/11\/foto_0415-NEF_DxO_DeepPRIME-scaled.jpg\"><img loading=\"lazy\" decoding=\"async\" width=\"1024\" height=\"681\" data-id=\"17433\" src=\"https:\/\/parahockey.cz\/wp-content\/uploads\/2022\/11\/foto_0415-NEF_DxO_DeepPRIME-1024x681.jpg\" alt=\"\" class=\"wp-image-17433\" srcset=\"https:\/\/parahockey.cz\/wp-content\/uploads\/2022\/11\/foto_0415-NEF_DxO_DeepPRIME-1024x681.jpg 1024w, https:\/\/parahockey.cz\/wp-content\/uploads\/2022\/11\/foto_0415-NEF_DxO_DeepPRIME-300x200.jpg 300w, https:\/\/parahockey.cz\/wp-content\/uploads\/2022\/11\/foto_0415-NEF_DxO_DeepPRIME-768x511.jpg 768w, https:\/\/parahockey.cz\/wp-content\/uploads\/2022\/11\/foto_0415-NEF_DxO_DeepPRIME-1536x1022.jpg 1536w, https:\/\/parahockey.cz\/wp-content\/uploads\/2022\/11\/foto_0415-NEF_DxO_DeepPRIME-scaled.jpg 1920w, https:\/\/parahockey.cz\/wp-content\/uploads\/2022\/11\/foto_0415-NEF_DxO_DeepPRIME-128x85.jpg 128w, https:\/\/parahockey.cz\/wp-content\/uploads\/2022\/11\/foto_0415-NEF_DxO_DeepPRIME-32x21.jpg 32w, https:\/\/parahockey.cz\/wp-content\/uploads\/2022\/11\/foto_0415-NEF_DxO_DeepPRIME-20x13.jpg 20w\" sizes=\"(max-width: 1024px) 100vw, 1024px\" \/><\/a><\/figure>\n\n\n\n<figure class=\"wp-block-image size-large\"><a href=\"https:\/\/parahockey.cz\/wp-content\/uploads\/2022\/11\/KAB_2258-scaled.jpg\"><img loading=\"lazy\" decoding=\"async\" width=\"1024\" height=\"683\" data-id=\"17445\" src=\"https:\/\/parahockey.cz\/wp-content\/uploads\/2022\/11\/KAB_2258-1024x683.jpg\" alt=\"\" class=\"wp-image-17445\" srcset=\"https:\/\/parahockey.cz\/wp-content\/uploads\/2022\/11\/KAB_2258-1024x683.jpg 1024w, https:\/\/parahockey.cz\/wp-content\/uploads\/2022\/11\/KAB_2258-300x200.jpg 300w, https:\/\/parahockey.cz\/wp-content\/uploads\/2022\/11\/KAB_2258-768x512.jpg 768w, https:\/\/parahockey.cz\/wp-content\/uploads\/2022\/11\/KAB_2258-1536x1024.jpg 1536w, https:\/\/parahockey.cz\/wp-content\/uploads\/2022\/11\/KAB_2258-scaled.jpg 1920w, https:\/\/parahockey.cz\/wp-content\/uploads\/2022\/11\/KAB_2258-128x85.jpg 128w, https:\/\/parahockey.cz\/wp-content\/uploads\/2022\/11\/KAB_2258-32x21.jpg 32w, https:\/\/parahockey.cz\/wp-content\/uploads\/2022\/11\/KAB_2258-20x13.jpg 20w\" sizes=\"(max-width: 1024px) 100vw, 1024px\" \/><\/a><\/figure>\n\n\n\n<figure class=\"wp-block-image size-large\"><a href=\"https:\/\/parahockey.cz\/wp-content\/uploads\/2022\/11\/KAB_1785-scaled.jpg\"><img loading=\"lazy\" decoding=\"async\" width=\"1024\" height=\"683\" data-id=\"17443\" src=\"https:\/\/parahockey.cz\/wp-content\/uploads\/2022\/11\/KAB_1785-1024x683.jpg\" alt=\"\" class=\"wp-image-17443\" srcset=\"https:\/\/parahockey.cz\/wp-content\/uploads\/2022\/11\/KAB_1785-1024x683.jpg 1024w, https:\/\/parahockey.cz\/wp-content\/uploads\/2022\/11\/KAB_1785-300x200.jpg 300w, https:\/\/parahockey.cz\/wp-content\/uploads\/2022\/11\/KAB_1785-768x512.jpg 768w, https:\/\/parahockey.cz\/wp-content\/uploads\/2022\/11\/KAB_1785-1536x1024.jpg 1536w, https:\/\/parahockey.cz\/wp-content\/uploads\/2022\/11\/KAB_1785-scaled.jpg 1920w, https:\/\/parahockey.cz\/wp-content\/uploads\/2022\/11\/KAB_1785-128x85.jpg 128w, https:\/\/parahockey.cz\/wp-content\/uploads\/2022\/11\/KAB_1785-32x21.jpg 32w, https:\/\/parahockey.cz\/wp-content\/uploads\/2022\/11\/KAB_1785-20x13.jpg 20w\" sizes=\"(max-width: 1024px) 100vw, 1024px\" \/><\/a><\/figure>\n\n\n\n<figure class=\"wp-block-image size-large\"><a href=\"https:\/\/parahockey.cz\/wp-content\/uploads\/2022\/11\/KAB_1888-scaled.jpg\"><img loading=\"lazy\" decoding=\"async\" width=\"1024\" height=\"683\" data-id=\"17441\" src=\"https:\/\/parahockey.cz\/wp-content\/uploads\/2022\/11\/KAB_1888-1024x683.jpg\" alt=\"\" class=\"wp-image-17441\" srcset=\"https:\/\/parahockey.cz\/wp-content\/uploads\/2022\/11\/KAB_1888-1024x683.jpg 1024w, https:\/\/parahockey.cz\/wp-content\/uploads\/2022\/11\/KAB_1888-300x200.jpg 300w, https:\/\/parahockey.cz\/wp-content\/uploads\/2022\/11\/KAB_1888-768x512.jpg 768w, https:\/\/parahockey.cz\/wp-content\/uploads\/2022\/11\/KAB_1888-1536x1024.jpg 1536w, https:\/\/parahockey.cz\/wp-content\/uploads\/2022\/11\/KAB_1888-scaled.jpg 1920w, https:\/\/parahockey.cz\/wp-content\/uploads\/2022\/11\/KAB_1888-128x85.jpg 128w, https:\/\/parahockey.cz\/wp-content\/uploads\/2022\/11\/KAB_1888-32x21.jpg 32w, https:\/\/parahockey.cz\/wp-content\/uploads\/2022\/11\/KAB_1888-20x13.jpg 20w\" sizes=\"(max-width: 1024px) 100vw, 1024px\" \/><\/a><\/figure>\n\n\n\n<figure class=\"wp-block-image size-large\"><a href=\"https:\/\/parahockey.cz\/wp-content\/uploads\/2022\/11\/KAB_2120-scaled.jpg\"><img loading=\"lazy\" decoding=\"async\" width=\"1024\" height=\"683\" data-id=\"17447\" src=\"https:\/\/parahockey.cz\/wp-content\/uploads\/2022\/11\/KAB_2120-1024x683.jpg\" alt=\"\" class=\"wp-image-17447\" srcset=\"https:\/\/parahockey.cz\/wp-content\/uploads\/2022\/11\/KAB_2120-1024x683.jpg 1024w, https:\/\/parahockey.cz\/wp-content\/uploads\/2022\/11\/KAB_2120-300x200.jpg 300w, https:\/\/parahockey.cz\/wp-content\/uploads\/2022\/11\/KAB_2120-768x512.jpg 768w, https:\/\/parahockey.cz\/wp-content\/uploads\/2022\/11\/KAB_2120-1536x1024.jpg 1536w, https:\/\/parahockey.cz\/wp-content\/uploads\/2022\/11\/KAB_2120-scaled.jpg 1920w, https:\/\/parahockey.cz\/wp-content\/uploads\/2022\/11\/KAB_2120-128x85.jpg 128w, https:\/\/parahockey.cz\/wp-content\/uploads\/2022\/11\/KAB_2120-32x21.jpg 32w, https:\/\/parahockey.cz\/wp-content\/uploads\/2022\/11\/KAB_2120-20x13.jpg 20w\" sizes=\"(max-width: 1024px) 100vw, 1024px\" \/><\/a><\/figure>\n\n\n\n<figure class=\"wp-block-image size-large\"><a href=\"https:\/\/parahockey.cz\/wp-content\/uploads\/2022\/11\/KAB_2256-scaled.jpg\"><img loading=\"lazy\" decoding=\"async\" width=\"1024\" height=\"682\" data-id=\"17449\" src=\"https:\/\/parahockey.cz\/wp-content\/uploads\/2022\/11\/KAB_2256-1024x682.jpg\" alt=\"\" class=\"wp-image-17449\" srcset=\"https:\/\/parahockey.cz\/wp-content\/uploads\/2022\/11\/KAB_2256-1024x682.jpg 1024w, https:\/\/parahockey.cz\/wp-content\/uploads\/2022\/11\/KAB_2256-300x200.jpg 300w, https:\/\/parahockey.cz\/wp-content\/uploads\/2022\/11\/KAB_2256-768x511.jpg 768w, https:\/\/parahockey.cz\/wp-content\/uploads\/2022\/11\/KAB_2256-1536x1022.jpg 1536w, https:\/\/parahockey.cz\/wp-content\/uploads\/2022\/11\/KAB_2256-scaled.jpg 1920w, https:\/\/parahockey.cz\/wp-content\/uploads\/2022\/11\/KAB_2256-128x85.jpg 128w, https:\/\/parahockey.cz\/wp-content\/uploads\/2022\/11\/KAB_2256-32x21.jpg 32w, https:\/\/parahockey.cz\/wp-content\/uploads\/2022\/11\/KAB_2256-20x13.jpg 20w\" sizes=\"(max-width: 1024px) 100vw, 1024px\" \/><\/a><\/figure>\n<figcaption class=\"blocks-gallery-caption\">Parahokej si mohou vyzkou\u0161et v\u0161ichni, nez\u00e1le\u017e\u00ed na v\u011bku, pohlav\u00ed ani fyzick\u00e9 kondici.<\/figcaption><\/figure>\n\n\n\n<p>Od prvn\u00edho sklouznut\u00ed k&nbsp;mo\u017enosti reprezentovat \u010cesko v&nbsp;n\u00e1rodn\u00edm dresu p\u0159itom nevede ani tak dlouh\u00e1 cesta. Sv\u00e9 o tom v\u00ed t\u0159eba reprezenta\u010dn\u00ed \u00fato\u010dn\u00edk V\u00e1clav He\u010dko, kter\u00fd si parahokej na kempu vyzkou\u0161et a do roka u\u017e byl stabiln\u00ed sou\u010d\u00e1st\u00ed z\u00e1kladn\u00ed sestavy \u010desk\u00e9 parahokejov\u00e9 reprezentace. <em>\u201eParahokej dok\u00e1\u017ee zm\u011bnit cel\u00fd \u017eivot. J\u00e1 d\u00edky n\u011bmu na\u0161el nov\u00e9 p\u0159\u00e1tel\u00e9, sebejistotu, rodinu. Nejen\u017ee jsem na tom fyzicky neporovnateln\u011b l\u00e9pe, ale i psychicky. M\u00e1m \u00fapln\u011b jinou chu\u0165 do \u017eivota, tak\u017ee jsem i j\u00e1 p\u0159\u00edkladem toho, \u017ee fakt stoj\u00ed zato si parahokej vyzkou\u0161et,\u201c<\/em> hodnotil p\u0159\u00ednos kemp\u016f <strong>reprezentant V\u00e1clav He\u010dko<\/strong>.<\/p>\n\n\n\n<figure class=\"wp-block-embed is-type-video is-provider-youtube wp-block-embed-youtube wp-embed-aspect-16-9 wp-has-aspect-ratio\"><div class=\"wp-block-embed__wrapper\">\n<iframe title=\"Parahokejov\u00fd rozvojov\u00fd kemp\" width=\"800\" height=\"450\" src=\"https:\/\/www.youtube.com\/embed\/ben92PjCwd0?feature=oembed\" frameborder=\"0\" allow=\"accelerometer; autoplay; clipboard-write; encrypted-media; gyroscope; picture-in-picture\" allowfullscreen><\/iframe>\n<\/div><\/figure>\n\n\n\n<h2 class=\"wp-block-heading\">D\u016fle\u017eit\u00fd je pohyb, radost z&nbsp;n\u011bj a spole\u010dn\u00ed p\u0159\u00e1tel\u00e9<\/h2>\n\n\n\n<p>Ne ka\u017ed\u00fd m\u00e1 ale ambice dot\u00e1hnout to a\u017e do reprezenta\u010dn\u00edho dresu. Ambic\u00ed Parahokejov\u00fdch rozvojov\u00fdch kemp\u016f je hlavn\u011b nab\u00eddnout mo\u017enost radosti ze sportu pro co nejv\u00edce handicapovan\u00fdch d\u011bt\u00ed, ale i dosp\u011bl\u00fdch. S&nbsp;parahokejem toti\u017e m\u016f\u017eete za\u010d\u00edt v&nbsp;ka\u017ed\u00e9m v\u011bku. D\u016fle\u017eit\u00e9 je, aby ka\u017ed\u00fd m\u011bl mo\u017enost sportovat, bez ohledu na fyzickou kondici nebo zdravotn\u00ed stav. Pr\u00e1v\u011b v&nbsp;parahokejov\u00e9 kabin\u011b se toti\u017e \u010dasto tvo\u0159\u00ed siln\u00e1 p\u0159\u00e1telsk\u00e1 pouta, kter\u00e1 nemaj\u00ed mo\u017enost d\u011bti s&nbsp;handicapem jinde vytvo\u0159it. <em>\u201eNejv\u011bt\u0161\u00ed p\u0159\u00ednos pro ty d\u011bti je, \u017ee si m\u016f\u017eou u\u017e\u00edt atmosf\u00e9ru v&nbsp;kabin\u011b, pro\u017e\u00edv\u00e1n\u00ed sd\u00edlen\u00fdch emoc\u00ed. Pro ty za\u010d\u00ednaj\u00edc\u00ed hr\u00e1\u010de je to \u010dasto prvn\u00ed z\u00e1\u017eitek ze sportu nebo z&nbsp;kolektivn\u00edho sportu v\u016fbec, kter\u00fd tyto d\u011bti s&nbsp;handicapem mohou v\u016fbec absolvovat. A to je pro n\u00e1s d\u016fle\u017eit\u00e9, aby ty d\u011bti tu mo\u017enost v\u016fbec m\u011bly a u\u017eily si to,\u201c<\/em> \u0159ekl k&nbsp;p\u0159\u00ednosu kemp\u016f <strong>tren\u00e9r parahokejist\u016f Jan Szturc<\/strong>.<\/p>\n\n\n\n<h2 class=\"wp-block-heading\">Parahokej v&nbsp;Kladn\u011b, Liberci a dal\u0161\u00edch extraligov\u00fdch m\u011bstech<\/h2>\n\n\n\n<p>Mo\u017enost vyzkou\u0161et si s&nbsp;parahokejem maj\u00ed z\u00e1jemci samoz\u0159ejm\u011b v&nbsp;r\u00e1mci klub\u016f, kter\u00e9 hraj\u00ed tuzemskou \u010ceskou para hokejovou ligu. Ta se aktu\u00e1ln\u011b hraje v&nbsp;osmi m\u011bstech: Karlov\u00fdch Varech, Praze, \u010cesk\u00fdch Bud\u011bjovic\u00edch, Pardubic\u00edch, Olomouci, Zl\u00edn\u011b, Ostrav\u011b a Hav\u00ed\u0159ov\u011b. Mimo tato m\u011bsta to je ale pro dal\u0161\u00ed mo\u017en\u00e9 hr\u00e1\u010de slo\u017eit\u011bj\u0161\u00ed. Pr\u00e1v\u011b proto vyr\u00e1\u017e\u00ed Parahokejov\u00e9 rozvojov\u00e9 kempy do m\u011bst, kde m\u00e1 hokej siln\u00e9 z\u00e1zem\u00ed a hraje se tam nejvy\u0161\u0161\u00ed tuzemsk\u00e1 hokejov\u00e1 sout\u011b\u017e \u2013 extraliga. <em>\u201eJe d\u016fle\u017eit\u00e9 dostat parasport i do dal\u0161\u00edch m\u011bst a hodn\u011b n\u00e1s t\u011b\u0161\u00ed propojen\u00ed t\u011bchto dvou \u201csportovn\u00edch sv\u011bt\u016f\u201d. Znovu se ukazuje, \u017ee spolupr\u00e1ce sportu handicapovan\u00fdch a nehandicapovan\u00fdch je tou spr\u00e1vnou cestou. Na\u0161e motto zn\u00ed \u201cSport je jen jeden\u201d a to \u010desk\u00fd parahokej napl\u0148uje maxim\u00e1ln\u011b,\u201c<\/em> dodal <strong>p\u0159edseda <a href=\"https:\/\/paralympic.cz\" target=\"_blank\" rel=\"noopener\">\u010cesk\u00e9ho paralympijsk\u00e9ho v\u00fdboru<\/a> Zbyn\u011bk S\u00fdkora<\/strong>.&nbsp;<\/p>\n\n\n\n<figure class=\"wp-block-image size-large\"><img loading=\"lazy\" decoding=\"async\" width=\"1024\" height=\"576\" src=\"https:\/\/parahockey.cz\/wp-content\/uploads\/2022\/10\/Development-kladno-1920x1080px-1-1024x576.jpg\" alt=\"\" class=\"wp-image-17399\" srcset=\"https:\/\/parahockey.cz\/wp-content\/uploads\/2022\/10\/Development-kladno-1920x1080px-1-1024x576.jpg 1024w, https:\/\/parahockey.cz\/wp-content\/uploads\/2022\/10\/Development-kladno-1920x1080px-1-300x169.jpg 300w, https:\/\/parahockey.cz\/wp-content\/uploads\/2022\/10\/Development-kladno-1920x1080px-1-768x432.jpg 768w, https:\/\/parahockey.cz\/wp-content\/uploads\/2022\/10\/Development-kladno-1920x1080px-1-1536x864.jpg 1536w, https:\/\/parahockey.cz\/wp-content\/uploads\/2022\/10\/Development-kladno-1920x1080px-1-128x72.jpg 128w, https:\/\/parahockey.cz\/wp-content\/uploads\/2022\/10\/Development-kladno-1920x1080px-1-32x18.jpg 32w, https:\/\/parahockey.cz\/wp-content\/uploads\/2022\/10\/Development-kladno-1920x1080px-1-20x11.jpg 20w, https:\/\/parahockey.cz\/wp-content\/uploads\/2022\/10\/Development-kladno-1920x1080px-1.jpg 1920w\" sizes=\"(max-width: 1024px) 100vw, 1024px\" \/><\/figure>\n\n\n\n<h2 class=\"wp-block-heading\">Prvn\u00ed zast\u00e1vka Parahokejov\u00e9ho rozvojov\u00e9ho kempu u\u017e p\u0159\u00ed\u0161t\u00ed t\u00fdden<\/h2>\n\n\n\n<p>Z\u00e1jemci, kte\u0159\u00ed by si parahokej cht\u011bli vyzkou\u0161et, maj\u00ed mo\u017enost u\u017e p\u0159\u00ed\u0161t\u00ed t\u00fdden od <strong>10. do 13. listopadu v&nbsp;Kladn\u011b<\/strong>. Tr\u00e9ninky pod dohledem zku\u0161en\u00fdch reprezenta\u010dn\u00edch kou\u010d\u016f budou prob\u00edhat na led\u011b tamn\u00edho \u010cEZ stadionu Kladno. Za\u010d\u00ednaj\u00edc\u00ed parahokejistky a parahokejisty na led\u011b podpo\u0159\u00ed i hr\u00e1\u010di <a href=\"https:\/\/www.rytirikladno.cz\" target=\"_blank\" rel=\"noopener\">extraligov\u00fdm Ryt\u00ed\u0159\u016f<\/a>. I oni vym\u011bn\u00ed brusle za sledge, aby si parahokej sami vyzkou\u0161eli. Jak jim to na led\u011b p\u016fjde? Mo\u017en\u00e1 jim porad\u00ed i Jarom\u00edr J\u00e1gr, kter\u00fd u\u017e s&nbsp;parasledg\u00ed m\u00e1 sv\u00e9 zku\u0161enosti. Tohle je z\u00e1\u017eitek, kter\u00fd m\u016f\u017ee b\u00fdt pro za\u010d\u00ednaj\u00edc\u00ed hr\u00e1\u010de nezapomenuteln\u00fd! Organiz\u00e1to\u0159i kempu zajist\u00ed tak\u00e9 ubytov\u00e1n\u00ed a stravu. Sta\u010d\u00ed se p\u0159ihl\u00e1sit na&nbsp;<a href=\"mailto:talent@parahockey.cz\">talent@parahockey.cz<\/a>.<\/p>\n\n\n\n<figure class=\"wp-block-gallery has-nested-images columns-default is-cropped wp-block-gallery-2 is-layout-flex wp-block-gallery-is-layout-flex\">\n<figure class=\"wp-block-image size-large\"><a href=\"https:\/\/parahockey.cz\/wp-content\/uploads\/2022\/11\/E02B1442-scaled-1.jpg\"><img loading=\"lazy\" decoding=\"async\" width=\"1024\" height=\"683\" data-id=\"17425\" src=\"https:\/\/parahockey.cz\/wp-content\/uploads\/2022\/11\/E02B1442-scaled-1-1024x683.jpg\" alt=\"\" class=\"wp-image-17425\" srcset=\"https:\/\/parahockey.cz\/wp-content\/uploads\/2022\/11\/E02B1442-scaled-1-1024x683.jpg 1024w, https:\/\/parahockey.cz\/wp-content\/uploads\/2022\/11\/E02B1442-scaled-1-300x200.jpg 300w, https:\/\/parahockey.cz\/wp-content\/uploads\/2022\/11\/E02B1442-scaled-1-768x512.jpg 768w, https:\/\/parahockey.cz\/wp-content\/uploads\/2022\/11\/E02B1442-scaled-1-1536x1024.jpg 1536w, https:\/\/parahockey.cz\/wp-content\/uploads\/2022\/11\/E02B1442-scaled-1-128x85.jpg 128w, https:\/\/parahockey.cz\/wp-content\/uploads\/2022\/11\/E02B1442-scaled-1-32x21.jpg 32w, https:\/\/parahockey.cz\/wp-content\/uploads\/2022\/11\/E02B1442-scaled-1-20x13.jpg 20w, https:\/\/parahockey.cz\/wp-content\/uploads\/2022\/11\/E02B1442-scaled-1.jpg 1920w\" sizes=\"(max-width: 1024px) 100vw, 1024px\" \/><\/a><\/figure>\n\n\n\n<figure class=\"wp-block-image size-large\"><a href=\"https:\/\/parahockey.cz\/wp-content\/uploads\/2022\/11\/IMG_1450-scaled-1.jpg\"><img loading=\"lazy\" decoding=\"async\" width=\"1024\" height=\"683\" data-id=\"17429\" src=\"https:\/\/parahockey.cz\/wp-content\/uploads\/2022\/11\/IMG_1450-scaled-1-1024x683.jpg\" alt=\"\" class=\"wp-image-17429\" srcset=\"https:\/\/parahockey.cz\/wp-content\/uploads\/2022\/11\/IMG_1450-scaled-1-1024x683.jpg 1024w, https:\/\/parahockey.cz\/wp-content\/uploads\/2022\/11\/IMG_1450-scaled-1-300x200.jpg 300w, https:\/\/parahockey.cz\/wp-content\/uploads\/2022\/11\/IMG_1450-scaled-1-768x512.jpg 768w, https:\/\/parahockey.cz\/wp-content\/uploads\/2022\/11\/IMG_1450-scaled-1-1536x1024.jpg 1536w, https:\/\/parahockey.cz\/wp-content\/uploads\/2022\/11\/IMG_1450-scaled-1-128x85.jpg 128w, https:\/\/parahockey.cz\/wp-content\/uploads\/2022\/11\/IMG_1450-scaled-1-32x21.jpg 32w, https:\/\/parahockey.cz\/wp-content\/uploads\/2022\/11\/IMG_1450-scaled-1-20x13.jpg 20w, https:\/\/parahockey.cz\/wp-content\/uploads\/2022\/11\/IMG_1450-scaled-1.jpg 1920w\" sizes=\"(max-width: 1024px) 100vw, 1024px\" \/><\/a><\/figure>\n\n\n\n<figure class=\"wp-block-image size-large\"><a href=\"https:\/\/parahockey.cz\/wp-content\/uploads\/2022\/11\/IMG_1464-2048x1365-1.webp\"><img loading=\"lazy\" decoding=\"async\" width=\"1024\" height=\"683\" data-id=\"17427\" src=\"https:\/\/parahockey.cz\/wp-content\/uploads\/2022\/11\/IMG_1464-2048x1365-1-1024x683.webp\" alt=\"\" class=\"wp-image-17427\" srcset=\"https:\/\/parahockey.cz\/wp-content\/uploads\/2022\/11\/IMG_1464-2048x1365-1-1024x683.webp 1024w, https:\/\/parahockey.cz\/wp-content\/uploads\/2022\/11\/IMG_1464-2048x1365-1-300x200.webp 300w, https:\/\/parahockey.cz\/wp-content\/uploads\/2022\/11\/IMG_1464-2048x1365-1-768x512.webp 768w, https:\/\/parahockey.cz\/wp-content\/uploads\/2022\/11\/IMG_1464-2048x1365-1-1536x1024.webp 1536w, https:\/\/parahockey.cz\/wp-content\/uploads\/2022\/11\/IMG_1464-2048x1365-1-128x85.webp 128w, https:\/\/parahockey.cz\/wp-content\/uploads\/2022\/11\/IMG_1464-2048x1365-1-32x21.webp 32w, https:\/\/parahockey.cz\/wp-content\/uploads\/2022\/11\/IMG_1464-2048x1365-1-20x13.webp 20w, https:\/\/parahockey.cz\/wp-content\/uploads\/2022\/11\/IMG_1464-2048x1365-1.webp 1920w\" sizes=\"(max-width: 1024px) 100vw, 1024px\" \/><\/a><\/figure>\n<figcaption class=\"blocks-gallery-caption\">Jarom\u00edr J\u00e1gr si u\u017e sledge vyzkou\u0161el, pro\u017eene tak na led\u011b i za\u010d\u00ednaj\u00edc\u00ed parahokejisty a parahokejistky?<\/figcaption><\/figure>\n\n\n\n<p class=\"has-text-align-right\">Text: Zuzana Glacov\u00e1<br>Foto: Archiv \u010cesk\u00e9ho para hokeje<\/p>\n","protected":false},"excerpt":{"rendered":"<p>Vyzkou\u0161et si parahokej nebylo nikdy jednodu\u0161\u0161\u00ed! Parahokej hled\u00e1 nov\u00e9 talenty a vyr\u00e1\u017e\u00ed tak s&nbsp;kempy pro za\u010d\u00ednaj\u00edc\u00ed hr\u00e1\u010de do cel\u00e9 republiky. C\u00edlen\u011b do m\u011bst, kter\u00e1 nemaj\u00ed sv\u00e9 zastoupen\u00ed v&nbsp;\u010cesk\u00e9 para hokejov\u00e9 lize. Prvn\u00ed zast\u00e1vkou bude u\u017e p\u0159\u00ed\u0161t\u00ed t\u00fdden Kladno! Z\u00e1jemci dostanou ve\u0161ker\u00e9 pot\u0159ebn\u00e9 vybaven\u00ed k&nbsp;zap\u016fj\u010den\u00ed zdarma a v&nbsp;jejich prvn\u00edm sklouznut\u00ed je podpo\u0159\u00ed hned dv\u011b legendy Jarom\u00edr [&hellip;]<\/p>\n","protected":false},"author":4,"featured_media":17395,"comment_status":"open","ping_status":"open","sticky":false,"template":"","format":"standard","meta":{"_acf_changed":false,"inline_featured_image":false,"footnotes":""},"categories":[61],"tags":[],"class_list":["post-17424","post","type-post","status-publish","format-standard","has-post-thumbnail","hentry","category-parahokejovy-rozvojovy-kemp"],"acf":[],"_links":{"self":[{"href":"https:\/\/parahockey.cz\/en\/wp-json\/wp\/v2\/posts\/17424","targetHints":{"allow":["GET"]}}],"collection":[{"href":"https:\/\/parahockey.cz\/en\/wp-json\/wp\/v2\/posts"}],"about":[{"href":"https:\/\/parahockey.cz\/en\/wp-json\/wp\/v2\/types\/post"}],"author":[{"embeddable":true,"href":"https:\/\/parahockey.cz\/en\/wp-json\/wp\/v2\/users\/4"}],"replies":[{"embeddable":true,"href":"https:\/\/parahockey.cz\/en\/wp-json\/wp\/v2\/comments?post=17424"}],"version-history":[{"count":4,"href":"https:\/\/parahockey.cz\/en\/wp-json\/wp\/v2\/posts\/17424\/revisions"}],"predecessor-version":[{"id":17453,"href":"https:\/\/parahockey.cz\/en\/wp-json\/wp\/v2\/posts\/17424\/revisions\/17453"}],"wp:featuredmedia":[{"embeddable":true,"href":"https:\/\/parahockey.cz\/en\/wp-json\/wp\/v2\/media\/17395"}],"wp:attachment":[{"href":"https:\/\/parahockey.cz\/en\/wp-json\/wp\/v2\/media?parent=17424"}],"wp:term":[{"taxonomy":"category","embeddable":true,"href":"https:\/\/parahockey.cz\/en\/wp-json\/wp\/v2\/categories?post=17424"},{"taxonomy":"post_tag","embeddable":true,"href":"https:\/\/parahockey.cz\/en\/wp-json\/wp\/v2\/tags?post=17424"}],"curies":[{"name":"wp","href":"https:\/\/api.w.org\/{rel}","templated":true}]}}