{"id":17678,"date":"2022-11-28T09:13:26","date_gmt":"2022-11-28T08:13:26","guid":{"rendered":"https:\/\/parahockey.cz\/?p=17678"},"modified":"2022-11-29T11:01:14","modified_gmt":"2022-11-29T10:01:14","slug":"americane-v-uvodnim-utkani-para-hockey-cup-2022-prevalcovali-cechy-100","status":"publish","type":"post","link":"https:\/\/parahockey.cz\/en\/repre\/americane-v-uvodnim-utkani-para-hockey-cup-2022-prevalcovali-cechy-100\/","title":{"rendered":"Ameri\u010dan\u00e9 v \u00favodn\u00edm utk\u00e1n\u00ed Para Hockey Cup 2022 p\u0159est\u0159\u00edleli \u010cechy 10:0"},"content":{"rendered":"\n<p class=\"has-text-align-center\"><strong>V prvn\u00edm utk\u00e1n\u00ed obnoven\u00e9ho turnaje Para Hockey Cup 2022, kter\u00fd host\u00ed kanadsk\u00fd Bridgewater, Ameri\u010dan\u00e9 op\u011bt prok\u00e1zali, \u017ee v sou\u010dasn\u00e9m m\u011b\u0159\u00edtku nemaj\u00ed na parahokejov\u00e9 sc\u00e9n\u011b soupe\u0159e. Lehce si poradili s \u010deskou parahokejovou reprezentac\u00ed, i kdy\u017e ta p\u0159edvedla hlavn\u011b v \u00favodu utk\u00e1n\u00ed velmi kvalitn\u00ed v\u00fdkon.<\/strong><\/p>\n\n\n\n<figure class=\"wp-block-image size-large\"><img fetchpriority=\"high\" decoding=\"async\" width=\"1024\" height=\"405\" src=\"https:\/\/parahockey.cz\/wp-content\/uploads\/2022\/11\/Snimek-obrazovky-2022-11-28-v-8.58.24-1024x405.png\" alt=\"\" class=\"wp-image-17679\" srcset=\"https:\/\/parahockey.cz\/wp-content\/uploads\/2022\/11\/Snimek-obrazovky-2022-11-28-v-8.58.24-1024x405.png 1024w, https:\/\/parahockey.cz\/wp-content\/uploads\/2022\/11\/Snimek-obrazovky-2022-11-28-v-8.58.24-300x119.png 300w, https:\/\/parahockey.cz\/wp-content\/uploads\/2022\/11\/Snimek-obrazovky-2022-11-28-v-8.58.24-768x304.png 768w, https:\/\/parahockey.cz\/wp-content\/uploads\/2022\/11\/Snimek-obrazovky-2022-11-28-v-8.58.24-1536x607.png 1536w, https:\/\/parahockey.cz\/wp-content\/uploads\/2022\/11\/Snimek-obrazovky-2022-11-28-v-8.58.24-2048x810.png 2048w, https:\/\/parahockey.cz\/wp-content\/uploads\/2022\/11\/Snimek-obrazovky-2022-11-28-v-8.58.24-128x51.png 128w, https:\/\/parahockey.cz\/wp-content\/uploads\/2022\/11\/Snimek-obrazovky-2022-11-28-v-8.58.24-32x13.png 32w\" sizes=\"(max-width: 1024px) 100vw, 1024px\" \/><\/figure>\n\n\n\n<p class=\"has-text-align-center\"><em><strong>\u201eBylo to t\u011b\u017ek\u00e9, ale mysl\u00edm, \u017ee prvn\u00ed t\u0159etinu jsme odehr\u00e1li obstojn\u011b. Druh\u00e1 t\u0159etina byla n\u00e1ro\u010dn\u00e1, to n\u00e1s zamkli \u00fapln\u011b a st\u00e1lo n\u00e1s to hodn\u011b sil. Je to ale o tom, \u017ee se pr\u00e1v\u011b na t\u011bchto z\u00e1pasech neskute\u010dn\u011b u\u010d\u00edme. D\u011bl\u00e1me sice chyby, jsou to po\u0159\u00e1d ty stejn\u00e9 g\u00f3ly, kter\u00e9 od Ameri\u010dan\u016f dost\u00e1v\u00e1me, ale tomu se m\u016f\u017eeme postupn\u011b vyvarovat.&#8221; <\/strong><\/em><br>Radek Zelinka &#8211; kapit\u00e1n \u010desk\u00e9 parahokejov\u00e9 reprezentace<\/p>\n\n\n\n<p class=\"has-text-align-center\"><strong><em>\u201eByl to t\u011b\u017ek\u00fd z\u00e1pas, ale pro m\u011b cenn\u00e1 zku\u0161enost. Poznal jsem v\u016fbec poprv\u00e9, jak funguje takov\u00fd mezin\u00e1rodn\u00ed z\u00e1pas. Stra\u0161n\u011b jsem si to u\u017eil, i kdy\u017e samoz\u0159ejm\u011b ten v\u00fdsledek n\u00e1s v\u016fbec nepot\u011b\u0161il. Ale to je hokej.&#8221;<\/em><\/strong><br>Martin \u017di\u017elavsk\u00fd &#8211; \u00fato\u010dn\u00edk \u010desk\u00e9 parahokejov\u00e9 reprezentace<\/p>\n\n\n\n<p class=\"has-text-align-center\"><strong><em>\u201eT\u011b\u0161\u00edm se na rozbor z\u00e1pasu, proto\u017ee si mysl\u00edm, \u017ee u\u017e d\u011bl\u00e1me pokroky a u\u010d\u00edme se, jak hr\u00e1t s Ameri\u010dany. T\u011bch chyb tam samoz\u0159ejm\u011b bylo taky n\u011bkolik, ale to si v\u0161e rozebereme a j\u00e1 v\u011b\u0159\u00edm, \u017ee z\u00e1pas s Kanadou u\u017e bude jin\u00fd.&#8221;<\/em><\/strong><br>Pavel Kube\u0161 &#8211; obr\u00e1nce \u010desk\u00e9 parahokejov\u00e9 reprezentace<\/p>\n\n\n\n<figure class=\"wp-block-image size-large\"><img decoding=\"async\" width=\"1024\" height=\"770\" src=\"https:\/\/parahockey.cz\/wp-content\/uploads\/2022\/11\/Snimek-obrazovky-2022-11-28-v-9.03.02-1024x770.png\" alt=\"\" class=\"wp-image-17681\" srcset=\"https:\/\/parahockey.cz\/wp-content\/uploads\/2022\/11\/Snimek-obrazovky-2022-11-28-v-9.03.02-1024x770.png 1024w, https:\/\/parahockey.cz\/wp-content\/uploads\/2022\/11\/Snimek-obrazovky-2022-11-28-v-9.03.02-300x226.png 300w, https:\/\/parahockey.cz\/wp-content\/uploads\/2022\/11\/Snimek-obrazovky-2022-11-28-v-9.03.02-768x578.png 768w, https:\/\/parahockey.cz\/wp-content\/uploads\/2022\/11\/Snimek-obrazovky-2022-11-28-v-9.03.02-1536x1155.png 1536w, https:\/\/parahockey.cz\/wp-content\/uploads\/2022\/11\/Snimek-obrazovky-2022-11-28-v-9.03.02.png 1920w, https:\/\/parahockey.cz\/wp-content\/uploads\/2022\/11\/Snimek-obrazovky-2022-11-28-v-9.03.02-128x96.png 128w, https:\/\/parahockey.cz\/wp-content\/uploads\/2022\/11\/Snimek-obrazovky-2022-11-28-v-9.03.02-32x24.png 32w\" sizes=\"(max-width: 1024px) 100vw, 1024px\" \/><figcaption class=\"wp-element-caption\">Prvn\u00ed z\u00e1pas turnaje Para Hockey Cup 2022 hodnotili Martin \u017di\u017elavsk\u00fd, Radek Zelinka a Pavel Kube\u0161<\/figcaption><\/figure>\n\n\n\n<h2 class=\"has-text-align-center wp-block-heading\">Ve druh\u00e9m utk\u00e1n\u00ed turnaje vyzvou \u010ce\u0161i dom\u00e1c\u00ed Kanadu dnes od 00:00 st\u0159edoevropsk\u00e9ho \u010dasu. Z\u00e1pas m\u016f\u017eete sledovat \u017eiv\u011b nebo ze z\u00e1znamu zde: <a href=\"https:\/\/video.hockeycanada.ca\/en\/c\/can-vs-cze-preliminary-2022-para-hockey-cup.109037\" target=\"_blank\" rel=\"noopener\">CZE x CAN<\/a><\/h2>\n","protected":false},"excerpt":{"rendered":"<p>V prvn\u00edm utk\u00e1n\u00ed obnoven\u00e9ho turnaje Para Hockey Cup 2022, kter\u00fd host\u00ed kanadsk\u00fd Bridgewater, Ameri\u010dan\u00e9 op\u011bt prok\u00e1zali, \u017ee v sou\u010dasn\u00e9m m\u011b\u0159\u00edtku nemaj\u00ed na parahokejov\u00e9 sc\u00e9n\u011b soupe\u0159e. Lehce si poradili s \u010deskou parahokejovou reprezentac\u00ed, i kdy\u017e ta p\u0159edvedla hlavn\u011b v \u00favodu utk\u00e1n\u00ed velmi kvalitn\u00ed v\u00fdkon. \u201eBylo to t\u011b\u017ek\u00e9, ale mysl\u00edm, \u017ee prvn\u00ed t\u0159etinu jsme odehr\u00e1li obstojn\u011b. Druh\u00e1 [&hellip;]<\/p>\n","protected":false},"author":4,"featured_media":17274,"comment_status":"open","ping_status":"open","sticky":false,"template":"","format":"standard","meta":{"_acf_changed":false,"inline_featured_image":false,"footnotes":""},"categories":[11],"tags":[],"class_list":["post-17678","post","type-post","status-publish","format-standard","has-post-thumbnail","hentry","category-repre"],"acf":[],"_links":{"self":[{"href":"https:\/\/parahockey.cz\/en\/wp-json\/wp\/v2\/posts\/17678","targetHints":{"allow":["GET"]}}],"collection":[{"href":"https:\/\/parahockey.cz\/en\/wp-json\/wp\/v2\/posts"}],"about":[{"href":"https:\/\/parahockey.cz\/en\/wp-json\/wp\/v2\/types\/post"}],"author":[{"embeddable":true,"href":"https:\/\/parahockey.cz\/en\/wp-json\/wp\/v2\/users\/4"}],"replies":[{"embeddable":true,"href":"https:\/\/parahockey.cz\/en\/wp-json\/wp\/v2\/comments?post=17678"}],"version-history":[{"count":3,"href":"https:\/\/parahockey.cz\/en\/wp-json\/wp\/v2\/posts\/17678\/revisions"}],"predecessor-version":[{"id":17691,"href":"https:\/\/parahockey.cz\/en\/wp-json\/wp\/v2\/posts\/17678\/revisions\/17691"}],"wp:featuredmedia":[{"embeddable":true,"href":"https:\/\/parahockey.cz\/en\/wp-json\/wp\/v2\/media\/17274"}],"wp:attachment":[{"href":"https:\/\/parahockey.cz\/en\/wp-json\/wp\/v2\/media?parent=17678"}],"wp:term":[{"taxonomy":"category","embeddable":true,"href":"https:\/\/parahockey.cz\/en\/wp-json\/wp\/v2\/categories?post=17678"},{"taxonomy":"post_tag","embeddable":true,"href":"https:\/\/parahockey.cz\/en\/wp-json\/wp\/v2\/tags?post=17678"}],"curies":[{"name":"wp","href":"https:\/\/api.w.org\/{rel}","templated":true}]}}