{"id":22505,"date":"2024-05-14T22:58:08","date_gmt":"2024-05-14T20:58:08","guid":{"rendered":"https:\/\/parahockey.cz\/?p=22505"},"modified":"2024-06-10T14:18:26","modified_gmt":"2024-06-10T12:18:26","slug":"bronzovi-parahokejiste-jsou-v-cesku","status":"publish","type":"post","link":"https:\/\/parahockey.cz\/en\/repre\/ms-calgary-2024\/bronzovi-parahokejiste-jsou-v-cesku\/","title":{"rendered":"Bronzov\u00ed parahokejist\u00e9 jsou v\u00a0\u010cesku"},"content":{"rendered":"\n<p><strong>Fanou\u0161ci, novin\u00e1\u0159i, partne\u0159i. Ti v\u0161ichni v\u00edtali bronzovou \u010deskou parahokejovou reprezentaci na leti\u0161ti v&nbsp;Praze. Cel\u00e1 v\u00fdprava dorazila do \u010ceska dnes v&nbsp;dopoledn\u00edch hodin\u00e1ch. S&nbsp;medailemi na krku, s&nbsp;obhajobou nejlep\u0161\u00edho v\u00fdsledku pro \u010desk\u00fd parahokej, ale tak\u00e9 s&nbsp;obrovskou d\u00e1vkou \u00fanavy. \u201eJsem na n\u011b neskute\u010dn\u011b hrd\u00fd,\u201c zazn\u011blo s&nbsp;\u00falevou a \u00fasm\u011bvem od hlavn\u00edho tren\u00e9ra Jakuba Novotn\u00e9ho na leti\u0161ti. \u010ce\u0161i na MS v&nbsp;parahokeji Calgary 2024 potvrdili, \u017ee s&nbsp;nimi sv\u011btov\u00e1 \u0161pi\u010dka mus\u00ed po\u010d\u00edtat a po\u0159\u00e1dn\u011b si tak\u00e9 hl\u00eddat z\u00e1da, proto\u017ee rozd\u00edly se st\u00edraj\u00ed.<\/strong><\/p>\n\n\n\n<p>Sta\u010dilo jen m\u00e1lo a zrodil se z\u00e1zrak. V&nbsp;semifin\u00e1le \u010ce\u0161i sahali po naprosto neuv\u011b\u0159iteln\u00e9m \u00fasp\u011bchu. Je\u0161t\u011b p\u00e1r vte\u0159in p\u0159ed koncem semifin\u00e1lov\u00e9ho duelu \u010ceska se Spojen\u00fdmi st\u00e1ty byl na spadnut\u00ed fantastick\u00fd v\u00fdsledek. \u010cesk\u00e1 parahokejov\u00e1 reprezentace sahala po postupu do fin\u00e1le s&nbsp;nejv\u011bt\u0161\u00edm velik\u00e1nem parahokeje posledn\u00edch deseti let. T\u00fdm USA urval postup do fin\u00e1le s&nbsp;\u010cechy jen o \u0161pi\u010dku sledge, hrot zap\u00edchnut\u00e9 hokejky. Na\u0161i parahokejist\u00e9 si tak zopakovali lo\u0148sk\u00fd souboj o bronz s&nbsp;\u010c\u00ednou. <em>\u201eJsme na tom fyzicky dob\u0159e. I s&nbsp;takov\u00fdmi t\u00fdmy jako je Kanada a USA jsme dok\u00e1zali dr\u017eet krok. S&nbsp;\u010c\u00ednou to bude zase o rychlosti,\u201c<\/em> glosoval p\u0159ed posledn\u00edm z\u00e1pasem leto\u0161n\u00edho mistrovstv\u00ed sv\u011bta <strong>Michal Geier<\/strong>.<\/p>\n\n\n\n<p><a href=\"https:\/\/www.ceskatelevize.cz\/porady\/16333185890-ms-v-parahokeji-muzu-2024-kanada\/\" target=\"_blank\" rel=\"noopener\">Z\u00e1znam v\u0161ech z\u00e1pas\u016f MS 2024 \u010desk\u00e9 parahokejov\u00e9 reprezentace najdete na webu \u010cesk\u00e9 televize!<\/a><\/p>\n\n\n\n<h2 class=\"wp-block-heading\">3:2 vezeme bronz, zase. Je to hodn\u011b nebo m\u00e1lo?<\/h2>\n\n\n\n<p>Mnoz\u00ed fanou\u0161ci i sportovn\u00ed koment\u00e1to\u0159i se po bronzov\u00e9m duelu \u010ceska s&nbsp;\u010c\u00ednou zam\u00fd\u0161leli na t\u00edm, jak raketov\u011b od roku 2019 stoup\u00e1 forma \u010desk\u00e9 parahokejov\u00e9 reprezentace. Je bronz z&nbsp;MS 2024 \u00fasp\u011bch nebo je to stagnace\u2026 Je to obrovsk\u00fd \u00fasp\u011bch! Oproti hokejov\u00fdm gigant\u016fm jako je USA, Kanada a skryt\u00fdm potenci\u00e1l\u016fm \u010c\u00edny, se zkr\u00e1tka v&nbsp;\u010cesku mus\u00ed po\u010d\u00edtat s t\u00edm, \u017ee jsme mal\u00e1 zem\u011b, kde podle jednoho z&nbsp;reprezenta\u010dn\u00edch tren\u00e9r\u016f \u201e mus\u00ed brousit diamanty\u201c. A je to tak.<\/p>\n\n\n\n<p>P\u0159esto \u010ce\u0161i v&nbsp;Praze p\u0159ist\u00e1li op\u011bt s&nbsp;bronzem na krku! Co za t\u00edm je? D\u0159ina posledn\u00edch p\u011bti let, organizovan\u00e1 pr\u00e1ce, soust\u0159ed\u011bn\u00e9 \u00fasil\u00ed s nov\u00fdmi talenty, ale i s partnery, sponzory. V\u00edra v&nbsp;to, to, \u017ee i parasport m\u016f\u017ee d\u011blat \u010cesku obrovskou reklamu! A \u010dest! Kempy, rozvoj, kvalitn\u00ed program pro reprezentaci. Osmadvaceti\u010dlenn\u00e1 \u010desk\u00e1 v\u00fdprava v&nbsp;Kanad\u011b dok\u00e1zala, \u017ee tahle d\u0159ina m\u00e1 smysl.&nbsp;<\/p>\n\n\n<p><iframe style=\"border: none; overflow: hidden;\" src=\"https:\/\/www.facebook.com\/plugins\/post.php?href=https%3A%2F%2Fwww.facebook.com%2Fparahockeycz%2Fposts%2Fpfbid02KHgE41Xnm2WF2KvgzA3wxbbE29AypEwxRi3csTX3FAD65BC8kkyBtWwZvsVxgBm1l&amp;show_text=true&amp;width=500&amp;is_preview=true\" width=\"500\" height=\"625\" frameborder=\"0\" scrolling=\"no\" allowfullscreen=\"allowfullscreen\"><\/iframe><\/p>\n<h2>Oslavy? A m\u00e1te u\u017e \u010das? A m\u016f\u017eu je vid\u011bt?<\/h2>\n\n\n<p>Oproti lo\u0148sk\u00e9mu \u0161ampion\u00e1tu, kdy \u010desk\u00e1 parahokejov\u00e1 reprezentace nem\u011bla prostor kv\u016fli \u010dasov\u00fdm mo\u017enostem ani prvn\u00ed historick\u00fd bronz slavit, letos i d\u00edky MS v&nbsp;hokeji, kter\u00e9 se kon\u00e1 sou\u010dasn\u011b v Praze a Ostrav\u011b, bude parahokejov\u00fd t\u00fdm slavit spolu. <em>\u201eKluci, pro m\u011b byl z\u00e1pas s&nbsp;USA, ten vyrovnan\u00fd, odhodlan\u00fd, nejv\u011bt\u0161\u00edm m\u00fdm dosavadn\u00edm z\u00e1\u017eitkem na lavici tren\u00e9ra. Byl to vrcholn\u00fd z\u00e1\u017eitek,\u201c<\/em> d\u011bkoval v&nbsp;r\u00e1mci oslav tak\u00e9 <strong>tren\u00e9r Ji\u0159\u00ed B\u0159\u00edza<\/strong>.<\/p>\n\n\n\n<p>\u010cesk\u00fd para hokej d\u011bkuje za podporu v\u0161em partner\u016fm! <strong>Gener\u00e1ln\u00edmu partnerovi \u010cesk\u00e9ho para hokeje<\/strong> spole\u010dnosti <a href=\"https:\/\/www.kaufland.cz\/?utm_source=google&amp;utm_medium=cpc&amp;utm_id=20926944611&amp;gad_source=1&amp;gclid=CjwKCAjwl4yyBhAgEiwADSEjeLhZO3KJVYoSk2Tw0yB2c2oMz0l4UiYXFUYRsyPpGtYgzW7W3BPBUxoCQcIQAvD_BwE\" target=\"_blank\" rel=\"noopener\">Kaufland<\/a> a <strong>ofici\u00e1ln\u00edmu partnerovi<\/strong> <a href=\"https:\/\/www.kb.cz\/cs\/obcane\" data-type=\"link\" data-id=\"https:\/\/www.kb.cz\/cs\/obcane\" target=\"_blank\" rel=\"noopener\">Komer\u010dn\u00ed Banka<\/a>, <a href=\"http:\/\/www.ceskyhokej.cz\" target=\"_blank\" rel=\"noopener\">\u010cesk\u00e9mu hokeji<\/a> a <a href=\"https:\/\/paralympic.cz\" target=\"_blank\" rel=\"noopener\">\u010cesk\u00e9mu paralympijsk\u00e9mu v\u00fdboru<\/a>! D\u00edky V\u00e1m m\u016f\u017eeme d\u011blat \u010dest parahokeji v&nbsp;cel\u00e9m sv\u011bt\u011b.<\/p>\n\n\n\n<h3 class=\"wp-block-heading\">PRO FANOU\u0160KY!!!<\/h3>\n\n\n\n<h3 class=\"wp-block-heading\">VE ST\u0158EDU 15. 5. POTK\u00c1TE \u010cESKOU PARAHOKEJOVOU REPREZENTACI OD 13:00 u O2 UNIVERSUM A V&nbsp;15:30 NA P\u00d3DIU OFICI\u00c1LN\u00cd FANZ\u00d3NY MS V&nbsp;HOKEJI 2024 V&nbsp;PRAZE. OD 16:20 PAK BUDEME FANDIT \u010cESK\u00c9 HOKEJOV\u00c9 REPREZENTACI V Z\u00c1PASE PROTI D\u00c1NSKU P\u0158\u00cdMO V O2 AREN\u011a.<\/h3>\n\n\n\n<p>T\u011b\u0161\u00edme se na V\u00e1s!<\/p>\n\n\n\n<figure class=\"wp-block-gallery has-nested-images columns-default is-cropped wp-block-gallery-1 is-layout-flex wp-block-gallery-is-layout-flex\">\n<figure class=\"wp-block-image size-large\"><a href=\"https:\/\/parahockey.cz\/wp-content\/uploads\/2024\/05\/prilet_1.jpg\"><img fetchpriority=\"high\" decoding=\"async\" width=\"640\" height=\"428\" data-id=\"22508\" src=\"https:\/\/parahockey.cz\/wp-content\/uploads\/2024\/05\/prilet_1.jpg\" alt=\"\" class=\"wp-image-22508\" srcset=\"https:\/\/parahockey.cz\/wp-content\/uploads\/2024\/05\/prilet_1.jpg 640w, https:\/\/parahockey.cz\/wp-content\/uploads\/2024\/05\/prilet_1-300x201.jpg 300w, https:\/\/parahockey.cz\/wp-content\/uploads\/2024\/05\/prilet_1-128x86.jpg 128w, https:\/\/parahockey.cz\/wp-content\/uploads\/2024\/05\/prilet_1-32x21.jpg 32w\" sizes=\"(max-width: 640px) 100vw, 640px\" \/><\/a><\/figure>\n\n\n\n<figure class=\"wp-block-image size-large\"><a href=\"https:\/\/parahockey.cz\/wp-content\/uploads\/2024\/05\/prilet_2.jpg\"><img decoding=\"async\" width=\"640\" height=\"428\" data-id=\"22510\" src=\"https:\/\/parahockey.cz\/wp-content\/uploads\/2024\/05\/prilet_2.jpg\" alt=\"\" class=\"wp-image-22510\" srcset=\"https:\/\/parahockey.cz\/wp-content\/uploads\/2024\/05\/prilet_2.jpg 640w, https:\/\/parahockey.cz\/wp-content\/uploads\/2024\/05\/prilet_2-300x201.jpg 300w, https:\/\/parahockey.cz\/wp-content\/uploads\/2024\/05\/prilet_2-128x86.jpg 128w, https:\/\/parahockey.cz\/wp-content\/uploads\/2024\/05\/prilet_2-32x21.jpg 32w\" sizes=\"(max-width: 640px) 100vw, 640px\" \/><\/a><\/figure>\n\n\n\n<figure class=\"wp-block-image size-large\"><a href=\"https:\/\/parahockey.cz\/wp-content\/uploads\/2024\/05\/prilet_4-1.jpg\"><img decoding=\"async\" width=\"640\" height=\"428\" data-id=\"22514\" src=\"https:\/\/parahockey.cz\/wp-content\/uploads\/2024\/05\/prilet_4-1.jpg\" alt=\"\" class=\"wp-image-22514\" srcset=\"https:\/\/parahockey.cz\/wp-content\/uploads\/2024\/05\/prilet_4-1.jpg 640w, https:\/\/parahockey.cz\/wp-content\/uploads\/2024\/05\/prilet_4-1-300x201.jpg 300w, https:\/\/parahockey.cz\/wp-content\/uploads\/2024\/05\/prilet_4-1-128x86.jpg 128w, https:\/\/parahockey.cz\/wp-content\/uploads\/2024\/05\/prilet_4-1-32x21.jpg 32w\" sizes=\"(max-width: 640px) 100vw, 640px\" \/><\/a><\/figure>\n\n\n\n<figure class=\"wp-block-image size-large\"><a href=\"https:\/\/parahockey.cz\/wp-content\/uploads\/2024\/05\/prilet_5.jpg\"><img loading=\"lazy\" decoding=\"async\" width=\"640\" height=\"428\" data-id=\"22516\" src=\"https:\/\/parahockey.cz\/wp-content\/uploads\/2024\/05\/prilet_5.jpg\" alt=\"\" class=\"wp-image-22516\" srcset=\"https:\/\/parahockey.cz\/wp-content\/uploads\/2024\/05\/prilet_5.jpg 640w, https:\/\/parahockey.cz\/wp-content\/uploads\/2024\/05\/prilet_5-300x201.jpg 300w, https:\/\/parahockey.cz\/wp-content\/uploads\/2024\/05\/prilet_5-128x86.jpg 128w, https:\/\/parahockey.cz\/wp-content\/uploads\/2024\/05\/prilet_5-32x21.jpg 32w\" sizes=\"(max-width: 640px) 100vw, 640px\" \/><\/a><\/figure>\n\n\n\n<figure class=\"wp-block-image size-large\"><a href=\"https:\/\/parahockey.cz\/wp-content\/uploads\/2024\/05\/prilet_8.jpg\"><img loading=\"lazy\" decoding=\"async\" width=\"640\" height=\"428\" data-id=\"22518\" src=\"https:\/\/parahockey.cz\/wp-content\/uploads\/2024\/05\/prilet_8.jpg\" alt=\"\" class=\"wp-image-22518\" srcset=\"https:\/\/parahockey.cz\/wp-content\/uploads\/2024\/05\/prilet_8.jpg 640w, https:\/\/parahockey.cz\/wp-content\/uploads\/2024\/05\/prilet_8-300x201.jpg 300w, https:\/\/parahockey.cz\/wp-content\/uploads\/2024\/05\/prilet_8-128x86.jpg 128w, https:\/\/parahockey.cz\/wp-content\/uploads\/2024\/05\/prilet_8-32x21.jpg 32w\" sizes=\"(max-width: 640px) 100vw, 640px\" \/><\/a><\/figure>\n\n\n\n<figure class=\"wp-block-image size-large\"><a href=\"https:\/\/parahockey.cz\/wp-content\/uploads\/2024\/05\/53716437272_2d2ac0cbb8_k.jpg\"><img loading=\"lazy\" decoding=\"async\" width=\"1024\" height=\"682\" data-id=\"22480\" src=\"https:\/\/parahockey.cz\/wp-content\/uploads\/2024\/05\/53716437272_2d2ac0cbb8_k-1024x682.jpg\" alt=\"\" class=\"wp-image-22480\" srcset=\"https:\/\/parahockey.cz\/wp-content\/uploads\/2024\/05\/53716437272_2d2ac0cbb8_k-1024x682.jpg 1024w, https:\/\/parahockey.cz\/wp-content\/uploads\/2024\/05\/53716437272_2d2ac0cbb8_k-300x200.jpg 300w, https:\/\/parahockey.cz\/wp-content\/uploads\/2024\/05\/53716437272_2d2ac0cbb8_k-768x512.jpg 768w, https:\/\/parahockey.cz\/wp-content\/uploads\/2024\/05\/53716437272_2d2ac0cbb8_k-1536x1023.jpg 1536w, https:\/\/parahockey.cz\/wp-content\/uploads\/2024\/05\/53716437272_2d2ac0cbb8_k-128x85.jpg 128w, https:\/\/parahockey.cz\/wp-content\/uploads\/2024\/05\/53716437272_2d2ac0cbb8_k-32x21.jpg 32w, https:\/\/parahockey.cz\/wp-content\/uploads\/2024\/05\/53716437272_2d2ac0cbb8_k.jpg 1920w\" sizes=\"(max-width: 1024px) 100vw, 1024px\" \/><\/a><\/figure>\n\n\n\n<figure class=\"wp-block-image size-large\"><img loading=\"lazy\" decoding=\"async\" width=\"1024\" height=\"768\" data-id=\"22596\" src=\"https:\/\/parahockey.cz\/wp-content\/uploads\/2024\/05\/IMG_1049-1024x768.jpg\" alt=\"\" class=\"wp-image-22596\" srcset=\"https:\/\/parahockey.cz\/wp-content\/uploads\/2024\/05\/IMG_1049-1024x768.jpg 1024w, https:\/\/parahockey.cz\/wp-content\/uploads\/2024\/05\/IMG_1049-300x225.jpg 300w, https:\/\/parahockey.cz\/wp-content\/uploads\/2024\/05\/IMG_1049-768x576.jpg 768w, https:\/\/parahockey.cz\/wp-content\/uploads\/2024\/05\/IMG_1049-1536x1152.jpg 1536w, https:\/\/parahockey.cz\/wp-content\/uploads\/2024\/05\/IMG_1049-scaled.jpg 1920w, https:\/\/parahockey.cz\/wp-content\/uploads\/2024\/05\/IMG_1049-128x96.jpg 128w, https:\/\/parahockey.cz\/wp-content\/uploads\/2024\/05\/IMG_1049-32x24.jpg 32w\" sizes=\"(max-width: 1024px) 100vw, 1024px\" \/><\/figure>\n<\/figure>\n\n\n\n<p class=\"has-text-align-right\">Text: Zuzana Martin\u010d\u00edk Glacov\u00e1<br>Foto: David Handl<\/p>\n","protected":false},"excerpt":{"rendered":"<p>Fanou\u0161ci, novin\u00e1\u0159i, partne\u0159i. Ti v\u0161ichni v\u00edtali bronzovou \u010deskou parahokejovou reprezentaci na leti\u0161ti v&nbsp;Praze. Cel\u00e1 v\u00fdprava dorazila do \u010ceska dnes v&nbsp;dopoledn\u00edch hodin\u00e1ch. S&nbsp;medailemi na krku, s&nbsp;obhajobou nejlep\u0161\u00edho v\u00fdsledku pro \u010desk\u00fd parahokej, ale tak\u00e9 s&nbsp;obrovskou d\u00e1vkou \u00fanavy. \u201eJsem na n\u011b neskute\u010dn\u011b hrd\u00fd,\u201c zazn\u011blo s&nbsp;\u00falevou a \u00fasm\u011bvem od hlavn\u00edho tren\u00e9ra Jakuba Novotn\u00e9ho na leti\u0161ti. \u010ce\u0161i na MS v&nbsp;parahokeji [&hellip;]<\/p>\n","protected":false},"author":4,"featured_media":22523,"comment_status":"open","ping_status":"open","sticky":false,"template":"","format":"standard","meta":{"_acf_changed":false,"inline_featured_image":false,"footnotes":""},"categories":[70],"tags":[],"class_list":["post-22505","post","type-post","status-publish","format-standard","has-post-thumbnail","hentry","category-ms-calgary-2024"],"acf":[],"_links":{"self":[{"href":"https:\/\/parahockey.cz\/en\/wp-json\/wp\/v2\/posts\/22505","targetHints":{"allow":["GET"]}}],"collection":[{"href":"https:\/\/parahockey.cz\/en\/wp-json\/wp\/v2\/posts"}],"about":[{"href":"https:\/\/parahockey.cz\/en\/wp-json\/wp\/v2\/types\/post"}],"author":[{"embeddable":true,"href":"https:\/\/parahockey.cz\/en\/wp-json\/wp\/v2\/users\/4"}],"replies":[{"embeddable":true,"href":"https:\/\/parahockey.cz\/en\/wp-json\/wp\/v2\/comments?post=22505"}],"version-history":[{"count":15,"href":"https:\/\/parahockey.cz\/en\/wp-json\/wp\/v2\/posts\/22505\/revisions"}],"predecessor-version":[{"id":22605,"href":"https:\/\/parahockey.cz\/en\/wp-json\/wp\/v2\/posts\/22505\/revisions\/22605"}],"wp:featuredmedia":[{"embeddable":true,"href":"https:\/\/parahockey.cz\/en\/wp-json\/wp\/v2\/media\/22523"}],"wp:attachment":[{"href":"https:\/\/parahockey.cz\/en\/wp-json\/wp\/v2\/media?parent=22505"}],"wp:term":[{"taxonomy":"category","embeddable":true,"href":"https:\/\/parahockey.cz\/en\/wp-json\/wp\/v2\/categories?post=22505"},{"taxonomy":"post_tag","embeddable":true,"href":"https:\/\/parahockey.cz\/en\/wp-json\/wp\/v2\/tags?post=22505"}],"curies":[{"name":"wp","href":"https:\/\/api.w.org\/{rel}","templated":true}]}}