{"id":22654,"date":"2024-06-24T17:55:33","date_gmt":"2024-06-24T15:55:33","guid":{"rendered":"https:\/\/parahockey.cz\/?p=22654"},"modified":"2024-06-24T17:55:37","modified_gmt":"2024-06-24T15:55:37","slug":"zlata-hokejka-2024-parahokejistou-roku-je-golman-martin-kudela","status":"publish","type":"post","link":"https:\/\/parahockey.cz\/en\/aktuality\/zlata-hokejka-2024-parahokejistou-roku-je-golman-martin-kudela\/","title":{"rendered":"Zlat\u00e1 hokejka 2024: parahokejistou roku je g\u00f3lman Martin Kudela"},"content":{"rendered":"\n<p><strong>T\u00e9m\u011b\u0159 dv\u011b stovky reprezenta\u010dn\u00edch start\u016f a dal\u0161\u00ed stovky t\u011bch extraligov\u00fdch. Pevn\u00e1 ze\u010f a opora \u010desk\u00e9 parahokejov\u00e9 reprezentace a tak\u00e9 ostravsk\u00fdch Flamingos. \u0160estadvacetilet\u00fd Martin Kudela se stal u\u017e podruh\u00e9 dr\u017eitelem Zlat\u00e9 hokejky, a to v kategorii parahokejista roku. Ocen\u011bn\u00ed za sez\u00f3nu 2023\/24 si p\u0159evzal v p\u0159\u00edm\u00e9m p\u0159enosu \u010cesk\u00e9 televize z rukou hokejov\u00e9 legendy Ji\u0159\u00edho \u0160l\u00e9gra a jednatele spole\u010dnosti Kaufland Olivera Gschwendtnera.<\/strong><\/p>\n\n\n\n<p>Martin Kudela, kter\u00e9mu nikdo v t\u00fdmu ne\u0159ekne jinak ne\u017e Kajman, se parahokeji v\u011bnuje od roku 2012. Postupn\u011b se ze Stud\u00e9nky, kde v&nbsp;br\u00e1n\u011b za\u010d\u00ednal vypracoval a\u017e na jedni\u010dku \u010desk\u00e9 reprezentace, kter\u00e1 kryje cel\u00e9mu t\u00fdmu z\u00e1da. N\u011bkdy jsou jeho v\u00fdkony v&nbsp;br\u00e1n\u011b tak mr\u0161tn\u00e9, \u017ee si pr\u00e1vem vyslou\u017eil svou p\u0159ezd\u00edvku.&nbsp;<\/p>\n\n\n\n<p>Uplynul\u00e1 sez\u00f3na pro n\u011bj byla op\u011bt bronzov\u00e1. I kdy\u017e p\u0159i slavnostn\u00edm galave\u010deru Zlat\u00e9 hokejky p\u0159iznal, \u017ee t\u00fdm pom\u00fd\u0161lel na mistrovstv\u00ed sv\u011bta na vy\u0161\u0161\u00ed pozice po t\u011bsn\u00e9 proh\u0159e s\u00a0parahokejov\u00fdmi giganty z\u00a0USA. <em>\u201eBylo to o kousek, mo\u017en\u00e1 p\u0159evl\u00e1dalo lehk\u00e9 zklam\u00e1n\u00ed, proto\u017ee kluci tam m\u011bl velk\u00e9 \u0161ance a v\u011bd\u011bli, \u017ee to mohli prom\u011bnit. Ur\u010dit\u011b bylo velk\u00fdm zadostiu\u010din\u011bn\u00edm vid\u011bt po z\u00e1pase tv\u00e1\u0159e Ameri\u010dan\u016f, proto\u017ee se je\u0161t\u011b nestalo, abychom je po z\u00e1pase vid\u011bli takhle zpocen\u00e9,\u201c<\/em> zavzpom\u00ednal na posledn\u00ed sv\u011btov\u00fd \u0161ampion\u00e1t v\u00a0Kanad\u011b <strong>Martin Kudela<\/strong>. Dodal, \u017ee se cel\u00fd t\u00fdm up\u00edr\u00e1 k\u00a0paralympi\u00e1d\u011b v\u00a0It\u00e1lii v\u00a0roce 2026. <em>\u201eOlympijsk\u00e9 kruhy z\u00e1\u0159\u00ed jako hlavn\u00ed sv\u011btlo, kter\u00e9 sledujeme, ur\u010dit\u011b bychom cht\u011bli k\u00a0t\u00e9 sb\u00edrce medail\u00ed p\u0159idat i tu paralympijskou,\u201c<\/em> komentoval pl\u00e1ny a vize reprezentace <strong>g\u00f3lman Kudela<\/strong>.<\/p>\n\n\n\n<figure class=\"wp-block-gallery has-nested-images columns-default is-cropped wp-block-gallery-1 is-layout-flex wp-block-gallery-is-layout-flex\">\n<figure class=\"wp-block-image size-large\"><a href=\"https:\/\/parahockey.cz\/wp-content\/uploads\/2024\/06\/BEN_0032-scaled.jpg\"><img fetchpriority=\"high\" decoding=\"async\" width=\"1024\" height=\"683\" data-id=\"22659\" src=\"https:\/\/parahockey.cz\/wp-content\/uploads\/2024\/06\/BEN_0032-1024x683.jpg\" alt=\"\" class=\"wp-image-22659\" srcset=\"https:\/\/parahockey.cz\/wp-content\/uploads\/2024\/06\/BEN_0032-1024x683.jpg 1024w, https:\/\/parahockey.cz\/wp-content\/uploads\/2024\/06\/BEN_0032-300x200.jpg 300w, https:\/\/parahockey.cz\/wp-content\/uploads\/2024\/06\/BEN_0032-768x512.jpg 768w, https:\/\/parahockey.cz\/wp-content\/uploads\/2024\/06\/BEN_0032-1536x1024.jpg 1536w, https:\/\/parahockey.cz\/wp-content\/uploads\/2024\/06\/BEN_0032-scaled.jpg 1920w, https:\/\/parahockey.cz\/wp-content\/uploads\/2024\/06\/BEN_0032-128x85.jpg 128w, https:\/\/parahockey.cz\/wp-content\/uploads\/2024\/06\/BEN_0032-32x21.jpg 32w\" sizes=\"(max-width: 1024px) 100vw, 1024px\" \/><\/a><\/figure>\n\n\n\n<figure class=\"wp-block-image size-large\"><a href=\"https:\/\/parahockey.cz\/wp-content\/uploads\/2024\/06\/BEN_0113-scaled.jpg\"><img decoding=\"async\" width=\"1024\" height=\"683\" data-id=\"22663\" src=\"https:\/\/parahockey.cz\/wp-content\/uploads\/2024\/06\/BEN_0113-1024x683.jpg\" alt=\"\" class=\"wp-image-22663\" srcset=\"https:\/\/parahockey.cz\/wp-content\/uploads\/2024\/06\/BEN_0113-1024x683.jpg 1024w, https:\/\/parahockey.cz\/wp-content\/uploads\/2024\/06\/BEN_0113-300x200.jpg 300w, https:\/\/parahockey.cz\/wp-content\/uploads\/2024\/06\/BEN_0113-768x512.jpg 768w, https:\/\/parahockey.cz\/wp-content\/uploads\/2024\/06\/BEN_0113-1536x1024.jpg 1536w, https:\/\/parahockey.cz\/wp-content\/uploads\/2024\/06\/BEN_0113-scaled.jpg 1920w, https:\/\/parahockey.cz\/wp-content\/uploads\/2024\/06\/BEN_0113-128x85.jpg 128w, https:\/\/parahockey.cz\/wp-content\/uploads\/2024\/06\/BEN_0113-32x21.jpg 32w\" sizes=\"(max-width: 1024px) 100vw, 1024px\" \/><\/a><\/figure>\n<\/figure>\n\n\n\n<p>Zlatou hokejku za nejle\u0161\u00edho hr\u00e1\u010de sez\u00f3ny p\u0159itom z\u00edskal u\u017e podruh\u00e9. Poprv\u00e9 si tuto cenu odnesl v\u00a0roce 2022. Celkov\u00fdm v\u00edt\u011bzem leto\u0161n\u00ed ankety se pak stal podle o\u010dek\u00e1v\u00e1n\u00ed op\u011bt David Pastr\u0148\u00e1k. Kompletn\u00ed po\u0159ad\u00ed nab\u00edz\u00ed <a href=\"https:\/\/www.ceskyhokej.cz\/novinky\/6744-vysledky-ankety-zlata-hokejka-2024\" target=\"_blank\" rel=\"noopener\">web \u010cesk\u00e9ho hokeje<\/a>.<\/p>\n\n\n\n<figure class=\"wp-block-embed is-type-video is-provider-youtube wp-block-embed-youtube wp-embed-aspect-16-9 wp-has-aspect-ratio\"><div class=\"wp-block-embed__wrapper\">\n<iframe title=\"PARA Stories: Martin Kudela\" width=\"800\" height=\"450\" src=\"https:\/\/www.youtube.com\/embed\/Lv4zJFEsgcQ?feature=oembed\" frameborder=\"0\" allow=\"accelerometer; autoplay; clipboard-write; encrypted-media; gyroscope; picture-in-picture; web-share\" referrerpolicy=\"strict-origin-when-cross-origin\" allowfullscreen><\/iframe>\n<\/div><\/figure>\n\n\n\n<p class=\"has-text-align-right\">Text: Zuzana Martin\u010d\u00edk Glacov\u00e1<br>Foto: Jan Bene\u0161\/ \u010cesk\u00fd hokej<\/p>\n","protected":false},"excerpt":{"rendered":"<p>T\u00e9m\u011b\u0159 dv\u011b stovky reprezenta\u010dn\u00edch start\u016f a dal\u0161\u00ed stovky t\u011bch extraligov\u00fdch. Pevn\u00e1 ze\u010f a opora \u010desk\u00e9 parahokejov\u00e9 reprezentace a tak\u00e9 ostravsk\u00fdch Flamingos. \u0160estadvacetilet\u00fd Martin Kudela se stal u\u017e podruh\u00e9 dr\u017eitelem Zlat\u00e9 hokejky, a to v kategorii parahokejista roku. Ocen\u011bn\u00ed za sez\u00f3nu 2023\/24 si p\u0159evzal v p\u0159\u00edm\u00e9m p\u0159enosu \u010cesk\u00e9 televize z rukou hokejov\u00e9 legendy Ji\u0159\u00edho \u0160l\u00e9gra a [&hellip;]<\/p>\n","protected":false},"author":4,"featured_media":22657,"comment_status":"open","ping_status":"open","sticky":false,"template":"","format":"standard","meta":{"_acf_changed":false,"inline_featured_image":false,"footnotes":""},"categories":[31],"tags":[],"class_list":["post-22654","post","type-post","status-publish","format-standard","has-post-thumbnail","hentry","category-aktuality"],"acf":[],"_links":{"self":[{"href":"https:\/\/parahockey.cz\/en\/wp-json\/wp\/v2\/posts\/22654","targetHints":{"allow":["GET"]}}],"collection":[{"href":"https:\/\/parahockey.cz\/en\/wp-json\/wp\/v2\/posts"}],"about":[{"href":"https:\/\/parahockey.cz\/en\/wp-json\/wp\/v2\/types\/post"}],"author":[{"embeddable":true,"href":"https:\/\/parahockey.cz\/en\/wp-json\/wp\/v2\/users\/4"}],"replies":[{"embeddable":true,"href":"https:\/\/parahockey.cz\/en\/wp-json\/wp\/v2\/comments?post=22654"}],"version-history":[{"count":1,"href":"https:\/\/parahockey.cz\/en\/wp-json\/wp\/v2\/posts\/22654\/revisions"}],"predecessor-version":[{"id":22670,"href":"https:\/\/parahockey.cz\/en\/wp-json\/wp\/v2\/posts\/22654\/revisions\/22670"}],"wp:featuredmedia":[{"embeddable":true,"href":"https:\/\/parahockey.cz\/en\/wp-json\/wp\/v2\/media\/22657"}],"wp:attachment":[{"href":"https:\/\/parahockey.cz\/en\/wp-json\/wp\/v2\/media?parent=22654"}],"wp:term":[{"taxonomy":"category","embeddable":true,"href":"https:\/\/parahockey.cz\/en\/wp-json\/wp\/v2\/categories?post=22654"},{"taxonomy":"post_tag","embeddable":true,"href":"https:\/\/parahockey.cz\/en\/wp-json\/wp\/v2\/tags?post=22654"}],"curies":[{"name":"wp","href":"https:\/\/api.w.org\/{rel}","templated":true}]}}