{"id":22754,"date":"2024-09-03T14:21:05","date_gmt":"2024-09-03T12:21:05","guid":{"rendered":"https:\/\/parahockey.cz\/?p=22754"},"modified":"2024-09-03T14:23:16","modified_gmt":"2024-09-03T12:23:16","slug":"dotahnout-noze-sezona-zacina","status":"publish","type":"post","link":"https:\/\/parahockey.cz\/en\/aktuality\/dotahnout-noze-sezona-zacina\/","title":{"rendered":"Dot\u00e1hnout no\u017ee, sez\u00f3na za\u010d\u00edn\u00e1!"},"content":{"rendered":"\n<p><strong>Kusto Petr Str\u00e1nsk\u00fd kle\u010d\u00ed na led\u011b a utahuje no\u017ee na sledgi V\u00e1clava He\u010dka. Zat\u00edmco venku jsou st\u00e1le tropick\u00e9 letn\u00ed teploty, \u010desk\u00e1 parahokejov\u00e1 reprezentace sko\u010dila do san\u00ed a vrhla se na \u201enejen\u201c ledovou p\u0159\u00edpravu. Nov\u00e1 sez\u00f3na 2024\/25 pr\u00e1v\u011b za\u010d\u00edn\u00e1 spole\u010dn\u00fdm tr\u00e9ninkem na led\u011b v&nbsp;Moutnici. Hned za m\u011bs\u00edc \u010dek\u00e1 n\u00e1rodn\u00ed t\u00fdm prvn\u00ed ostr\u00e1 prov\u011brka. V Ostrav\u011b se na presti\u017en\u00edm turnaji IPH CUP 2024 utkaj\u00ed s t\u00fdmy Kanady, USA a It\u00e1lie.<\/strong><\/p>\n\n\n\n<figure class=\"wp-block-gallery has-nested-images columns-default is-cropped wp-block-gallery-1 is-layout-flex wp-block-gallery-is-layout-flex\">\n<figure class=\"wp-block-image size-large\"><a href=\"https:\/\/parahockey.cz\/wp-content\/uploads\/2024\/09\/Moutnice-1_14-scaled.jpg\"><img fetchpriority=\"high\" decoding=\"async\" width=\"1024\" height=\"683\" data-id=\"22762\" src=\"https:\/\/parahockey.cz\/wp-content\/uploads\/2024\/09\/Moutnice-1_14-1024x683.jpg\" alt=\"\" class=\"wp-image-22762\" srcset=\"https:\/\/parahockey.cz\/wp-content\/uploads\/2024\/09\/Moutnice-1_14-1024x683.jpg 1024w, https:\/\/parahockey.cz\/wp-content\/uploads\/2024\/09\/Moutnice-1_14-300x200.jpg 300w, https:\/\/parahockey.cz\/wp-content\/uploads\/2024\/09\/Moutnice-1_14-768x512.jpg 768w, https:\/\/parahockey.cz\/wp-content\/uploads\/2024\/09\/Moutnice-1_14-1536x1024.jpg 1536w, https:\/\/parahockey.cz\/wp-content\/uploads\/2024\/09\/Moutnice-1_14-scaled.jpg 1920w, https:\/\/parahockey.cz\/wp-content\/uploads\/2024\/09\/Moutnice-1_14-128x85.jpg 128w, https:\/\/parahockey.cz\/wp-content\/uploads\/2024\/09\/Moutnice-1_14-32x21.jpg 32w\" sizes=\"(max-width: 1024px) 100vw, 1024px\" \/><\/a><\/figure>\n\n\n\n<figure class=\"wp-block-image size-large\"><a href=\"https:\/\/parahockey.cz\/wp-content\/uploads\/2024\/09\/Moutnice-1_19-1-scaled.jpg\"><img decoding=\"async\" width=\"1024\" height=\"683\" data-id=\"22768\" src=\"https:\/\/parahockey.cz\/wp-content\/uploads\/2024\/09\/Moutnice-1_19-1-1024x683.jpg\" alt=\"\" class=\"wp-image-22768\" srcset=\"https:\/\/parahockey.cz\/wp-content\/uploads\/2024\/09\/Moutnice-1_19-1-1024x683.jpg 1024w, https:\/\/parahockey.cz\/wp-content\/uploads\/2024\/09\/Moutnice-1_19-1-300x200.jpg 300w, https:\/\/parahockey.cz\/wp-content\/uploads\/2024\/09\/Moutnice-1_19-1-768x512.jpg 768w, https:\/\/parahockey.cz\/wp-content\/uploads\/2024\/09\/Moutnice-1_19-1-1536x1024.jpg 1536w, https:\/\/parahockey.cz\/wp-content\/uploads\/2024\/09\/Moutnice-1_19-1-scaled.jpg 1920w, https:\/\/parahockey.cz\/wp-content\/uploads\/2024\/09\/Moutnice-1_19-1-128x85.jpg 128w, https:\/\/parahockey.cz\/wp-content\/uploads\/2024\/09\/Moutnice-1_19-1-32x21.jpg 32w\" sizes=\"(max-width: 1024px) 100vw, 1024px\" \/><\/a><\/figure>\n\n\n\n<figure class=\"wp-block-image size-large\"><a href=\"https:\/\/parahockey.cz\/wp-content\/uploads\/2024\/09\/Moutnice-1_28-scaled.jpg\"><img decoding=\"async\" width=\"1024\" height=\"683\" data-id=\"22770\" src=\"https:\/\/parahockey.cz\/wp-content\/uploads\/2024\/09\/Moutnice-1_28-1024x683.jpg\" alt=\"\" class=\"wp-image-22770\" srcset=\"https:\/\/parahockey.cz\/wp-content\/uploads\/2024\/09\/Moutnice-1_28-1024x683.jpg 1024w, https:\/\/parahockey.cz\/wp-content\/uploads\/2024\/09\/Moutnice-1_28-300x200.jpg 300w, https:\/\/parahockey.cz\/wp-content\/uploads\/2024\/09\/Moutnice-1_28-768x512.jpg 768w, https:\/\/parahockey.cz\/wp-content\/uploads\/2024\/09\/Moutnice-1_28-1536x1024.jpg 1536w, https:\/\/parahockey.cz\/wp-content\/uploads\/2024\/09\/Moutnice-1_28-scaled.jpg 1920w, https:\/\/parahockey.cz\/wp-content\/uploads\/2024\/09\/Moutnice-1_28-128x85.jpg 128w, https:\/\/parahockey.cz\/wp-content\/uploads\/2024\/09\/Moutnice-1_28-32x21.jpg 32w\" sizes=\"(max-width: 1024px) 100vw, 1024px\" \/><\/a><\/figure>\n\n\n\n<figure class=\"wp-block-image size-large\"><a href=\"https:\/\/parahockey.cz\/wp-content\/uploads\/2024\/09\/Moutnice-1_29-scaled.jpg\"><img loading=\"lazy\" decoding=\"async\" width=\"683\" height=\"1024\" data-id=\"22766\" src=\"https:\/\/parahockey.cz\/wp-content\/uploads\/2024\/09\/Moutnice-1_29-683x1024.jpg\" alt=\"\" class=\"wp-image-22766\" srcset=\"https:\/\/parahockey.cz\/wp-content\/uploads\/2024\/09\/Moutnice-1_29-683x1024.jpg 683w, https:\/\/parahockey.cz\/wp-content\/uploads\/2024\/09\/Moutnice-1_29-200x300.jpg 200w, https:\/\/parahockey.cz\/wp-content\/uploads\/2024\/09\/Moutnice-1_29-768x1152.jpg 768w, https:\/\/parahockey.cz\/wp-content\/uploads\/2024\/09\/Moutnice-1_29-1024x1536.jpg 1024w, https:\/\/parahockey.cz\/wp-content\/uploads\/2024\/09\/Moutnice-1_29-1365x2048.jpg 1365w, https:\/\/parahockey.cz\/wp-content\/uploads\/2024\/09\/Moutnice-1_29-85x128.jpg 85w, https:\/\/parahockey.cz\/wp-content\/uploads\/2024\/09\/Moutnice-1_29-21x32.jpg 21w, https:\/\/parahockey.cz\/wp-content\/uploads\/2024\/09\/Moutnice-1_29-scaled.jpg 1707w\" sizes=\"(max-width: 683px) 100vw, 683px\" \/><\/a><\/figure>\n\n\n\n<figure class=\"wp-block-image size-large\"><a href=\"https:\/\/parahockey.cz\/wp-content\/uploads\/2024\/09\/Moutnice-1_46-scaled.jpg\"><img loading=\"lazy\" decoding=\"async\" width=\"1024\" height=\"683\" data-id=\"22772\" src=\"https:\/\/parahockey.cz\/wp-content\/uploads\/2024\/09\/Moutnice-1_46-1024x683.jpg\" alt=\"\" class=\"wp-image-22772\" srcset=\"https:\/\/parahockey.cz\/wp-content\/uploads\/2024\/09\/Moutnice-1_46-1024x683.jpg 1024w, https:\/\/parahockey.cz\/wp-content\/uploads\/2024\/09\/Moutnice-1_46-300x200.jpg 300w, https:\/\/parahockey.cz\/wp-content\/uploads\/2024\/09\/Moutnice-1_46-768x512.jpg 768w, https:\/\/parahockey.cz\/wp-content\/uploads\/2024\/09\/Moutnice-1_46-1536x1024.jpg 1536w, https:\/\/parahockey.cz\/wp-content\/uploads\/2024\/09\/Moutnice-1_46-scaled.jpg 1920w, https:\/\/parahockey.cz\/wp-content\/uploads\/2024\/09\/Moutnice-1_46-128x85.jpg 128w, https:\/\/parahockey.cz\/wp-content\/uploads\/2024\/09\/Moutnice-1_46-32x21.jpg 32w\" sizes=\"(max-width: 1024px) 100vw, 1024px\" \/><\/a><\/figure>\n\n\n\n<figure class=\"wp-block-image size-large\"><a href=\"https:\/\/parahockey.cz\/wp-content\/uploads\/2024\/09\/Moutnice-1_47-scaled.jpg\"><img loading=\"lazy\" decoding=\"async\" width=\"1024\" height=\"683\" data-id=\"22764\" src=\"https:\/\/parahockey.cz\/wp-content\/uploads\/2024\/09\/Moutnice-1_47-1024x683.jpg\" alt=\"\" class=\"wp-image-22764\" srcset=\"https:\/\/parahockey.cz\/wp-content\/uploads\/2024\/09\/Moutnice-1_47-1024x683.jpg 1024w, https:\/\/parahockey.cz\/wp-content\/uploads\/2024\/09\/Moutnice-1_47-300x200.jpg 300w, https:\/\/parahockey.cz\/wp-content\/uploads\/2024\/09\/Moutnice-1_47-768x512.jpg 768w, https:\/\/parahockey.cz\/wp-content\/uploads\/2024\/09\/Moutnice-1_47-1536x1024.jpg 1536w, https:\/\/parahockey.cz\/wp-content\/uploads\/2024\/09\/Moutnice-1_47-scaled.jpg 1920w, https:\/\/parahockey.cz\/wp-content\/uploads\/2024\/09\/Moutnice-1_47-128x85.jpg 128w, https:\/\/parahockey.cz\/wp-content\/uploads\/2024\/09\/Moutnice-1_47-32x21.jpg 32w\" sizes=\"(max-width: 1024px) 100vw, 1024px\" \/><\/a><\/figure>\n\n\n\n<figure class=\"wp-block-image size-large\"><a href=\"https:\/\/parahockey.cz\/wp-content\/uploads\/2024\/09\/Moutnice-1_48-scaled.jpg\"><img loading=\"lazy\" decoding=\"async\" width=\"1024\" height=\"819\" data-id=\"22760\" src=\"https:\/\/parahockey.cz\/wp-content\/uploads\/2024\/09\/Moutnice-1_48-1024x819.jpg\" alt=\"\" class=\"wp-image-22760\" srcset=\"https:\/\/parahockey.cz\/wp-content\/uploads\/2024\/09\/Moutnice-1_48-1024x819.jpg 1024w, https:\/\/parahockey.cz\/wp-content\/uploads\/2024\/09\/Moutnice-1_48-300x240.jpg 300w, https:\/\/parahockey.cz\/wp-content\/uploads\/2024\/09\/Moutnice-1_48-768x614.jpg 768w, https:\/\/parahockey.cz\/wp-content\/uploads\/2024\/09\/Moutnice-1_48-1536x1229.jpg 1536w, https:\/\/parahockey.cz\/wp-content\/uploads\/2024\/09\/Moutnice-1_48-scaled.jpg 1920w, https:\/\/parahockey.cz\/wp-content\/uploads\/2024\/09\/Moutnice-1_48-128x102.jpg 128w, https:\/\/parahockey.cz\/wp-content\/uploads\/2024\/09\/Moutnice-1_48-32x26.jpg 32w\" sizes=\"(max-width: 1024px) 100vw, 1024px\" \/><\/a><\/figure>\n\n\n\n<figure class=\"wp-block-image size-large\"><a href=\"https:\/\/parahockey.cz\/wp-content\/uploads\/2024\/09\/Moutnice-1_50-scaled.jpg\"><img loading=\"lazy\" decoding=\"async\" width=\"1024\" height=\"683\" data-id=\"22758\" src=\"https:\/\/parahockey.cz\/wp-content\/uploads\/2024\/09\/Moutnice-1_50-1024x683.jpg\" alt=\"\" class=\"wp-image-22758\" srcset=\"https:\/\/parahockey.cz\/wp-content\/uploads\/2024\/09\/Moutnice-1_50-1024x683.jpg 1024w, https:\/\/parahockey.cz\/wp-content\/uploads\/2024\/09\/Moutnice-1_50-300x200.jpg 300w, https:\/\/parahockey.cz\/wp-content\/uploads\/2024\/09\/Moutnice-1_50-768x512.jpg 768w, https:\/\/parahockey.cz\/wp-content\/uploads\/2024\/09\/Moutnice-1_50-1536x1024.jpg 1536w, https:\/\/parahockey.cz\/wp-content\/uploads\/2024\/09\/Moutnice-1_50-scaled.jpg 1920w, https:\/\/parahockey.cz\/wp-content\/uploads\/2024\/09\/Moutnice-1_50-128x85.jpg 128w, https:\/\/parahockey.cz\/wp-content\/uploads\/2024\/09\/Moutnice-1_50-32x21.jpg 32w\" sizes=\"(max-width: 1024px) 100vw, 1024px\" \/><\/a><\/figure>\n<\/figure>\n\n\n\n<p><em>\u201eMysl\u00edm si, \u017ee jsme se v\u0161ichni na sebe dost t\u011b\u0161ili, proto\u017ee jsme se od kv\u011btna nevid\u011bli po\u0159\u00e1dn\u011b s&nbsp;kluky, tak\u017ee po t\u00e9 pauze si m\u00e1me co \u0159\u00edct, ale pak jsme i byli hodn\u011b zv\u011bdav\u00ed, jak se kluci p\u0159ipravuj\u00ed, tak jsme si p\u0159ipravili fyzick\u00e9 testy,\u201c<\/em> \u0159ekl b\u011bhem prvn\u00edch tr\u00e9ninku na led\u011b <strong>reprezenta\u010dn\u00ed tren\u00e9r Jakub Novotn\u00fd<\/strong>. Start sez\u00f3ny to byl i podle v\u0161udyp\u0159\u00edtomn\u00fdch \u00fasm\u011bv\u016f a po\u0161\u0165uchov\u00e1n\u00ed na led\u011b uvoln\u011bn\u00fd, ale v&nbsp;pln\u00e9m nasazen\u00ed. <em>\u201eKluci n\u00e1s mile p\u0159ekvapili, proto\u017ee potvrdili, \u017ee i letos cht\u011bj\u00ed hr\u00e1t tu sv\u011btovou \u0161pi\u010dku a byli dob\u0159e p\u0159ipraven\u00ed,\u201c<\/em> dodal <strong>Novotn\u00fd<\/strong>. L\u00e9to v&nbsp;pod\u00e1n\u00ed parahokejov\u00fdch reprezentant\u016f je toti\u017e sice ve znamen\u00ed hern\u00ed pauzy, ale rozhodn\u011b ne fyzick\u00e9ho odpo\u010dinku. <em>\u201eChystali jsme se ka\u017ed\u00fd individu\u00e1ln\u011b, ka\u017ed\u00fd dostal od tren\u00e9r\u016f noty, kter\u00fdmi se m\u011bl \u0159\u00eddit a te\u010f se uk\u00e1\u017ee, jak to kdo dodr\u017eoval,\u201c<\/em> potvrdil <strong>kapit\u00e1n \u010desk\u00e9 parahokejov\u00e9 reprezentace Radek Zelinka<\/strong>. I p\u0159es pochvalu kou\u010d\u016f ale p\u0159iznal, \u017ee prvn\u00ed metry na led\u011b po letn\u00ed pauze bol\u00ed. <em>\u201eJe to n\u00e1ro\u010dn\u00e9, naposledy jsme byli v&nbsp;ostr\u00e9m z\u00e1pase t\u0159i m\u011bs\u00edce zp\u00e1tky. Te\u010f zvyka\u010dka na sledge, to hodn\u011b bol\u00ed,\u201c<\/em> potvrdil n\u00e1ro\u010dnost prvn\u00edch tr\u00e9nink\u016f <strong>kapit\u00e1n Zelinka<\/strong>. Ten kombinoval letn\u00ed p\u0159\u00edpravu nejen na takzvan\u00e9m b\u011b\u017eka\u0159sk\u00e9m trena\u017e\u00e9ru \u201eskiergu\u201c, ale tak\u00e9 na vodn\u00edm waku \u010di na kole ve francouzsk\u00fdch Alp\u00e1ch. Zato dal\u0161\u00ed reprezentant Miroslav Novotn\u00fd si o pr\u00e1zdnin\u00e1ch zvykal na \u00fapln\u011b jinou roli. Hned na za\u010d\u00e1tku pr\u00e1zdnin se stal poprv\u00e9 otcem a do nov\u00e9 sez\u00f3ny tak vstupoval sp\u00ed\u0161e s&nbsp;m\u00edrn\u00fdm sp\u00e1nkov\u00fdm deficitem. <em>\u201ePrvn\u00edch \u010dtrn\u00e1ct dn\u016f to nebylo sice v\u016fbec lehk\u00e9, ale te\u010f u\u017e je mal\u00e1 zlat\u00e1 a moc si to u\u017e\u00edv\u00e1me. Jsem z&nbsp;dcery hotov\u00fd, m\u00e1 m\u011b u\u017e te\u010f omotan\u00e9ho kolem prstu, a tak se mi t\u011b\u017eko zvyk\u00e1 na novou sez\u00f3nu. I kdy\u017e na led jsem se taky u\u017e moc t\u011b\u0161il,\u201c<\/em> dodal k&nbsp;letn\u00ed pauze novope\u010den\u00fd otec, reprezenta\u010dn\u00ed \u00fato\u010dn\u00edk <strong>Miroslav Novotn\u00fd.<\/strong> Na letn\u00edm kempu v&nbsp;Moutnici chyb\u011bli \u010dty\u0159i hr\u00e1\u010di, kte\u0159\u00ed je\u0161t\u011b nemaj\u00ed dol\u00e9\u010den\u00e1 zran\u011bn\u00ed. Naopak do nov\u00e9 sez\u00f3ny vstupuje parahokejov\u00fd n\u00e1rodn\u00ed t\u00fdm s&nbsp;nov\u00fdmi posilami. Po pauze se do reprezenta\u010dn\u00ed p\u0159\u00edpravy vr\u00e1til Luk\u00e1\u0161 Michal\u010d\u00edn. Dal\u0161\u00edm nad\u011bjn\u00fdm hr\u00e1\u010dem je David Ondr\u00e1k, kter\u00fd loni odehr\u00e1l sez\u00f3nu v paraligov\u00e9m Zl\u00edn\u011b. \u201e<em>My v&nbsp;tom klukovi vid\u00edme potenci\u00e1l, proto\u017ee se n\u00e1m l\u00edb\u00ed, jak na sob\u011b chce makat, a proto mu chceme dop\u0159\u00e1t taky maxim\u00e1ln\u00ed d\u00e1vku tr\u00e9ninkov\u00fdch jednotek,\u201c <\/em>komentoval <strong>tren\u00e9r Jakub Novotn\u00fd<\/strong>.<\/p>\n\n\n<p><iframe style=\"border: none; overflow: hidden;\" src=\"https:\/\/www.facebook.com\/plugins\/post.php?href=https%3A%2F%2Fwww.facebook.com%2Fparahockeycz%2Fposts%2Fpfbid02NvJB4Kh55DzVtEzHDWPvmUzXLetGaAqeB2rcmrZZwRHXwRbVSrJy21N5ZwceaZa8l&amp;show_text=true&amp;width=500\" width=\"500\" height=\"670\" frameborder=\"0\" scrolling=\"no\" allowfullscreen=\"allowfullscreen\"><\/iframe><\/p>\n\n\n<h2 class=\"wp-block-heading\">Prvn\u00ed prov\u011brka v&nbsp;\u0159\u00edjnu v&nbsp;Ostrav\u011b na IPH CUPu<\/h2>\n\n\n\n<p>Po dvou spole\u010dn\u00fdch kempech \u010dekaj\u00ed parahokejov\u00fd t\u00fdm takzvan\u00e9 huby, kter\u00e9 maj\u00ed reprezentanti bl\u00ed\u017ee ke sv\u00fdm domov\u016fm. <em>\u201eV \u0159\u00edjnu se pak potk\u00e1me na dal\u0161\u00edm spole\u010dn\u00e9m kempu p\u0159ed IPH CUPem, na kter\u00fd se t\u011b\u0161\u00edme a v\u011b\u0159\u00edme, \u017ee tam uk\u00e1\u017eeme na\u0161e dobr\u00e9 v\u00fdsledky z&nbsp;mistrovstv\u00ed sv\u011bta,\u201c<\/em> dodal<strong> tren\u00e9r Jakub Novotn\u00fd<\/strong>. \u010cesk\u00e1 reprezentace se hned ze startu sez\u00f3ny v&nbsp;Ostrav\u011b utk\u00e1 s&nbsp;kompletn\u00ed sv\u011btovou \u0161pi\u010dkou. Na presti\u017en\u00edm turnaji IPH CUP 2024 se fanou\u0161k\u016fm p\u0159edvedou t\u00fdmy USA, Kanady, \u010ceska a It\u00e1lie.<\/p>\n\n\n\n<figure class=\"wp-block-image size-large\"><a href=\"https:\/\/parahockey.cz\/iph-cup-2024\/\"><img loading=\"lazy\" decoding=\"async\" width=\"1024\" height=\"576\" src=\"https:\/\/parahockey.cz\/wp-content\/uploads\/2024\/08\/iph-cup-2024-1024x576.jpg\" alt=\"\" class=\"wp-image-22697\" srcset=\"https:\/\/parahockey.cz\/wp-content\/uploads\/2024\/08\/iph-cup-2024-1024x576.jpg 1024w, https:\/\/parahockey.cz\/wp-content\/uploads\/2024\/08\/iph-cup-2024-300x169.jpg 300w, https:\/\/parahockey.cz\/wp-content\/uploads\/2024\/08\/iph-cup-2024-768x432.jpg 768w, https:\/\/parahockey.cz\/wp-content\/uploads\/2024\/08\/iph-cup-2024-128x72.jpg 128w, https:\/\/parahockey.cz\/wp-content\/uploads\/2024\/08\/iph-cup-2024-32x18.jpg 32w, https:\/\/parahockey.cz\/wp-content\/uploads\/2024\/08\/iph-cup-2024.jpg 1280w\" sizes=\"(max-width: 1024px) 100vw, 1024px\" \/><\/a><\/figure>\n\n\n\n<h1 class=\"wp-block-heading has-text-align-center\"><a href=\"https:\/\/www.smsticket.cz\/skupiny\/583-svetovy-turnaj-parahokeje-iph-cup-2024\" target=\"_blank\" rel=\"noopener\">Vstupenky na IPH CUP 2024 jsou ji\u017e v\u00a0prodeji!<\/a><\/h1>\n\n\n\n<figure class=\"wp-block-embed is-type-video is-provider-youtube wp-block-embed-youtube wp-embed-aspect-16-9 wp-has-aspect-ratio\"><div class=\"wp-block-embed__wrapper\">\n<iframe title=\"IPH Cup 2024\" width=\"800\" height=\"450\" src=\"https:\/\/www.youtube.com\/embed\/80_UeWw6me8?feature=oembed\" frameborder=\"0\" allow=\"accelerometer; autoplay; clipboard-write; encrypted-media; gyroscope; picture-in-picture; web-share\" referrerpolicy=\"strict-origin-when-cross-origin\" allowfullscreen><\/iframe>\n<\/div><\/figure>\n\n\n\n<p class=\"has-text-align-right\">Text: Zuzana Martin\u010d\u00edk Glacov\u00e1<br>Foto: David Handl<\/p>\n","protected":false},"excerpt":{"rendered":"<p>Kusto Petr Str\u00e1nsk\u00fd kle\u010d\u00ed na led\u011b a utahuje no\u017ee na sledgi V\u00e1clava He\u010dka. Zat\u00edmco venku jsou st\u00e1le tropick\u00e9 letn\u00ed teploty, \u010desk\u00e1 parahokejov\u00e1 reprezentace sko\u010dila do san\u00ed a vrhla se na \u201enejen\u201c ledovou p\u0159\u00edpravu. Nov\u00e1 sez\u00f3na 2024\/25 pr\u00e1v\u011b za\u010d\u00edn\u00e1 spole\u010dn\u00fdm tr\u00e9ninkem na led\u011b v&nbsp;Moutnici. Hned za m\u011bs\u00edc \u010dek\u00e1 n\u00e1rodn\u00ed t\u00fdm prvn\u00ed ostr\u00e1 prov\u011brka. V Ostrav\u011b se [&hellip;]<\/p>\n","protected":false},"author":4,"featured_media":22755,"comment_status":"open","ping_status":"open","sticky":false,"template":"","format":"standard","meta":{"_acf_changed":false,"inline_featured_image":false,"footnotes":""},"categories":[31],"tags":[],"class_list":["post-22754","post","type-post","status-publish","format-standard","has-post-thumbnail","hentry","category-aktuality"],"acf":[],"_links":{"self":[{"href":"https:\/\/parahockey.cz\/en\/wp-json\/wp\/v2\/posts\/22754","targetHints":{"allow":["GET"]}}],"collection":[{"href":"https:\/\/parahockey.cz\/en\/wp-json\/wp\/v2\/posts"}],"about":[{"href":"https:\/\/parahockey.cz\/en\/wp-json\/wp\/v2\/types\/post"}],"author":[{"embeddable":true,"href":"https:\/\/parahockey.cz\/en\/wp-json\/wp\/v2\/users\/4"}],"replies":[{"embeddable":true,"href":"https:\/\/parahockey.cz\/en\/wp-json\/wp\/v2\/comments?post=22754"}],"version-history":[{"count":2,"href":"https:\/\/parahockey.cz\/en\/wp-json\/wp\/v2\/posts\/22754\/revisions"}],"predecessor-version":[{"id":22778,"href":"https:\/\/parahockey.cz\/en\/wp-json\/wp\/v2\/posts\/22754\/revisions\/22778"}],"wp:featuredmedia":[{"embeddable":true,"href":"https:\/\/parahockey.cz\/en\/wp-json\/wp\/v2\/media\/22755"}],"wp:attachment":[{"href":"https:\/\/parahockey.cz\/en\/wp-json\/wp\/v2\/media?parent=22754"}],"wp:term":[{"taxonomy":"category","embeddable":true,"href":"https:\/\/parahockey.cz\/en\/wp-json\/wp\/v2\/categories?post=22754"},{"taxonomy":"post_tag","embeddable":true,"href":"https:\/\/parahockey.cz\/en\/wp-json\/wp\/v2\/tags?post=22754"}],"curies":[{"name":"wp","href":"https:\/\/api.w.org\/{rel}","templated":true}]}}