{"id":22785,"date":"2024-09-09T13:25:48","date_gmt":"2024-09-09T11:25:48","guid":{"rendered":"https:\/\/parahockey.cz\/?p=22785"},"modified":"2024-09-09T13:25:53","modified_gmt":"2024-09-09T11:25:53","slug":"neni-to-jen-parahokej-je-to-o-parte-tymovem-duchu-pocitu-ze-nekam-konecne-patrite-rikaji-rodice-zacinajicich-parahokejistu","status":"publish","type":"post","link":"https:\/\/parahockey.cz\/en\/aktuality\/parahokejovy-rozvojovy-kemp\/neni-to-jen-parahokej-je-to-o-parte-tymovem-duchu-pocitu-ze-nekam-konecne-patrite-rikaji-rodice-zacinajicich-parahokejistu\/","title":{"rendered":"\u201eNen\u00ed to jen parahokej. Je to o part\u011b, t\u00fdmov\u00e9m duchu, pocitu, \u017ee n\u011bkam kone\u010dn\u011b pat\u0159\u00edte,\u201c \u0159\u00edkaj\u00ed rodi\u010de za\u010d\u00ednaj\u00edc\u00edch parahokejist\u016f"},"content":{"rendered":"\n<p><strong>S\u00a0novou sez\u00f3nou p\u0159ich\u00e1z\u00ed tak\u00e9 dal\u0161\u00ed v\u00e1rka Rozvojov\u00fdch kemp\u016f parahokeje. Nad\u011bje tohoto sportu to po\u0159\u00e1dn\u011b rozjely v\u00a0T\u0159inci. Na led\u011b Ocel\u00e1\u0159\u016f tr\u00e9novalo hned 13 hr\u00e1\u010d\u016f a hr\u00e1\u010dek. A \u017ee parahokejist\u00e9 maj\u00ed silnou konkurenci dokazuje fakt, \u017ee ze t\u0159in\u00e1cti \u00fa\u010dastn\u00edk\u016f kempu bylo hned 5 \u017een parahokejistek!<\/strong><\/p>\n\n\n\n<p>Vz\u00e1jemn\u00e1 motivace funguje na led\u011b parahokejov\u00fdch kemp\u016f v\u016fbec nejl\u00e9pe. Za\u010d\u00ednaj\u00edc\u00ed nebo m\u00edrn\u011b pokro\u010dil\u00ed hr\u00e1\u010di a hr\u00e1\u010dky vzhl\u00ed\u017eej\u00ed k\u00a0reprezentant\u016fm. Oni jsou jejich idoly a oni jsou jejich motivac\u00ed k\u00a0tomu, aby se s\u00a0ka\u017ed\u00fdm Rozvojov\u00fdm kempem parahokeje zlep\u0161ovali. Na led\u011b t\u0159ineck\u00fdch Ocel\u00e1\u0159\u016f se od \u010dtvrtka do ned\u011ble proh\u00e1n\u011bl t\u0159eba hv\u011bzdn\u00fd americk\u00fd \u00fato\u010dn\u00edk Rob Easley, kapit\u00e1n \u010desk\u00e9 parahokejov\u00e9 reprezentace Radek Zelinka, hr\u00e1\u010di ligov\u00fdch Flamingos z\u00a0Ostravy a to v\u0161e pod taktovkou kou\u010de Ji\u0159\u00edho B\u0159\u00edzy. Pr\u00e1v\u011b od nich nas\u00e1val inspiraci a dovednosti tak\u00e9 dvan\u00e1ctilet\u00fd Petr Michalik nebo \u0161estilet\u00fd Darek Faifr. Jeden s\u00a0parahokejem za\u010d\u00ednal p\u0159esn\u011b p\u0159ed rokem v\u00a0T\u0159inci, druh\u00fd vyzkou\u0161el poprv\u00e9 sledge v\u00a0\u00fanoru v\u00a0Praze. Oba parahokej nadchnul, oba u n\u011bj z\u016fstali a pro oba to nen\u00ed jen sport, ale nov\u00e1 energie do \u017eivota. Raduj\u00ed se z toho i jejich rodi\u010de. Pr\u00e1v\u011b pro tyto d\u011bti je parahokejov\u00e1 kabina m\u00edstem, kde na\u0161ly \u00fato\u010di\u0161t\u011b, p\u0159\u00e1tel\u00e9 i vy\u017eit\u00ed. <em>\u201eDarek m\u00e1 neskute\u010dn\u00e9ho t\u00fdmov\u00e9ho ducha. Na Spart\u011b, kde za\u010dal tak\u00e9 tr\u00e9novat, se stal hned t\u00fdmov\u00fdm maskotem. Na led\u011b m\u00e1 radost z\u00a0ka\u017ed\u00e9ho g\u00f3lu, pl\u00e1c\u00e1 v\u0161echny, ta radost je neskute\u010dn\u00e1,\u201c <\/em>komentovala p\u0159\u00edmo ze st\u0159\u00edda\u010dky u ledu t\u0159ineck\u00e9 Mini Werk Ar\u00e9ny m\u00e1ma \u0161estilet\u00e9ho parahokejisty <strong>Helena Faifrov\u00e1<\/strong>. <em>\u201eJsem moc r\u00e1d, \u017ee se ty kempy d\u011blaj\u00ed a ti mo\u017en\u00ed na\u0161i spoluhr\u00e1\u010di tady jsou. Je jich \u010d\u00edm d\u00e1l v\u00edc a za to jsem samoz\u0159ejm\u011b taky moc r\u00e1d,\u201c<\/em> dodal s\u00a0obdivem k\u00a0hou\u017eevnat\u00fdm za\u010d\u00e1te\u010dn\u00edk\u016fm <strong>kapit\u00e1n \u010desk\u00e9 parahokejov\u00e9 reprezentace Radek Zelinka<\/strong>. Velk\u00e9 c\u00edle neskr\u00fdvaj\u00ed ani sami nov\u00e1\u010dci. <em>\u201eCht\u011bl bych jednou reprezentovat \u010cesko a dostat se a\u017e na paralympi\u00e1du,\u201c<\/em> dodal p\u0159\u00edmo z\u00a0ledu \u0161estilet\u00fd <strong>Darek Faifr<\/strong>.<\/p>\n\n\n\n<figure class=\"wp-block-gallery has-nested-images columns-default is-cropped wp-block-gallery-1 is-layout-flex wp-block-gallery-is-layout-flex\">\n<figure class=\"wp-block-image size-large\"><a href=\"https:\/\/parahockey.cz\/wp-content\/uploads\/2024\/09\/IMG_4896-scaled.jpg\"><img fetchpriority=\"high\" decoding=\"async\" width=\"1024\" height=\"768\" data-id=\"22791\" src=\"https:\/\/parahockey.cz\/wp-content\/uploads\/2024\/09\/IMG_4896-1024x768.jpg\" alt=\"\" class=\"wp-image-22791\" srcset=\"https:\/\/parahockey.cz\/wp-content\/uploads\/2024\/09\/IMG_4896-1024x768.jpg 1024w, https:\/\/parahockey.cz\/wp-content\/uploads\/2024\/09\/IMG_4896-300x225.jpg 300w, https:\/\/parahockey.cz\/wp-content\/uploads\/2024\/09\/IMG_4896-768x576.jpg 768w, https:\/\/parahockey.cz\/wp-content\/uploads\/2024\/09\/IMG_4896-1536x1152.jpg 1536w, https:\/\/parahockey.cz\/wp-content\/uploads\/2024\/09\/IMG_4896-scaled.jpg 1920w, https:\/\/parahockey.cz\/wp-content\/uploads\/2024\/09\/IMG_4896-128x96.jpg 128w, https:\/\/parahockey.cz\/wp-content\/uploads\/2024\/09\/IMG_4896-32x24.jpg 32w\" sizes=\"(max-width: 1024px) 100vw, 1024px\" \/><\/a><\/figure>\n\n\n\n<figure class=\"wp-block-image size-large\"><a href=\"https:\/\/parahockey.cz\/wp-content\/uploads\/2024\/09\/IMG_4898-scaled.jpg\"><img decoding=\"async\" width=\"1024\" height=\"768\" data-id=\"22793\" src=\"https:\/\/parahockey.cz\/wp-content\/uploads\/2024\/09\/IMG_4898-1024x768.jpg\" alt=\"\" class=\"wp-image-22793\" srcset=\"https:\/\/parahockey.cz\/wp-content\/uploads\/2024\/09\/IMG_4898-1024x768.jpg 1024w, https:\/\/parahockey.cz\/wp-content\/uploads\/2024\/09\/IMG_4898-300x225.jpg 300w, https:\/\/parahockey.cz\/wp-content\/uploads\/2024\/09\/IMG_4898-768x576.jpg 768w, https:\/\/parahockey.cz\/wp-content\/uploads\/2024\/09\/IMG_4898-1536x1152.jpg 1536w, https:\/\/parahockey.cz\/wp-content\/uploads\/2024\/09\/IMG_4898-scaled.jpg 1920w, https:\/\/parahockey.cz\/wp-content\/uploads\/2024\/09\/IMG_4898-128x96.jpg 128w, https:\/\/parahockey.cz\/wp-content\/uploads\/2024\/09\/IMG_4898-32x24.jpg 32w\" sizes=\"(max-width: 1024px) 100vw, 1024px\" \/><\/a><\/figure>\n\n\n\n<figure class=\"wp-block-image size-large\"><a href=\"https:\/\/parahockey.cz\/wp-content\/uploads\/2024\/09\/IMG_4900-scaled.jpg\"><img decoding=\"async\" width=\"1024\" height=\"768\" data-id=\"22788\" src=\"https:\/\/parahockey.cz\/wp-content\/uploads\/2024\/09\/IMG_4900-1024x768.jpg\" alt=\"\" class=\"wp-image-22788\" srcset=\"https:\/\/parahockey.cz\/wp-content\/uploads\/2024\/09\/IMG_4900-1024x768.jpg 1024w, https:\/\/parahockey.cz\/wp-content\/uploads\/2024\/09\/IMG_4900-300x225.jpg 300w, https:\/\/parahockey.cz\/wp-content\/uploads\/2024\/09\/IMG_4900-768x576.jpg 768w, https:\/\/parahockey.cz\/wp-content\/uploads\/2024\/09\/IMG_4900-1536x1152.jpg 1536w, https:\/\/parahockey.cz\/wp-content\/uploads\/2024\/09\/IMG_4900-scaled.jpg 1920w, https:\/\/parahockey.cz\/wp-content\/uploads\/2024\/09\/IMG_4900-128x96.jpg 128w, https:\/\/parahockey.cz\/wp-content\/uploads\/2024\/09\/IMG_4900-32x24.jpg 32w\" sizes=\"(max-width: 1024px) 100vw, 1024px\" \/><\/a><\/figure>\n\n\n\n<figure class=\"wp-block-image size-large\"><img loading=\"lazy\" decoding=\"async\" width=\"1024\" height=\"768\" data-id=\"22790\" src=\"https:\/\/parahockey.cz\/wp-content\/uploads\/2024\/09\/IMG_4903-1024x768.jpg\" alt=\"\" class=\"wp-image-22790\" srcset=\"https:\/\/parahockey.cz\/wp-content\/uploads\/2024\/09\/IMG_4903-1024x768.jpg 1024w, https:\/\/parahockey.cz\/wp-content\/uploads\/2024\/09\/IMG_4903-300x225.jpg 300w, https:\/\/parahockey.cz\/wp-content\/uploads\/2024\/09\/IMG_4903-768x576.jpg 768w, https:\/\/parahockey.cz\/wp-content\/uploads\/2024\/09\/IMG_4903-1536x1152.jpg 1536w, https:\/\/parahockey.cz\/wp-content\/uploads\/2024\/09\/IMG_4903-scaled.jpg 1920w, https:\/\/parahockey.cz\/wp-content\/uploads\/2024\/09\/IMG_4903-128x96.jpg 128w, https:\/\/parahockey.cz\/wp-content\/uploads\/2024\/09\/IMG_4903-32x24.jpg 32w\" sizes=\"(max-width: 1024px) 100vw, 1024px\" \/><\/figure>\n\n\n\n<figure class=\"wp-block-image size-large\"><a href=\"https:\/\/parahockey.cz\/wp-content\/uploads\/2024\/09\/IMG_4905-scaled.jpg\"><img loading=\"lazy\" decoding=\"async\" width=\"1024\" height=\"768\" data-id=\"22795\" src=\"https:\/\/parahockey.cz\/wp-content\/uploads\/2024\/09\/IMG_4905-1024x768.jpg\" alt=\"\" class=\"wp-image-22795\" srcset=\"https:\/\/parahockey.cz\/wp-content\/uploads\/2024\/09\/IMG_4905-1024x768.jpg 1024w, https:\/\/parahockey.cz\/wp-content\/uploads\/2024\/09\/IMG_4905-300x225.jpg 300w, https:\/\/parahockey.cz\/wp-content\/uploads\/2024\/09\/IMG_4905-768x576.jpg 768w, https:\/\/parahockey.cz\/wp-content\/uploads\/2024\/09\/IMG_4905-1536x1152.jpg 1536w, https:\/\/parahockey.cz\/wp-content\/uploads\/2024\/09\/IMG_4905-scaled.jpg 1920w, https:\/\/parahockey.cz\/wp-content\/uploads\/2024\/09\/IMG_4905-128x96.jpg 128w, https:\/\/parahockey.cz\/wp-content\/uploads\/2024\/09\/IMG_4905-32x24.jpg 32w\" sizes=\"(max-width: 1024px) 100vw, 1024px\" \/><\/a><\/figure>\n<\/figure>\n\n\n\n<p>V\u00a0parahokeji toti\u017e ani nen\u00ed mal\u00fdch c\u00edl\u016f. Dokazuj\u00ed to pr\u00e1v\u011b i reprezentanti jako V\u00e1clav He\u010dko, Martin \u017di\u017elavsk\u00fd, Luk\u00e1\u0161 Kapko nebo kapit\u00e1n Radek Zelinka, kte\u0159\u00ed s\u00a0parahokejem pr\u00e1v\u011b na Rozvojov\u00e9m kempu parahokeje za\u010d\u00ednali. Dnes u\u017e pat\u0159\u00ed k\u00a0tahoun\u016fm \u010desk\u00e9ho n\u00e1rodn\u00edho t\u00fdmu.<\/p>\n\n\n\n<figure class=\"wp-block-embed is-type-video is-provider-youtube wp-block-embed-youtube wp-embed-aspect-16-9 wp-has-aspect-ratio\"><div class=\"wp-block-embed__wrapper\">\n<iframe title=\"BBV \u010cT: Rozvojov\u00fd kemp parahokeje op\u011bt v T\u0159inci\" width=\"800\" height=\"450\" src=\"https:\/\/www.youtube.com\/embed\/EJpPS3P7a-I?feature=oembed\" frameborder=\"0\" allow=\"accelerometer; autoplay; clipboard-write; encrypted-media; gyroscope; picture-in-picture; web-share\" referrerpolicy=\"strict-origin-when-cross-origin\" allowfullscreen><\/iframe>\n<\/div><figcaption class=\"wp-element-caption\">BBV \u010cT zachytily Rozvojov\u00fd kemp parahokeje v T\u0159inci.<\/figcaption><\/figure>\n\n\n\n<p class=\"has-text-align-center\"><strong>Za podpor\u016f nov\u00fdch parahokejov\u00fdch nad\u011bj\u00ed d\u011bkujeme v\u0161em partner\u016fm, spole\u010dnosti Kaufland, Komer\u010dn\u00ed banka a \u010cesk\u00e9mu paralympijsk\u00e9mu v\u00fdboru. Klubu HC Ocel\u00e1\u0159i T\u0159inec d\u011bkujeme za skv\u011bl\u00e9 z\u00e1zem\u00ed pro mal\u00e9, za\u010d\u00ednaj\u00edc\u00ed parahokejisty a parahokejistky.<\/strong><\/p>\n","protected":false},"excerpt":{"rendered":"<p>S\u00a0novou sez\u00f3nou p\u0159ich\u00e1z\u00ed tak\u00e9 dal\u0161\u00ed v\u00e1rka Rozvojov\u00fdch kemp\u016f parahokeje. Nad\u011bje tohoto sportu to po\u0159\u00e1dn\u011b rozjely v\u00a0T\u0159inci. Na led\u011b Ocel\u00e1\u0159\u016f tr\u00e9novalo hned 13 hr\u00e1\u010d\u016f a hr\u00e1\u010dek. A \u017ee parahokejist\u00e9 maj\u00ed silnou konkurenci dokazuje fakt, \u017ee ze t\u0159in\u00e1cti \u00fa\u010dastn\u00edk\u016f kempu bylo hned 5 \u017een parahokejistek! Vz\u00e1jemn\u00e1 motivace funguje na led\u011b parahokejov\u00fdch kemp\u016f v\u016fbec nejl\u00e9pe. Za\u010d\u00ednaj\u00edc\u00ed nebo m\u00edrn\u011b [&hellip;]<\/p>\n","protected":false},"author":4,"featured_media":22786,"comment_status":"open","ping_status":"open","sticky":false,"template":"","format":"standard","meta":{"_acf_changed":false,"inline_featured_image":false,"footnotes":""},"categories":[61],"tags":[],"class_list":["post-22785","post","type-post","status-publish","format-standard","has-post-thumbnail","hentry","category-parahokejovy-rozvojovy-kemp"],"acf":[],"_links":{"self":[{"href":"https:\/\/parahockey.cz\/en\/wp-json\/wp\/v2\/posts\/22785","targetHints":{"allow":["GET"]}}],"collection":[{"href":"https:\/\/parahockey.cz\/en\/wp-json\/wp\/v2\/posts"}],"about":[{"href":"https:\/\/parahockey.cz\/en\/wp-json\/wp\/v2\/types\/post"}],"author":[{"embeddable":true,"href":"https:\/\/parahockey.cz\/en\/wp-json\/wp\/v2\/users\/4"}],"replies":[{"embeddable":true,"href":"https:\/\/parahockey.cz\/en\/wp-json\/wp\/v2\/comments?post=22785"}],"version-history":[{"count":1,"href":"https:\/\/parahockey.cz\/en\/wp-json\/wp\/v2\/posts\/22785\/revisions"}],"predecessor-version":[{"id":22798,"href":"https:\/\/parahockey.cz\/en\/wp-json\/wp\/v2\/posts\/22785\/revisions\/22798"}],"wp:featuredmedia":[{"embeddable":true,"href":"https:\/\/parahockey.cz\/en\/wp-json\/wp\/v2\/media\/22786"}],"wp:attachment":[{"href":"https:\/\/parahockey.cz\/en\/wp-json\/wp\/v2\/media?parent=22785"}],"wp:term":[{"taxonomy":"category","embeddable":true,"href":"https:\/\/parahockey.cz\/en\/wp-json\/wp\/v2\/categories?post=22785"},{"taxonomy":"post_tag","embeddable":true,"href":"https:\/\/parahockey.cz\/en\/wp-json\/wp\/v2\/tags?post=22785"}],"curies":[{"name":"wp","href":"https:\/\/api.w.org\/{rel}","templated":true}]}}