{"id":24664,"date":"2025-05-26T07:04:59","date_gmt":"2025-05-26T05:04:59","guid":{"rendered":"https:\/\/parahockey.cz\/?p=24664"},"modified":"2025-05-26T07:05:03","modified_gmt":"2025-05-26T05:05:03","slug":"druhe-utkani-druha-vyhra-a-jistota-ucasti-na-paralympiade","status":"publish","type":"post","link":"https:\/\/parahockey.cz\/en\/repre\/ms-buffalo-2025\/druhe-utkani-druha-vyhra-a-jistota-ucasti-na-paralympiade\/","title":{"rendered":"Druh\u00e9 utk\u00e1n\u00ed, druh\u00e1 v\u00fdhra a jistota \u00fa\u010dasti na paralympi\u00e1d\u011b."},"content":{"rendered":"\n<p><br>V ned\u011bli 25. kv\u011btna v\u00a016 hodin st\u0159edoevropsk\u00e9ho \u010dasu zapo\u010dala \u010desk\u00e1 para reprezentace druh\u00e9 utk\u00e1n\u00ed MS. Nor\u016fm nedali moc \u0161anc\u00ed usadit se p\u0159ed Sedl\u00e1\u010dkem, kter\u00fd tak vychytal \u010dist\u00e9 konto. Na v\u00fdh\u0159e 4:0 se dv\u011bma brankami pod\u00edlel Michal Geier a je prozat\u00edm nejlep\u0161\u00edm st\u0159elcem t\u00fdmu.<\/p>\n\n\n\n<p>\u010cesk\u00fd t\u00fdm v&nbsp;\u010derven\u00fdch dresech byl v&nbsp;tomto z\u00e1pase veden op\u011bt jako dom\u00e1c\u00ed a favorit k&nbsp;tomu. Na za\u010d\u00e1tku p\u00e1t\u00e9 minuty sv\u016fj neoblomn\u00fd tlak zakon\u010dil kapit\u00e1n&nbsp;<strong>Radek Zelinka<\/strong>. St\u0159ela \u017di\u017elavsk\u00e9ho z&nbsp;lev\u00e9ho k\u0159\u00eddla Sundtovi skon\u010dila pod san\u011bmi, co\u017e vid\u011bl naj\u00ed\u017ed\u011bj\u00edc\u00ed Zelinka a otev\u0159el sk\u00f3re utk\u00e1n\u00ed. Brzy mohli dom\u00e1c\u00ed v\u00e9st o dv\u011b branky, jen\u017ee norsk\u00fd g\u00f3lman Kapka vychytal. O minutu pozd\u011bji u\u017e byl Sundten kr\u00e1tk\u00fd na souhru H\u00e1bla s&nbsp;<strong>Michalem Geierem<\/strong>. Op\u011bt najet\u00ed od st\u0159\u00edda\u010dek a H\u00e1blova nahr\u00e1vka brankovi\u0161t\u011bm na Geierovo zakon\u010den\u00ed do odkryt\u00e9 poloviny br\u00e1ny.&nbsp;<br>K ofenz\u00edv\u011b se v&nbsp;polovin\u011b t\u0159etiny nadechli i Norov\u00e9, Sedl\u00e1\u010dka, jak uk\u00e1zaly kamery, zachr\u00e1nila lev\u00e1 ty\u010d. A po p\u00e1r minut\u00e1ch mohli host\u00e9 vyu\u017e\u00edt \u010desk\u00e9ho zav\u00e1h\u00e1n\u00ed v&nbsp;podob\u011b sr\u00e1\u017eky dvou hr\u00e1\u010d\u016f na obrann\u00e9 modr\u00e9. Kapko ale zat\u00e1hl za z\u00e1chrannou brzdu i za cenu faulu.<br>Sedl\u00e1\u010dek si v&nbsp;oslaben\u00ed poradil jak se st\u0159elami, tak dor\u00e1\u017ekami a uk\u00e1zal i v\u00fdbornou pr\u00e1ci hol\u00ed. Jeho rychl\u00e1 rozehr\u00e1vka v&nbsp;z\u00e1v\u011bru oslaben\u00ed dostala Kube\u0161e s&nbsp;H\u00e1blem p\u0159ed soupe\u0159ovu br\u00e1nu. Sundt si p\u0159ipsal jen \u00fasp\u011b\u0161n\u00fd z\u00e1krok. A v&nbsp;\u00fapln\u00e9m z\u00e1v\u011bru t\u0159etiny se do \u00faniku pod\u00e9l mantinelu protla\u010dil Filip Vesel\u00fd, Sundt mu zakon\u010den\u00ed u sv\u00e9 prav\u00e9 ty\u010de lapil.<\/p>\n\n\n\n<p><br>\u010ce\u0161i m\u011bli p\u0159evahu i po p\u0159est\u00e1vce. Hned z&nbsp;kraje druh\u00e9 t\u0159etiny st\u0159\u00edlel z&nbsp;lev\u00e9ho kruhu \u017di\u017elavsk\u00fd, o minutu pozd\u011bji prov\u011b\u0159il post\u0159eh Sundta He\u010dko z&nbsp;mezikru\u017e\u00ed, kter\u00fd dostal ve st\u0159\u00edd\u00e1n\u00ed je\u0161t\u011b jednu \u0161anci, ale i tu norsk\u00fd g\u00f3lman za z\u00e1da nepustil. Norov\u00e9 se do \u00fato\u010dn\u00e9 t\u0159etiny dostali a\u017e ve \u010dtvrt\u00e9 minut\u011b druh\u00e9ho d\u011bjstv\u00ed, dom\u00e1c\u00ed obrana ale op\u011bt uk\u00e1zala kvality a Sedl\u00e1\u010dek nemusel ani zasahovat. Hra se n\u00e1sledn\u011b kouskovala z\u00e1sluhou norsk\u00fdch vyhazov\u00e1n\u00ed kotou\u010d\u016f p\u0159es v\u0161echny \u010d\u00e1ry.<br>Sk\u00f3re se m\u011bnilo a\u017e v&nbsp;\u010dase 22:24, kdy Norov\u00e9 v&nbsp;obran\u011b tot\u00e1ln\u011b propadli. Toho vyu\u017eili Zelinka s&nbsp;<strong>Martinem \u017di\u017elavsk\u00fdm<\/strong>. Prvn\u00ed jmenovan\u00fd zajel pod\u00e9l mantinelu do p\u00e1sma a p\u0159es br\u00e1n\u00edc\u00edho hr\u00e1\u010de poslal kotou\u010d na osu h\u0159i\u0161t\u011b \u017di\u017elavsk\u00e9mu, kter\u00fd tv\u00e1\u0159\u00ed v&nbsp;tv\u00e1\u0159 Sundtovi zv\u00edt\u011bzil st\u0159elou po led\u011b.&nbsp;<br>Ve druh\u00e9 polovin\u011b prost\u0159edn\u00ed t\u0159etiny bylo Nor\u016fm \u010deskou defenz\u00edvou dovoleno v\u00edce \u00fato\u010dit a po nep\u0159esn\u00e9 rozehr\u00e1vce od vlastn\u00ed br\u00e1ny se kotou\u010d dostal na h\u016fl Kronberga, kter\u00fd byl ale Sedl\u00e1\u010dkov\u00fdm semaforem vychyt\u00e1n. 40 sekund p\u0159ed druhou p\u0159est\u00e1vkou najel Vesel\u00fd tvrd\u011b na Solberga a byla z&nbsp;toho u norsk\u00e9 st\u0159\u00edda\u010dky men\u0161\u00ed poty\u010dka n\u011bkolika hr\u00e1\u010d\u016f. Do kabin \u0161ly t\u00fdmy za stavu 3:0 pro \u010desk\u00fd celek a hlavn\u011b ve zdrav\u00ed\u2026 He\u010dko v&nbsp;souboji o kotou\u010d v&nbsp;obrann\u00e9 t\u0159etin\u011b m\u011bl \u0161t\u011bst\u00ed, \u017ee se udr\u017eel na led\u011b p\u0159i otev\u0159en\u00ed pomocn\u00fdch vr\u00e1tek v&nbsp;rohu kluzi\u0161t\u011b.<\/p>\n\n\n\n<p><br>Po p\u0159est\u00e1vce m\u011bl He\u010dko mo\u017enost zapsat sv\u00e9 jm\u00e9no do statistik asistenc\u00ed, kdy\u017e zavezl puk p\u0159ed Sundta a m\u00edsto st\u0159ely volil nahr\u00e1vku vpravo na Kube\u0161e. Norsk\u00fd g\u00f3lman akci p\u0159e\u010detl v\u010das a k&nbsp;lev\u00e9 ty\u010di se bleskov\u011b nat\u00e1hnul. Jeho spoluhr\u00e1\u010di se n\u00e1sledn\u011b zkou\u0161eli dostat k&nbsp;br\u00e1n\u011b Sedl\u00e1\u010dka nahazovan\u00fdmi kotou\u010di, ty v\u0161ak rychleji doj\u00ed\u017ed\u011bli dom\u00e1c\u00ed, tedy \u010de\u0161t\u00ed, hr\u00e1\u010di. A bleskov\u00e9 p\u0159en\u00e1\u0161en\u00ed hry d\u011blalo Nor\u016fm pot\u00ed\u017ee. Sundt si tak p\u0159ipisoval z\u00e1kroky d\u00edky st\u0159el\u00e1m \u017di\u017elavsk\u00e9ho, Zelinky nebo Ohary.&nbsp;<br>Pro uklidn\u011bn\u00ed man\u010daftu, kter\u00fd z\u00edskal \u00fato\u010dn\u00e9 p\u00e1smo, si host\u00e9 vzali na za\u010d\u00e1tku 39. minuty oddechov\u00fd \u010das, ale po buly p\u0159ed Sedl\u00e1\u010dkem se na kotou\u010di neudr\u017eeli. Ofenz\u00edvn\u011b po\u0159\u00e1d dominoval \u010desk\u00fd celek, okupoval brankovi\u0161t\u011b a jen d\u00edky pomoci obr\u00e1nc\u016f Sundt neinkasoval po\u010dtvrt\u00e9. Nav\u00fd\u0161en\u00ed veden\u00ed se \u010cech\u016fm nezda\u0159ilo ani po r\u00e1n\u011b He\u010dka z&nbsp;mezikru\u017e\u00ed a p\u0159i zah\u00e1jen\u00ed prvn\u00ed a jedin\u00e9 p\u0159esilovky z\u00e1pasu ani Zelinkovi.&nbsp;<br>Po p\u016fl minut\u011b u\u017e dom\u00e1c\u00ed g\u00f3l p\u0159eci jen slavili. A jak se \u0159\u00edk\u00e1: do t\u0159etice v\u0161eho dobr\u00e9ho\u2026 najet\u00ed po lev\u00e9m k\u0159\u00eddle, tentokr\u00e1t v pod\u00e1n\u00ed Filipa Vesel\u00e9ho, kter\u00fd si nakonec sjel a\u017e do brankovi\u0161t\u011b a vym\u00edch\u00e1n\u00edm puku pod san\u011bmi nab\u00eddl st\u0159\u00edlenou nahr\u00e1vku&nbsp;<strong>Michalu Geierovi<\/strong>. Ten jemnou te\u010d\u00ed k&nbsp;lev\u00e9 Sundtyho ty\u010di stanovil kone\u010dn\u00fd v\u00fdsledek utk\u00e1n\u00ed na 4:0 a svou druhou brankou v&nbsp;utk\u00e1n\u00ed se stal nejlep\u0161\u00edm st\u0159elcem t\u00fdmu.&nbsp;<\/p>\n\n\n\n<p><br>Norov\u00e9 se ve zb\u00fdvaj\u00edc\u00edch \u010dty\u0159ech minut\u00e1ch pokou\u0161eli smazat Patriku Sedl\u00e1\u010dkovi jeho prvn\u00ed \u010dist\u00e9 konto v&nbsp;reprezentaci. S&nbsp;podporou jeho spoluhr\u00e1\u010d\u016f se tak ale nestalo.&nbsp;<br>\u010ce\u0161i vyhr\u00e1li i druh\u00e9 utk\u00e1n\u00ed, \u010d\u00edm\u017e se kvalifikovali na paralympijsk\u00e9 hry 2026 v&nbsp;Mil\u00e1n\u011b.&nbsp;<br>N\u00e1sledn\u00fd program \u010desk\u00e9ho t\u00fdmu je voln\u00fd den a v&nbsp;\u00fater\u00fd odehraj\u00ed od 19:30 posledn\u00ed z\u00e1pas ve skupin\u011b s USA.&nbsp;<\/p>\n","protected":false},"excerpt":{"rendered":"<p>V ned\u011bli 25. kv\u011btna v\u00a016 hodin st\u0159edoevropsk\u00e9ho \u010dasu zapo\u010dala \u010desk\u00e1 para reprezentace druh\u00e9 utk\u00e1n\u00ed MS. Nor\u016fm nedali moc \u0161anc\u00ed usadit se p\u0159ed Sedl\u00e1\u010dkem, kter\u00fd tak vychytal \u010dist\u00e9 konto. Na v\u00fdh\u0159e 4:0 se dv\u011bma brankami pod\u00edlel Michal Geier a je prozat\u00edm nejlep\u0161\u00edm st\u0159elcem t\u00fdmu. \u010cesk\u00fd t\u00fdm v&nbsp;\u010derven\u00fdch dresech byl v&nbsp;tomto z\u00e1pase veden op\u011bt jako dom\u00e1c\u00ed a [&hellip;]<\/p>\n","protected":false},"author":6,"featured_media":24665,"comment_status":"open","ping_status":"open","sticky":false,"template":"","format":"standard","meta":{"_acf_changed":false,"inline_featured_image":false,"footnotes":""},"categories":[106],"tags":[],"class_list":["post-24664","post","type-post","status-publish","format-standard","has-post-thumbnail","hentry","category-ms-buffalo-2025"],"acf":[],"_links":{"self":[{"href":"https:\/\/parahockey.cz\/en\/wp-json\/wp\/v2\/posts\/24664","targetHints":{"allow":["GET"]}}],"collection":[{"href":"https:\/\/parahockey.cz\/en\/wp-json\/wp\/v2\/posts"}],"about":[{"href":"https:\/\/parahockey.cz\/en\/wp-json\/wp\/v2\/types\/post"}],"author":[{"embeddable":true,"href":"https:\/\/parahockey.cz\/en\/wp-json\/wp\/v2\/users\/6"}],"replies":[{"embeddable":true,"href":"https:\/\/parahockey.cz\/en\/wp-json\/wp\/v2\/comments?post=24664"}],"version-history":[{"count":1,"href":"https:\/\/parahockey.cz\/en\/wp-json\/wp\/v2\/posts\/24664\/revisions"}],"predecessor-version":[{"id":24667,"href":"https:\/\/parahockey.cz\/en\/wp-json\/wp\/v2\/posts\/24664\/revisions\/24667"}],"wp:featuredmedia":[{"embeddable":true,"href":"https:\/\/parahockey.cz\/en\/wp-json\/wp\/v2\/media\/24665"}],"wp:attachment":[{"href":"https:\/\/parahockey.cz\/en\/wp-json\/wp\/v2\/media?parent=24664"}],"wp:term":[{"taxonomy":"category","embeddable":true,"href":"https:\/\/parahockey.cz\/en\/wp-json\/wp\/v2\/categories?post=24664"},{"taxonomy":"post_tag","embeddable":true,"href":"https:\/\/parahockey.cz\/en\/wp-json\/wp\/v2\/tags?post=24664"}],"curies":[{"name":"wp","href":"https:\/\/api.w.org\/{rel}","templated":true}]}}