{"id":24688,"date":"2025-07-13T16:09:38","date_gmt":"2025-07-13T14:09:38","guid":{"rendered":"https:\/\/parahockey.cz\/?p=24688"},"modified":"2025-08-04T20:43:04","modified_gmt":"2025-08-04T18:43:04","slug":"parahokejova-sezona-2024-2025-bronzova-rekordni-a-plna-novych-tvari","status":"publish","type":"post","link":"https:\/\/parahockey.cz\/en\/aktuality\/parahokejova-sezona-2024-2025-bronzova-rekordni-a-plna-novych-tvari\/","title":{"rendered":"Parahokejov\u00e1 sezona 2024\/2025: bronzov\u00e1, rekordn\u00ed a pln\u00e1 nov\u00fdch tv\u00e1\u0159\u00ed"},"content":{"rendered":"\n<p>Sezona 2024\/2025 byla pro \u010desk\u00fd parahokej mimo\u0159\u00e1dn\u011b \u00fasp\u011b\u0161n\u00e1. N\u00e1rodn\u00ed t\u00fdm obh\u00e1jil bronzov\u00e9 medaile na mistrovstv\u00ed sv\u011bta a p\u0159\u00edmo se kvalifikoval na paralympijsk\u00e9 hry. Parahokejovou ligu op\u011bt ovl\u00e1dli karlovar\u0161t\u00ed \u017draloci. Rozvojov\u00fd program p\u0159iv\u00edtal des\u00edtky nov\u00e1\u010dk\u016f a celkov\u00e9 d\u011bn\u00ed potvrdilo, \u017ee se parahokej v \u010cesku t\u011b\u0161\u00ed st\u00e1le v\u011bt\u0161\u00edmu z\u00e1jmu a podpo\u0159e.<\/p>\n\n\n\n<h3 class=\"wp-block-heading\"><strong>Parahokejov\u00e1 reprezentace: <strong>cenn\u00e9 zku\u0161enosti<\/strong><\/strong>, <strong>d\u016fle\u017eit\u00e1 v\u00edt\u011bzstv\u00ed, jistota paralympi\u00e1dy<\/strong><\/h3>\n\n\n\n<p>Sezonu ji\u017e tradi\u010dn\u011b zah\u00e1jila reprezentace na dom\u00e1c\u00edm IPH Cupu, n\u00e1sledoval kanadsk\u00fd Para Hockey Cup a p\u0159\u00edpravn\u00e1 utk\u00e1n\u00ed s It\u00e1li\u00ed a Slovenskem v Ostrav\u011b. Vrchol sezony p\u0159i\u0161el na p\u0159elomu kv\u011btna na mistrovstv\u00ed sv\u011bta v americk\u00e9m Buffalu, kde m\u011bl \u010desk\u00fd t\u00fdm u\u017e po v\u00fdhr\u00e1ch nad Slovenskem a Norskem jist\u00fd postup do semifin\u00e1le. P\u0159ed branami fin\u00e1le se v\u0161ak n\u00e1rodn\u00edmu t\u00fdmu nepoda\u0159ilo zasko\u010dit favorizovanou Kanadu a nakonec obsadil t\u0159et\u00ed m\u00edsto, \u010d\u00edm\u017e obh\u00e1jil bronz z Calgary 2024. V\u00fdsledkem byla i p\u0159\u00edm\u00e1 kvalifikace na paralympijsk\u00e9 hry 2026.<\/p>\n\n\n\n<figure class=\"wp-block-image size-large\"><img fetchpriority=\"high\" decoding=\"async\" width=\"1024\" height=\"683\" src=\"https:\/\/parahockey.cz\/wp-content\/uploads\/2025\/08\/Bronz-02-1024x683.jpg\" alt=\"\" class=\"wp-image-24693\" srcset=\"https:\/\/parahockey.cz\/wp-content\/uploads\/2025\/08\/Bronz-02-1024x683.jpg 1024w, https:\/\/parahockey.cz\/wp-content\/uploads\/2025\/08\/Bronz-02-300x200.jpg 300w, https:\/\/parahockey.cz\/wp-content\/uploads\/2025\/08\/Bronz-02-768x512.jpg 768w, https:\/\/parahockey.cz\/wp-content\/uploads\/2025\/08\/Bronz-02-1536x1024.jpg 1536w, https:\/\/parahockey.cz\/wp-content\/uploads\/2025\/08\/Bronz-02.jpg 1920w, https:\/\/parahockey.cz\/wp-content\/uploads\/2025\/08\/Bronz-02-128x85.jpg 128w, https:\/\/parahockey.cz\/wp-content\/uploads\/2025\/08\/Bronz-02-32x21.jpg 32w\" sizes=\"(max-width: 1024px) 100vw, 1024px\" \/><\/figure>\n\n\n\n<p><strong>P\u0159ehled reprezenta\u010dn\u00edch akc\u00ed:<\/strong><\/p>\n\n\n\n<div class=\"wp-block-columns is-layout-flex wp-container-core-columns-is-layout-28f84493 wp-block-columns-is-layout-flex\">\n<div class=\"wp-block-column is-layout-flow wp-block-column-is-layout-flow\" style=\"flex-basis:100%\">\n<ul class=\"wp-block-list\">\n<li><strong>IPH Cup 2024 (Ostrava)<\/strong>&nbsp;\u2013 3. m\u00edsto<\/li>\n\n\n\n<li><strong>Para Hockey Cup (Charlottetown, Kanada)<\/strong>&nbsp;\u2013 4. m\u00edsto<\/li>\n\n\n\n<li><strong>3 utk\u00e1n\u00ed s It\u00e1li\u00ed (Ostrava)<\/strong><\/li>\n\n\n\n<li><strong>2 utk\u00e1n\u00ed se Slovenskem (Ostrava)<\/strong><\/li>\n\n\n\n<li><strong>Mistrovstv\u00ed sv\u011bta v parahokeji (Buffalo, USA)<\/strong>&nbsp;\u2013 3. m\u00edsto<\/li>\n<\/ul>\n<\/div>\n<\/div>\n\n\n\n<hr class=\"wp-block-separator has-alpha-channel-opacity\"\/>\n\n\n\n<h3 class=\"wp-block-heading\"><strong>Rozvojov\u00e9 kempy: nov\u00e9 tv\u00e1\u0159e a rostouc\u00ed z\u00e1jem<\/strong><\/h3>\n\n\n\n<div class=\"wp-block-columns is-layout-flex wp-container-core-columns-is-layout-28f84493 wp-block-columns-is-layout-flex\">\n<div class=\"wp-block-column is-layout-flow wp-block-column-is-layout-flow\" style=\"flex-basis:33.33%\">\n<p>V r\u00e1mci celorepublikov\u00e9ho rozvojov\u00e9ho programu prob\u011bhlo b\u011bhem sezony n\u011bkolik \u010dty\u0159denn\u00edch kemp\u016f, kter\u00e9 nab\u00eddly nov\u00e1\u010dk\u016fm prvn\u00ed kontakt s parahokejem a za\u010d\u00ednaj\u00edc\u00edm hr\u00e1\u010d\u016fm a hr\u00e1\u010dk\u00e1m cenn\u00e9 zku\u0161enosti. Zku\u0161en\u00ed reprezenta\u010dn\u00ed tren\u00e9\u0159i, pos\u00edlen\u00ed o ambasadora Zde\u0148ka Krupi\u010dku, provedli \u00fa\u010dastn\u00edky z\u00e1kladn\u00edmi dovednostmi a cvi\u010den\u00edmi nejen na led\u011b. Mezi nov\u00e1\u010dky byla i rekordn\u00ed \u00fa\u010dast \u017een, co\u017e nazna\u010duje pozitivn\u00ed v\u00fdvoj sm\u011brem k budouc\u00edmu \u017eensk\u00e9mu reprezenta\u010dn\u00edmu v\u00fdb\u011bru.<\/p>\n<\/div>\n\n\n\n<div class=\"wp-block-column is-layout-flow wp-block-column-is-layout-flow\" style=\"flex-basis:66.66%\">\n<figure class=\"wp-block-image size-large\"><img decoding=\"async\" width=\"1024\" height=\"683\" src=\"https:\/\/parahockey.cz\/wp-content\/uploads\/2025\/08\/Kemp-Praha_skupina-1024x683.jpg\" alt=\"\" class=\"wp-image-24695\" srcset=\"https:\/\/parahockey.cz\/wp-content\/uploads\/2025\/08\/Kemp-Praha_skupina-1024x683.jpg 1024w, https:\/\/parahockey.cz\/wp-content\/uploads\/2025\/08\/Kemp-Praha_skupina-300x200.jpg 300w, https:\/\/parahockey.cz\/wp-content\/uploads\/2025\/08\/Kemp-Praha_skupina-768x512.jpg 768w, https:\/\/parahockey.cz\/wp-content\/uploads\/2025\/08\/Kemp-Praha_skupina-1536x1024.jpg 1536w, https:\/\/parahockey.cz\/wp-content\/uploads\/2025\/08\/Kemp-Praha_skupina-scaled.jpg 1920w, https:\/\/parahockey.cz\/wp-content\/uploads\/2025\/08\/Kemp-Praha_skupina-128x85.jpg 128w, https:\/\/parahockey.cz\/wp-content\/uploads\/2025\/08\/Kemp-Praha_skupina-32x21.jpg 32w\" sizes=\"(max-width: 1024px) 100vw, 1024px\" \/><\/figure>\n<\/div>\n<\/div>\n\n\n\n<hr class=\"wp-block-separator has-alpha-channel-opacity\"\/>\n\n\n\n<h3 class=\"wp-block-heading\"><strong>Development t\u00fdm: bronz a \u010dtvrt\u00e9 m\u00edsto<\/strong><\/h3>\n\n\n\n<p>Rozvojov\u00fd t\u00fdm slo\u017een\u00fd prim\u00e1rn\u011b z \u00fa\u010dastn\u00edk\u016f rozvojov\u00fdch kemp\u016f a mlad\u00fdch hr\u00e1\u010d\u016f \u0161ir\u0161\u00edho k\u00e1dru reprezentace se p\u0159edstavil na dvou turnaj\u00edch. V Olomouci obsadil \u010dtvrt\u00e9 m\u00edsto, v Karlov\u00fdch Varech pak vybojoval bronz.<\/p>\n\n\n\n<div class=\"wp-block-columns is-layout-flex wp-container-core-columns-is-layout-28f84493 wp-block-columns-is-layout-flex\">\n<div class=\"wp-block-column is-layout-flow wp-block-column-is-layout-flow\">\n<figure class=\"wp-block-image size-large\"><img decoding=\"async\" width=\"1024\" height=\"768\" src=\"https:\/\/parahockey.cz\/wp-content\/uploads\/2025\/08\/Olomouc-Cup_79-2-1024x768.jpg\" alt=\"\" class=\"wp-image-24715\" srcset=\"https:\/\/parahockey.cz\/wp-content\/uploads\/2025\/08\/Olomouc-Cup_79-2-1024x768.jpg 1024w, https:\/\/parahockey.cz\/wp-content\/uploads\/2025\/08\/Olomouc-Cup_79-2-300x225.jpg 300w, https:\/\/parahockey.cz\/wp-content\/uploads\/2025\/08\/Olomouc-Cup_79-2-768x576.jpg 768w, https:\/\/parahockey.cz\/wp-content\/uploads\/2025\/08\/Olomouc-Cup_79-2-128x96.jpg 128w, https:\/\/parahockey.cz\/wp-content\/uploads\/2025\/08\/Olomouc-Cup_79-2-32x24.jpg 32w, https:\/\/parahockey.cz\/wp-content\/uploads\/2025\/08\/Olomouc-Cup_79-2.jpg 1374w\" sizes=\"(max-width: 1024px) 100vw, 1024px\" \/><\/figure>\n<\/div>\n\n\n\n<div class=\"wp-block-column is-layout-flow wp-block-column-is-layout-flow\">\n<figure class=\"wp-block-image size-large\"><img loading=\"lazy\" decoding=\"async\" width=\"1024\" height=\"768\" src=\"https:\/\/parahockey.cz\/wp-content\/uploads\/2025\/08\/IMG_8215-1-1024x768.jpg\" alt=\"\" class=\"wp-image-24709\" srcset=\"https:\/\/parahockey.cz\/wp-content\/uploads\/2025\/08\/IMG_8215-1-1024x768.jpg 1024w, https:\/\/parahockey.cz\/wp-content\/uploads\/2025\/08\/IMG_8215-1-300x225.jpg 300w, https:\/\/parahockey.cz\/wp-content\/uploads\/2025\/08\/IMG_8215-1-768x576.jpg 768w, https:\/\/parahockey.cz\/wp-content\/uploads\/2025\/08\/IMG_8215-1-128x96.jpg 128w, https:\/\/parahockey.cz\/wp-content\/uploads\/2025\/08\/IMG_8215-1-32x24.jpg 32w, https:\/\/parahockey.cz\/wp-content\/uploads\/2025\/08\/IMG_8215-1.jpg 1374w\" sizes=\"(max-width: 1024px) 100vw, 1024px\" \/><\/figure>\n<\/div>\n<\/div>\n\n\n\n<hr class=\"wp-block-separator has-alpha-channel-opacity\"\/>\n\n\n\n<h3 class=\"wp-block-heading\"><strong>Parahokejov\u00e1 liga: \u010dtvrt\u00fd titul pro Karlovy Vary<\/strong><\/h3>\n\n\n\n<p>V\u00edt\u011bzem \u010cesk\u00e9 parahokejov\u00e9 ligy se op\u011bt stal t\u00fdm&nbsp;<strong>SKV Sharks Karlovy Vary<\/strong>. Na sv\u00e9 konto si tak \u017draloci p\u0159ipsali ji\u017e \u010dtvrt\u00fd titul v \u0159ad\u011b a potvrdili svou dlouhodobou dominanci.<\/p>\n\n\n\n<figure class=\"wp-block-image size-large\"><img loading=\"lazy\" decoding=\"async\" width=\"1024\" height=\"683\" src=\"https:\/\/parahockey.cz\/wp-content\/uploads\/2025\/08\/Finale-_53-1024x683.jpg\" alt=\"\" class=\"wp-image-24711\" srcset=\"https:\/\/parahockey.cz\/wp-content\/uploads\/2025\/08\/Finale-_53-1024x683.jpg 1024w, https:\/\/parahockey.cz\/wp-content\/uploads\/2025\/08\/Finale-_53-300x200.jpg 300w, https:\/\/parahockey.cz\/wp-content\/uploads\/2025\/08\/Finale-_53-768x512.jpg 768w, https:\/\/parahockey.cz\/wp-content\/uploads\/2025\/08\/Finale-_53-1536x1024.jpg 1536w, https:\/\/parahockey.cz\/wp-content\/uploads\/2025\/08\/Finale-_53-scaled.jpg 1920w, https:\/\/parahockey.cz\/wp-content\/uploads\/2025\/08\/Finale-_53-128x85.jpg 128w, https:\/\/parahockey.cz\/wp-content\/uploads\/2025\/08\/Finale-_53-32x21.jpg 32w\" sizes=\"(max-width: 1024px) 100vw, 1024px\" \/><\/figure>\n\n\n\n<hr class=\"wp-block-separator has-alpha-channel-opacity\"\/>\n\n\n\n<h3 class=\"wp-block-heading\"><strong>Ocen\u011bn\u00ed<\/strong>: <strong>kolektiv <\/strong>roku a parahokejista sezony<\/h3>\n\n\n\n<p><strong>Parahokejistou sezony 2024\/2025<\/strong>&nbsp;byl zvolen&nbsp;<strong>Radek Zelinka<\/strong>, kapit\u00e1n n\u00e1rodn\u00edho t\u00fdmu, kter\u00fd op\u011bt prok\u00e1zal v\u016fd\u010d\u00ed schopnosti nejen na led\u011b. Pr\u00e1v\u011b Zelinka byl autorem trefy v prodlou\u017een\u00ed, kter\u00e1 zajistila bronzov\u00e9 medaile na Mistrovstv\u00ed sv\u011bta v Buffalu.<\/p>\n\n\n\n<p>Zp\u011btn\u00e9 ocen\u011bn\u00ed za p\u0159edchoz\u00ed sezonu p\u0159i\u0161lo b\u011bhem galave\u010dera \u010cesk\u00e9ho paralympijsk\u00e9ho v\u00fdboru \u2013&nbsp;<strong>\u010desk\u00e1 parahokejov\u00e1 reprezentace p\u0159evzala cenu Kolektiv roku 2024<\/strong>.<\/p>\n\n\n\n<figure class=\"wp-block-image size-large\"><img loading=\"lazy\" decoding=\"async\" width=\"1024\" height=\"576\" src=\"https:\/\/parahockey.cz\/wp-content\/uploads\/2025\/08\/Bez-nazvu-2-1-1024x576.jpg\" alt=\"\" class=\"wp-image-24720\" srcset=\"https:\/\/parahockey.cz\/wp-content\/uploads\/2025\/08\/Bez-nazvu-2-1-1024x576.jpg 1024w, https:\/\/parahockey.cz\/wp-content\/uploads\/2025\/08\/Bez-nazvu-2-1-300x169.jpg 300w, https:\/\/parahockey.cz\/wp-content\/uploads\/2025\/08\/Bez-nazvu-2-1-768x432.jpg 768w, https:\/\/parahockey.cz\/wp-content\/uploads\/2025\/08\/Bez-nazvu-2-1-1536x864.jpg 1536w, https:\/\/parahockey.cz\/wp-content\/uploads\/2025\/08\/Bez-nazvu-2-1-128x72.jpg 128w, https:\/\/parahockey.cz\/wp-content\/uploads\/2025\/08\/Bez-nazvu-2-1-32x18.jpg 32w, https:\/\/parahockey.cz\/wp-content\/uploads\/2025\/08\/Bez-nazvu-2-1.jpg 1920w\" sizes=\"(max-width: 1024px) 100vw, 1024px\" \/><\/figure>\n\n\n\n<hr class=\"wp-block-separator has-alpha-channel-opacity\"\/>\n\n\n\n<h3 class=\"wp-block-heading\">\u017densk\u00fd parahokej: bronz z Women&#8217;s World Challenge<\/h3>\n\n\n\n<p>T\u0159et\u00ed m\u00edsto na Women\u2019s World Challenge z\u00edskal Evropsk\u00fd t\u00fdm. Pod \u00fasp\u011bchem se podepsaly i \u010desk\u00e9 hr\u00e1\u010dky Anna \u0160pringlov\u00e1 v pozici asistentky kapit\u00e1nky a Krist\u00fdna \u017didlick\u00e1.  T\u00fdm nav\u00edc tr\u00e9noval Jakub Novotn\u00fd, hlavn\u00ed tren\u00e9r \u010desk\u00e9 parahokejov\u00e9 reprezentace.<\/p>\n\n\n\n<figure class=\"wp-block-image size-large\"><img loading=\"lazy\" decoding=\"async\" width=\"1024\" height=\"768\" src=\"https:\/\/parahockey.cz\/wp-content\/uploads\/2025\/07\/27aa0c5f-f204-4f51-84dc-142cd7af0d0a-1024x768.jpg\" alt=\"\" class=\"wp-image-24726\" srcset=\"https:\/\/parahockey.cz\/wp-content\/uploads\/2025\/07\/27aa0c5f-f204-4f51-84dc-142cd7af0d0a-1024x768.jpg 1024w, https:\/\/parahockey.cz\/wp-content\/uploads\/2025\/07\/27aa0c5f-f204-4f51-84dc-142cd7af0d0a-300x225.jpg 300w, https:\/\/parahockey.cz\/wp-content\/uploads\/2025\/07\/27aa0c5f-f204-4f51-84dc-142cd7af0d0a-768x576.jpg 768w, https:\/\/parahockey.cz\/wp-content\/uploads\/2025\/07\/27aa0c5f-f204-4f51-84dc-142cd7af0d0a-128x96.jpg 128w, https:\/\/parahockey.cz\/wp-content\/uploads\/2025\/07\/27aa0c5f-f204-4f51-84dc-142cd7af0d0a-32x24.jpg 32w, https:\/\/parahockey.cz\/wp-content\/uploads\/2025\/07\/27aa0c5f-f204-4f51-84dc-142cd7af0d0a.jpg 1346w\" sizes=\"(max-width: 1024px) 100vw, 1024px\" \/><\/figure>\n","protected":false},"excerpt":{"rendered":"<p>Sezona 2024\/2025 byla pro \u010desk\u00fd parahokej mimo\u0159\u00e1dn\u011b \u00fasp\u011b\u0161n\u00e1. N\u00e1rodn\u00ed t\u00fdm obh\u00e1jil bronzov\u00e9 medaile na mistrovstv\u00ed sv\u011bta a p\u0159\u00edmo se kvalifikoval na paralympijsk\u00e9 hry. Parahokejovou ligu op\u011bt ovl\u00e1dli karlovar\u0161t\u00ed \u017draloci. Rozvojov\u00fd program p\u0159iv\u00edtal des\u00edtky nov\u00e1\u010dk\u016f a celkov\u00e9 d\u011bn\u00ed potvrdilo, \u017ee se parahokej v \u010cesku t\u011b\u0161\u00ed st\u00e1le v\u011bt\u0161\u00edmu z\u00e1jmu a podpo\u0159e. Parahokejov\u00e1 reprezentace: cenn\u00e9 zku\u0161enosti, d\u016fle\u017eit\u00e1 v\u00edt\u011bzstv\u00ed, [&hellip;]<\/p>\n","protected":false},"author":6,"featured_media":24689,"comment_status":"closed","ping_status":"closed","sticky":false,"template":"","format":"standard","meta":{"_acf_changed":false,"inline_featured_image":false,"footnotes":""},"categories":[31],"tags":[],"class_list":["post-24688","post","type-post","status-publish","format-standard","has-post-thumbnail","hentry","category-aktuality"],"acf":[],"_links":{"self":[{"href":"https:\/\/parahockey.cz\/en\/wp-json\/wp\/v2\/posts\/24688","targetHints":{"allow":["GET"]}}],"collection":[{"href":"https:\/\/parahockey.cz\/en\/wp-json\/wp\/v2\/posts"}],"about":[{"href":"https:\/\/parahockey.cz\/en\/wp-json\/wp\/v2\/types\/post"}],"author":[{"embeddable":true,"href":"https:\/\/parahockey.cz\/en\/wp-json\/wp\/v2\/users\/6"}],"replies":[{"embeddable":true,"href":"https:\/\/parahockey.cz\/en\/wp-json\/wp\/v2\/comments?post=24688"}],"version-history":[{"count":9,"href":"https:\/\/parahockey.cz\/en\/wp-json\/wp\/v2\/posts\/24688\/revisions"}],"predecessor-version":[{"id":24730,"href":"https:\/\/parahockey.cz\/en\/wp-json\/wp\/v2\/posts\/24688\/revisions\/24730"}],"wp:featuredmedia":[{"embeddable":true,"href":"https:\/\/parahockey.cz\/en\/wp-json\/wp\/v2\/media\/24689"}],"wp:attachment":[{"href":"https:\/\/parahockey.cz\/en\/wp-json\/wp\/v2\/media?parent=24688"}],"wp:term":[{"taxonomy":"category","embeddable":true,"href":"https:\/\/parahockey.cz\/en\/wp-json\/wp\/v2\/categories?post=24688"},{"taxonomy":"post_tag","embeddable":true,"href":"https:\/\/parahockey.cz\/en\/wp-json\/wp\/v2\/tags?post=24688"}],"curies":[{"name":"wp","href":"https:\/\/api.w.org\/{rel}","templated":true}]}}