{"id":24731,"date":"2025-08-05T11:06:58","date_gmt":"2025-08-05T09:06:58","guid":{"rendered":"https:\/\/parahockey.cz\/?p=24731"},"modified":"2025-08-05T11:36:39","modified_gmt":"2025-08-05T09:36:39","slug":"sirsi-kadr-parahokejove-reprezentace-ma-za-sebou-dva-pripravne-kempy","status":"publish","type":"post","link":"https:\/\/parahockey.cz\/en\/aktuality\/sirsi-kadr-parahokejove-reprezentace-ma-za-sebou-dva-pripravne-kempy\/","title":{"rendered":"\u0160ir\u0161\u00ed k\u00e1dr parahokejov\u00e9 reprezentace m\u00e1 za sebou dva p\u0159\u00edpravn\u00e9 kempy"},"content":{"rendered":"\n<p class=\"has-black-color has-text-color has-link-color wp-elements-4a0fc73ad357a4af3ca618ffaec55352\"><strong>\u010cesk\u00fd parahokej nezah\u00e1l\u00ed ani v letn\u00edch m\u011bs\u00edc\u00edch. Zat\u00edmco reprezentanti \u010derpali zaslou\u017een\u00fd odpo\u010dinek po n\u00e1ro\u010dn\u00e9 sezon\u011b, v Pod\u011bbradech prob\u011bhly v \u010dervenci hned dva \u010dty\u0159denn\u00ed kempy zam\u011b\u0159en\u00e9 na rozvoj a zdokonalov\u00e1n\u00ed dovednost\u00ed \u2013 p\u0159edev\u0161\u00edm\u00a0mlad\u00fdch talent\u016f a hr\u00e1\u010dek p\u0159ipravuj\u00edc\u00edch se na \u017eensk\u00e9 mistrovstv\u00ed sv\u011bta v parahokeji v Doln\u00e9m Kub\u00edn\u011b.<\/strong><\/p>\n\n\n\n<p class=\"has-black-color has-text-color has-link-color wp-elements-869f27a4db2188b24fc11f60fd508f77\">Letn\u00ed kempy op\u011bt prob\u00edhaly pod veden\u00edm zku\u0161en\u00fdch reprezenta\u010dn\u00edch tren\u00e9r\u016f. Hlavn\u00ed smysl kemp\u016f p\u0159ibl\u00ed\u017eil Ji\u0159\u00ed B\u0159\u00edza: <em><strong>\u201eKempy c\u00edl\u00edme na obdob\u00ed p\u0159ed za\u010d\u00e1tkem sezony reprezentace. Vyu\u017e\u00edv\u00e1me \u010das, kdy maj\u00ed hr\u00e1\u010di individu\u00e1ln\u00ed letn\u00ed p\u0159\u00edpravu, a v\u011bnujeme ho rozvoji nov\u00e1\u010dk\u016f \u2013 hlavn\u011b t\u011bch mlad\u0161\u00edch a taky hr\u00e1\u010dek, kter\u00e9 se u\u017e te\u010f p\u0159ipravuj\u00ed na \u00fa\u010dast na mistrovstv\u00ed sv\u011bta \u017een,\u201c<\/strong><\/em>\u00a0\u0159\u00edk\u00e1.<\/p>\n\n\n\n<div class=\"wp-block-columns is-layout-flex wp-container-core-columns-is-layout-28f84493 wp-block-columns-is-layout-flex\">\n<div class=\"wp-block-column is-layout-flow wp-block-column-is-layout-flow\" style=\"flex-basis:33.33%\">\n<p class=\"has-black-color has-text-color has-link-color wp-elements-9021f1e23c46e71bdb3e8af80b3186f3\"><em><strong>\u201eOba kempy byly \u010dty\u0159denn\u00ed a ka\u017ed\u00fd den jsme absolvovali dv\u011b tr\u00e9ninkov\u00e9 jednotky na led\u011b. K tomu jsme p\u0159idali posilovnu, stre\u010dink a ka\u017edodenn\u00ed pr\u00e1ci na st\u0159elnici. Pom\u00e1h\u00e1 n\u00e1m to nejen budovat techniku, ale sledovat, jak se schopnosti p\u0159en\u00e1\u0161ej\u00ed do praxe. U mlad\u00fdch hr\u00e1\u010d\u016f vid\u00edme velk\u00fd motorick\u00fd pokrok a chceme, aby rozv\u00edjeli i pr\u00e1ci s kotou\u010dem.\u201c<\/strong><\/em><\/p>\n\n\n\n<p class=\"has-black-color has-text-color has-link-color wp-elements-4a3f10aa3abde1cfa50800e460909e0f\"><strong><em>\u201eU holek, kter\u00e9 maj\u00ed jet na \u017eensk\u00e9 MS, se sna\u017e\u00edme zlep\u0161it jak pohyb v san\u00edch, tak dovednosti na puku, aby na turnaji m\u011bly sv\u016fj ice time a byly platn\u00fdmi hr\u00e1\u010dkami.\u201c<\/em><\/strong><\/p>\n<\/div>\n\n\n\n<div class=\"wp-block-column is-layout-flow wp-block-column-is-layout-flow\" style=\"flex-basis:66.66%\">\n<figure class=\"wp-block-image size-large\"><img fetchpriority=\"high\" decoding=\"async\" width=\"1024\" height=\"683\" src=\"https:\/\/parahockey.cz\/wp-content\/uploads\/2025\/08\/2.-kemp-Podebrady_158-1024x683.jpg\" alt=\"\" class=\"wp-image-24739\" srcset=\"https:\/\/parahockey.cz\/wp-content\/uploads\/2025\/08\/2.-kemp-Podebrady_158-1024x683.jpg 1024w, https:\/\/parahockey.cz\/wp-content\/uploads\/2025\/08\/2.-kemp-Podebrady_158-300x200.jpg 300w, https:\/\/parahockey.cz\/wp-content\/uploads\/2025\/08\/2.-kemp-Podebrady_158-768x512.jpg 768w, https:\/\/parahockey.cz\/wp-content\/uploads\/2025\/08\/2.-kemp-Podebrady_158-1536x1024.jpg 1536w, https:\/\/parahockey.cz\/wp-content\/uploads\/2025\/08\/2.-kemp-Podebrady_158-scaled.jpg 1920w, https:\/\/parahockey.cz\/wp-content\/uploads\/2025\/08\/2.-kemp-Podebrady_158-128x85.jpg 128w, https:\/\/parahockey.cz\/wp-content\/uploads\/2025\/08\/2.-kemp-Podebrady_158-32x21.jpg 32w\" sizes=\"(max-width: 1024px) 100vw, 1024px\" \/><\/figure>\n<\/div>\n<\/div>\n\n\n\n<p class=\"has-black-color has-text-color has-link-color wp-elements-7b777d282f397fd4739f56fce3f07c61\">Na kempech se objevilo i n\u011bkolik nov\u00fdch hr\u00e1\u010d\u016f \u2013 nap\u0159\u00edklad\u00a0<strong>Teodor z Prahy a Maty\u00e1\u0161 z Kop\u0159ivnice<\/strong>, kte\u0159\u00ed se rychle za\u0159adili do funguj\u00edc\u00ed party. <em><strong>\u201eTvo\u0159\u00ed se tu skv\u011bl\u00e1 energie, kluci si sedli na led\u011b, ale i mimo n\u011bj. Jeden u\u017e m\u00e1 zku\u0161enosti z mistrovstv\u00ed sv\u011bta, dal\u0161\u00ed dva jsou \u00fapln\u00ed nov\u00e1\u010dci. Ale jsou hladov\u00ed, cht\u011bj\u00ed se zlep\u0161ovat a r\u00e1di bychom je co nejd\u0159\u00edve zapojili i do p\u0159\u00edpravy reprezentace.\u201c<\/strong><\/em><\/p>\n\n\n\n<p class=\"has-black-color has-text-color has-link-color wp-elements-1c1a7e3c3e4e8e8fad65f79b637c61db\"><em><strong>\u201eUva\u017eujeme, \u017ee t\u0159i kluky z \u010dervencov\u00e9ho kempu vezmeme u\u017e na p\u0159\u00edpravn\u00e9 z\u00e1pasy v z\u00e1\u0159\u00ed, kter\u00e9 se te\u010f dola\u010fuj\u00ed. I kdyby t\u0159eba nem\u011bli maxim\u00e1ln\u00ed hern\u00ed vyt\u00ed\u017een\u00ed, u\u017e jen to, \u017ee za\u017eij\u00ed atmosf\u00e9ru a proces reprezentace, jim hodn\u011b d\u00e1. N\u00e1\u0161 k\u00e1dr je \u00fazk\u00fd a pot\u0159ebujeme novou krev \u2013 tahle pr\u00e1ce je naprosto kl\u00ed\u010dov\u00e1,\u201c\u00a0uzav\u00edr\u00e1 tren\u00e9r.<\/strong><\/em><\/p>\n\n\n\n<p>Letn\u00ed kempy z\u00e1rove\u0148 poslou\u017eily jako\u00a0prvn\u00ed test p\u0159ed srpnov\u00fdm turnajem v Olomouci, kde se pravideln\u011b prezentuje rozvojov\u00fd t\u00fdm. Pro n\u011bkter\u00e9 nov\u00e1\u010dky to bude ostr\u00e1 prov\u011brka jejich dosavadn\u00edho pokroku.<\/p>\n","protected":false},"excerpt":{"rendered":"<p>\u010cesk\u00fd parahokej nezah\u00e1l\u00ed ani v letn\u00edch m\u011bs\u00edc\u00edch. Zat\u00edmco reprezentanti \u010derpali zaslou\u017een\u00fd odpo\u010dinek po n\u00e1ro\u010dn\u00e9 sezon\u011b, v Pod\u011bbradech prob\u011bhly v \u010dervenci hned dva \u010dty\u0159denn\u00ed kempy zam\u011b\u0159en\u00e9 na rozvoj a zdokonalov\u00e1n\u00ed dovednost\u00ed \u2013 p\u0159edev\u0161\u00edm\u00a0mlad\u00fdch talent\u016f a hr\u00e1\u010dek p\u0159ipravuj\u00edc\u00edch se na \u017eensk\u00e9 mistrovstv\u00ed sv\u011bta v parahokeji v Doln\u00e9m Kub\u00edn\u011b. Letn\u00ed kempy op\u011bt prob\u00edhaly pod veden\u00edm zku\u0161en\u00fdch reprezenta\u010dn\u00edch tren\u00e9r\u016f. [&hellip;]<\/p>\n","protected":false},"author":6,"featured_media":24736,"comment_status":"closed","ping_status":"closed","sticky":false,"template":"","format":"standard","meta":{"_acf_changed":false,"inline_featured_image":false,"footnotes":""},"categories":[31],"tags":[],"class_list":["post-24731","post","type-post","status-publish","format-standard","has-post-thumbnail","hentry","category-aktuality"],"acf":[],"_links":{"self":[{"href":"https:\/\/parahockey.cz\/en\/wp-json\/wp\/v2\/posts\/24731","targetHints":{"allow":["GET"]}}],"collection":[{"href":"https:\/\/parahockey.cz\/en\/wp-json\/wp\/v2\/posts"}],"about":[{"href":"https:\/\/parahockey.cz\/en\/wp-json\/wp\/v2\/types\/post"}],"author":[{"embeddable":true,"href":"https:\/\/parahockey.cz\/en\/wp-json\/wp\/v2\/users\/6"}],"replies":[{"embeddable":true,"href":"https:\/\/parahockey.cz\/en\/wp-json\/wp\/v2\/comments?post=24731"}],"version-history":[{"count":10,"href":"https:\/\/parahockey.cz\/en\/wp-json\/wp\/v2\/posts\/24731\/revisions"}],"predecessor-version":[{"id":24778,"href":"https:\/\/parahockey.cz\/en\/wp-json\/wp\/v2\/posts\/24731\/revisions\/24778"}],"wp:featuredmedia":[{"embeddable":true,"href":"https:\/\/parahockey.cz\/en\/wp-json\/wp\/v2\/media\/24736"}],"wp:attachment":[{"href":"https:\/\/parahockey.cz\/en\/wp-json\/wp\/v2\/media?parent=24731"}],"wp:term":[{"taxonomy":"category","embeddable":true,"href":"https:\/\/parahockey.cz\/en\/wp-json\/wp\/v2\/categories?post=24731"},{"taxonomy":"post_tag","embeddable":true,"href":"https:\/\/parahockey.cz\/en\/wp-json\/wp\/v2\/tags?post=24731"}],"curies":[{"name":"wp","href":"https:\/\/api.w.org\/{rel}","templated":true}]}}