{"id":24781,"date":"2025-08-18T20:03:32","date_gmt":"2025-08-18T18:03:32","guid":{"rendered":"https:\/\/parahockey.cz\/?p=24781"},"modified":"2025-08-18T20:04:01","modified_gmt":"2025-08-18T18:04:01","slug":"ceska-parahokejova-reprezentace-zahajila-pripravu-na-paralympijskou-sezonu","status":"publish","type":"post","link":"https:\/\/parahockey.cz\/en\/aktuality\/ceska-parahokejova-reprezentace-zahajila-pripravu-na-paralympijskou-sezonu\/","title":{"rendered":"\u010cesk\u00e1 parahokejov\u00e1 reprezentace zah\u00e1jila p\u0159\u00edpravu na paralympijskou sezonu"},"content":{"rendered":"\n<p>\u010ceskou parahokejovou reprezentaci \u010dek\u00e1 jedna z nejd\u016fle\u017eit\u011bj\u0161\u00edch sezon posledn\u00edch let. U\u017e v b\u0159eznu 2026 se t\u00fdm p\u0159edstav\u00ed na zimn\u00edch paralympijsk\u00fdch hr\u00e1ch, kter\u00e9 budou vrcholem dlouhodob\u00e9ho sna\u017een\u00ed. P\u0159\u00edprava na paralympi\u00e1du za\u010dala v srpnu prvn\u00edmi reprezenta\u010dn\u00edmi kempy a cel\u00fd t\u00fdm m\u00e1 jasno \u2013 \u010dekaj\u00ed ho kr\u00e1tk\u00e9, ale mimo\u0159\u00e1dn\u011b intenzivn\u00ed m\u011bs\u00edce.<\/p>\n\n\n\n<p>\u201eNa konci sezony n\u00e1s \u010dek\u00e1 velk\u00e1 ud\u00e1lost, tak\u017ee jsme si stanovili c\u00edle a p\u016fjdeme za nimi. Kempy jsou z\u00e1rove\u0148 \u0161ir\u0161\u00ed nominace. M\u00e1me tady i holky, kter\u00e9 se p\u0159ipravuj\u00ed na mistrovstv\u00ed sv\u011bta, co\u017e je skv\u011bl\u00e9 \u2013 m\u011bly mo\u017enost se n\u011bco p\u0159iu\u010dit a porovnat se s t\u011bmi nejlep\u0161\u00edmi u n\u00e1s. V paralympijsk\u00e9 sezon\u011b mluv\u00edme s hr\u00e1\u010di trochu jinak \u2013 hned prvn\u00ed den jsme otev\u0159eli tuto konverzaci, proto\u017ee je to z na\u0161\u00ed strany d\u016fle\u017eit\u00e9. V\u011b\u0159\u00edm, \u017ee kluci k tomu budou p\u0159istupovat zodpov\u011bdn\u011b, jak po str\u00e1nce tr\u00e9ninkov\u00e9, tak individu\u00e1ln\u00ed,\u201c zd\u016fraz\u0148uje hlavn\u00ed tren\u00e9r Jakub Novotn\u00fd.<\/p>\n\n\n\n<p>\u201eSezona bude velmi n\u00e1ro\u010dn\u00e1. Program je hodn\u011b nabit\u00fd a ute\u010de to rychle. Vrcholem bude paralympi\u00e1da,\u201c v\u00ed reprezenta\u010dn\u00ed kapit\u00e1n Radek Zelinka. P\u0159ipom\u00edn\u00e1 tak\u00e9, \u017ee po dvoum\u011bs\u00ed\u010dn\u00ed pauze je pot\u0159eba rychle nastartovat formu a kondici: \u201eTen \u010das na odpo\u010dinek byl dostate\u010dn\u00fd, snad ho v\u0161ichni vyu\u017eili naplno a te\u010f u\u017e jsme zp\u00e1tky.\u201c<\/p>\n\n\n\n<hr class=\"wp-block-separator has-alpha-channel-opacity\"\/>\n\n\n\n<h2 class=\"wp-block-heading\">N\u00e1ro\u010dn\u00e1 cesta k paralympi\u00e1d\u011b<\/h2>\n\n\n\n<p>\u017de n\u00e1vrat na led po del\u0161\u00ed pauze nen\u00ed nikdy jednoduch\u00fd potvrzuje zku\u0161en\u00fd \u00fato\u010dn\u00edk Michal Geier. \u201eC\u00edtil jsem se \u0161patn\u011b, tepovka byla vysok\u00e1. Dostali jsme nov\u00e9 tepov\u00e9 sn\u00edma\u010de, tak\u017ee jsem vid\u011bl, \u017ee to asi nen\u00ed ide\u00e1ln\u00ed,\u201c sm\u011bje se. \u201eTen pohyb na led\u011b se ned\u00e1 ni\u010d\u00edm \u00fapln\u011b nahradit. M\u016f\u017eeme b\u00fdt silov\u011b p\u0159ipraveni, ale pohyb na led\u011b se prost\u011b nasucho natr\u00e9novat ned\u00e1.\u201c<\/p>\n\n\n\n<p>Do startu zimn\u00edch her \u010dek\u00e1 reprezentaci n\u011bkolik ostr\u00fdch test\u016f. Aktu\u00e1ln\u011b prob\u00edhaj\u00ed jedn\u00e1n\u00ed o s\u00e9rii p\u0159\u00e1telsk\u00fdch z\u00e1pas\u016f s jedn\u00edm z t\u00fdm\u016f sv\u011btov\u00e9 \u0161pi\u010dky. V \u0159\u00edjnu se pak t\u00fdm p\u0159edstav\u00ed na tradi\u010dn\u00edm IPH Cupu v Ostrav\u011b, kter\u00fd ka\u017edoro\u010dn\u011b pat\u0159\u00ed k nejkvalitn\u011bj\u0161\u00edm turnaj\u016fm na sv\u011bt\u011b. Dal\u0161\u00ed z\u00e1pasy a kempy budou n\u00e1sledovat v zim\u011b a vyvrchol\u00ed pr\u00e1v\u011b b\u0159eznovou paralympi\u00e1dou.<\/p>\n\n\n\n<p>\u201eN\u011bjak\u00e9 z\u00e1pasy mo\u017en\u00e1 p\u0159ibudou u\u017e v z\u00e1\u0159\u00ed, to m\u011b osobn\u011b trochu p\u0159ekvapilo. Pak jsou to ale v\u011bci jako ka\u017ed\u00fd rok \u2013 IPH Cup, kde se setk\u00e1me s t\u00fdmy ze z\u00e1mo\u0159\u00ed, s t\u011bmi nejlep\u0161\u00edmi, tak\u017ee m\u016f\u017eeme o\u010dek\u00e1vat kvalitn\u00ed turnaje a kvalitn\u00ed p\u0159\u00edpravu,\u201c \u0159\u00edk\u00e1 Geier.<\/p>\n\n\n\n<div class=\"wp-block-columns is-layout-flex wp-container-core-columns-is-layout-28f84493 wp-block-columns-is-layout-flex\">\n<div class=\"wp-block-column is-layout-flow wp-block-column-is-layout-flow\">\n<figure class=\"wp-block-gallery has-nested-images columns-default is-cropped wp-block-gallery-1 is-layout-flex wp-block-gallery-is-layout-flex\">\n<figure class=\"wp-block-image size-large\"><img fetchpriority=\"high\" decoding=\"async\" width=\"1024\" height=\"683\" data-id=\"24788\" src=\"https:\/\/parahockey.cz\/wp-content\/uploads\/2025\/08\/1.-trenink_48-1024x683.jpg\" alt=\"\" class=\"wp-image-24788\" srcset=\"https:\/\/parahockey.cz\/wp-content\/uploads\/2025\/08\/1.-trenink_48-1024x683.jpg 1024w, https:\/\/parahockey.cz\/wp-content\/uploads\/2025\/08\/1.-trenink_48-300x200.jpg 300w, https:\/\/parahockey.cz\/wp-content\/uploads\/2025\/08\/1.-trenink_48-768x512.jpg 768w, https:\/\/parahockey.cz\/wp-content\/uploads\/2025\/08\/1.-trenink_48-1536x1024.jpg 1536w, https:\/\/parahockey.cz\/wp-content\/uploads\/2025\/08\/1.-trenink_48-scaled.jpg 1920w, https:\/\/parahockey.cz\/wp-content\/uploads\/2025\/08\/1.-trenink_48-128x85.jpg 128w, https:\/\/parahockey.cz\/wp-content\/uploads\/2025\/08\/1.-trenink_48-32x21.jpg 32w\" sizes=\"(max-width: 1024px) 100vw, 1024px\" \/><\/figure>\n<\/figure>\n<\/div>\n\n\n\n<div class=\"wp-block-column is-layout-flow wp-block-column-is-layout-flow\">\n<figure class=\"wp-block-image size-large\"><img decoding=\"async\" width=\"1024\" height=\"683\" src=\"https:\/\/parahockey.cz\/wp-content\/uploads\/2025\/08\/1.-trenink_45-1024x683.jpg\" alt=\"\" class=\"wp-image-24786\" srcset=\"https:\/\/parahockey.cz\/wp-content\/uploads\/2025\/08\/1.-trenink_45-1024x683.jpg 1024w, https:\/\/parahockey.cz\/wp-content\/uploads\/2025\/08\/1.-trenink_45-300x200.jpg 300w, https:\/\/parahockey.cz\/wp-content\/uploads\/2025\/08\/1.-trenink_45-768x512.jpg 768w, https:\/\/parahockey.cz\/wp-content\/uploads\/2025\/08\/1.-trenink_45-1536x1024.jpg 1536w, https:\/\/parahockey.cz\/wp-content\/uploads\/2025\/08\/1.-trenink_45-scaled.jpg 1920w, https:\/\/parahockey.cz\/wp-content\/uploads\/2025\/08\/1.-trenink_45-128x85.jpg 128w, https:\/\/parahockey.cz\/wp-content\/uploads\/2025\/08\/1.-trenink_45-32x21.jpg 32w\" sizes=\"(max-width: 1024px) 100vw, 1024px\" \/><\/figure>\n<\/div>\n\n\n\n<div class=\"wp-block-column is-layout-flow wp-block-column-is-layout-flow\">\n<figure class=\"wp-block-image size-large\"><img decoding=\"async\" width=\"1024\" height=\"683\" src=\"https:\/\/parahockey.cz\/wp-content\/uploads\/2025\/08\/1.-trenink_51-1024x683.jpg\" alt=\"\" class=\"wp-image-24790\" srcset=\"https:\/\/parahockey.cz\/wp-content\/uploads\/2025\/08\/1.-trenink_51-1024x683.jpg 1024w, https:\/\/parahockey.cz\/wp-content\/uploads\/2025\/08\/1.-trenink_51-300x200.jpg 300w, https:\/\/parahockey.cz\/wp-content\/uploads\/2025\/08\/1.-trenink_51-768x512.jpg 768w, https:\/\/parahockey.cz\/wp-content\/uploads\/2025\/08\/1.-trenink_51-1536x1024.jpg 1536w, https:\/\/parahockey.cz\/wp-content\/uploads\/2025\/08\/1.-trenink_51-scaled.jpg 1920w, https:\/\/parahockey.cz\/wp-content\/uploads\/2025\/08\/1.-trenink_51-128x85.jpg 128w, https:\/\/parahockey.cz\/wp-content\/uploads\/2025\/08\/1.-trenink_51-32x21.jpg 32w\" sizes=\"(max-width: 1024px) 100vw, 1024px\" \/><\/figure>\n<\/div>\n<\/div>\n\n\n\n<hr class=\"wp-block-separator has-alpha-channel-opacity\"\/>\n\n\n\n<h2 class=\"wp-block-heading\">Zku\u0161enost versus ml\u00e1d\u00ed<\/h2>\n\n\n\n<p>Sou\u010d\u00e1st\u00ed kemp\u016f byli i mlad\u00ed hr\u00e1\u010di, kte\u0159\u00ed se postupn\u011b zapojuj\u00ed do reprezenta\u010dn\u00edho programu. Tren\u00e9\u0159i jim d\u00e1vaj\u00ed prostor a nech\u00e1vaj\u00ed je tr\u00e9novat bok po boku nejv\u011bt\u0161\u00edch opor. Tren\u00e9r Ji\u0159\u00ed B\u0159\u00edza p\u0159ipomn\u011bl, \u017ee pr\u00e1v\u011b kombinace zku\u0161en\u00fdch hr\u00e1\u010d\u016f a nov\u00e1\u010dk\u016f je cestou, jak reprezentaci dlouhodob\u011b posouvat: \u201eTr\u00e9nuj\u00ed s n\u00e1mi i kluci, kte\u0159\u00ed je\u0161t\u011b nem\u016f\u017eou nastoupit do ostr\u00fdch z\u00e1pas\u016f, ale sb\u00edraj\u00ed zku\u0161enosti. Je d\u016fle\u017eit\u00e9, aby tu konkurenci c\u00edtili v\u0161ichni a aby v\u011bd\u011bli, \u017ee jejich \u0161ance p\u0159ijde.\u201c<\/p>\n\n\n\n<p>\u201eJe jich tady docela dost,\u201c libuje si kapit\u00e1n Zelinka a dod\u00e1v\u00e1: \u201eSamoz\u0159ejm\u011b je to jen na nich. My jim r\u00e1di pom\u016f\u017eeme, ale hlavn\u00ed pr\u00e1ce mus\u00ed j\u00edt od nich. Maj\u00ed te\u010f dost prostoru a \u010dasu, aby se mohli posouvat. Z\u00e1pas\u016f bude je\u0161t\u011b hodn\u011b a pokud tu \u0161anci dostanou, mus\u00ed se j\u00ed chopit a pracovat na sob\u011b.\u201c<\/p>\n\n\n\n<p>Stejn\u011b to vid\u00ed i Geier: \u201eMlad\u00ed se mi l\u00edb\u00ed, jsou tam vid\u011bt posuny, potenci\u00e1l tam ur\u010dit\u011b je. V\u011bkov\u011b se u\u017e bl\u00ed\u017e\u00ed tomu, \u017ee by mohli b\u00fdt moji synov\u00e9,\u201c dopl\u0148uje s \u00fasm\u011bvem.<\/p>\n\n\n\n<p>Na led\u011b se ov\u0161em na v\u011bk nehraje a je jedno, zda jde o mlad\u00e9 za\u010d\u00e1te\u010dn\u00edky, nebo ost\u0159\u00edlen\u00e9 borce. Hlavn\u00ed tren\u00e9r Jakub Novotn\u00fd zd\u016fraznil, \u017ee tempo p\u0159\u00edpravy je vysoce intenzivn\u00ed a v\u0161ichni mus\u00ed pracovat na maximum: \u201eKa\u017ed\u00fd tr\u00e9nink m\u00e1 sv\u016fj v\u00fdznam a v\u0161e sm\u011b\u0159uje k paralympi\u00e1d\u011b. Mus\u00edme b\u00fdt v\u0161ichni p\u0159ipraveni fyzicky i ment\u00e1ln\u011b.\u201c<\/p>\n\n\n\n<p>Tren\u00e9r Jan Szturc dodal: \u201eSna\u017e\u00edme se naj\u00edt ide\u00e1ln\u00ed rovnov\u00e1hu mezi zat\u00ed\u017een\u00edm a regenerac\u00ed. Hr\u00e1\u010di mus\u00ed c\u00edtit, \u017ee jejich t\u011blo i hlava jsou p\u0159ipraven\u00e9 na ostr\u00e9 z\u00e1pasy, ale z\u00e1rove\u0148 nechceme vyho\u0159et p\u0159\u00edli\u0161 brzy.\u201c<\/p>\n\n\n\n<figure class=\"wp-block-image size-large\"><img loading=\"lazy\" decoding=\"async\" width=\"1024\" height=\"683\" src=\"https:\/\/parahockey.cz\/wp-content\/uploads\/2025\/08\/1.-trenink_32-1024x683.jpg\" alt=\"\" class=\"wp-image-24784\" srcset=\"https:\/\/parahockey.cz\/wp-content\/uploads\/2025\/08\/1.-trenink_32-1024x683.jpg 1024w, https:\/\/parahockey.cz\/wp-content\/uploads\/2025\/08\/1.-trenink_32-300x200.jpg 300w, https:\/\/parahockey.cz\/wp-content\/uploads\/2025\/08\/1.-trenink_32-768x512.jpg 768w, https:\/\/parahockey.cz\/wp-content\/uploads\/2025\/08\/1.-trenink_32-1536x1024.jpg 1536w, https:\/\/parahockey.cz\/wp-content\/uploads\/2025\/08\/1.-trenink_32-scaled.jpg 1920w, https:\/\/parahockey.cz\/wp-content\/uploads\/2025\/08\/1.-trenink_32-128x85.jpg 128w, https:\/\/parahockey.cz\/wp-content\/uploads\/2025\/08\/1.-trenink_32-32x21.jpg 32w\" sizes=\"(max-width: 1024px) 100vw, 1024px\" \/><\/figure>\n\n\n\n<hr class=\"wp-block-separator has-alpha-channel-opacity\"\/>\n\n\n\n<h2 class=\"wp-block-heading\">Historie a o\u010dek\u00e1v\u00e1n\u00ed<\/h2>\n\n\n\n<p>\u010cesk\u00e1 parahokejov\u00e1 reprezentace se v minulosti pohybovala mezi elitou i st\u0159edn\u00edmi t\u00fdmy. Na paralympijsk\u00fdch hr\u00e1ch se t\u00fdm pravideln\u011b umis\u0165oval kolem p\u00e1t\u00e9ho a \u0161est\u00e9ho m\u00edsta, na mistrovstv\u00ed sv\u011bta postupn\u011b dos\u00e1hl t\u0159et\u00edho m\u00edsta v posledn\u00edch t\u0159ech letech. Tren\u00e9\u0159i i hr\u00e1\u010di si uv\u011bdomuj\u00ed, \u017ee leto\u0161n\u00ed paralympi\u00e1da je v\u00fdjime\u010dn\u00e1 \u0161ance potvrdit kvalitu \u010desk\u00e9ho t\u00fdmu.<\/p>\n\n\n\n<p>Hlavn\u00edm c\u00edlem paralympijsk\u00e9 sezony je podle tren\u00e9ra B\u0159\u00edzy b\u00fdt konzistentn\u00ed a poctiv\u00fd: \u201eHistoricky tou\u017e\u00edme po paralympijsk\u00e9 medaili, kterou je\u0161t\u011b nem\u00e1me, tak\u017ee chceme postoupit ze skupiny do z\u00e1v\u011bre\u010dn\u00fdch boj\u016f o medaile a pat\u0159it mezi nejlep\u0161\u00ed.\u201c<\/p>\n\n\n\n<h3 class=\"wp-block-heading\">Historick\u00e1 um\u00edst\u011bn\u00ed parahokejov\u00e9 reprezentace<\/h3>\n\n\n\n<div class=\"wp-block-columns is-layout-flex wp-container-core-columns-is-layout-28f84493 wp-block-columns-is-layout-flex\">\n<div class=\"wp-block-column is-layout-flow wp-block-column-is-layout-flow\" style=\"flex-basis:33.33%\">\n<p><strong>Zimn\u00ed paralympijsk\u00e9 hry:<\/strong><br>2010 \u2013 5. m\u00edsto<br>2014 \u2013 5. m\u00edsto<br>2018 \u2013 6. m\u00edsto<br>2022 \u2013 6. m\u00edsto<br><br><strong>Mistrovstv\u00ed sv\u011bta:<\/strong><br>2008 \u2013 2. m\u00edsto (B-pool)<br>2009 \u2013 5. m\u00edsto<br>2012 \u2013 4. m\u00edsto<br>2013 \u2013 4. m\u00edsto<br>2015 \u2013 7. m\u00edsto<br>2016 \u2013 1. m\u00edsto (B-pool)<br>2019 \u2013 4. m\u00edsto<br>2021 \u2013 5. m\u00edsto<br>2023 \u2013 3. m\u00edsto<br>2024 \u2013 3. m\u00edsto<br>2025 \u2013 3. m\u00edsto<br><br><strong>Mistrovstv\u00ed Evropy:<\/strong><br>2005 \u2013 4. m\u00edsto<br>2007 \u2013 2. m\u00edsto<br>2011 \u2013 2. m\u00edsto<br>2016 \u2013 4. m\u00edsto<\/p>\n<\/div>\n\n\n\n<div class=\"wp-block-column is-layout-flow wp-block-column-is-layout-flow\" style=\"flex-basis:66.66%\">\n<figure class=\"wp-block-image size-large\"><img loading=\"lazy\" decoding=\"async\" width=\"1024\" height=\"683\" src=\"https:\/\/parahockey.cz\/wp-content\/uploads\/2025\/08\/Bronz-02-1-1024x683.jpg\" alt=\"\" class=\"wp-image-24792\" srcset=\"https:\/\/parahockey.cz\/wp-content\/uploads\/2025\/08\/Bronz-02-1-1024x683.jpg 1024w, https:\/\/parahockey.cz\/wp-content\/uploads\/2025\/08\/Bronz-02-1-300x200.jpg 300w, https:\/\/parahockey.cz\/wp-content\/uploads\/2025\/08\/Bronz-02-1-768x512.jpg 768w, https:\/\/parahockey.cz\/wp-content\/uploads\/2025\/08\/Bronz-02-1-1536x1024.jpg 1536w, https:\/\/parahockey.cz\/wp-content\/uploads\/2025\/08\/Bronz-02-1.jpg 1920w, https:\/\/parahockey.cz\/wp-content\/uploads\/2025\/08\/Bronz-02-1-128x85.jpg 128w, https:\/\/parahockey.cz\/wp-content\/uploads\/2025\/08\/Bronz-02-1-32x21.jpg 32w\" sizes=\"(max-width: 1024px) 100vw, 1024px\" \/><\/figure>\n<\/div>\n<\/div>\n\n\n\n<hr class=\"wp-block-separator has-alpha-channel-opacity\"\/>\n\n\n\n<h2 class=\"wp-block-heading\">Nov\u00e1 krev v t\u00fdmu<\/h2>\n\n\n\n<p>Mezi nov\u00e1\u010dky, kte\u0159\u00ed se poprv\u00e9 ofici\u00e1ln\u011b zapojili do p\u0159\u00edpravy s reprezentac\u00ed, pat\u0159\u00ed patn\u00e1ctilet\u00fd Maty, kter\u00fd za\u010dal s parahokejem teprve letos na ja\u0159e. \u201eStra\u0161n\u011b mi to pomohlo na rozje\u017ed\u011bn\u00ed, na obraty a zat\u00e1\u010dky. Tren\u00e9\u0159i m\u011b \u017eenou do cvi\u010den\u00ed se zku\u0161en\u00fdmi hr\u00e1\u010di a to mi stra\u0161n\u011b pomohlo,\u201c popsal sv\u00e9 dojmy. P\u0159esto\u017ee kv\u016fli v\u011bku je\u0161t\u011b nem\u016f\u017ee nastupovat na MS nebo paralympi\u00e1d\u011b, t\u011b\u0161\u00ed se, \u017ee s n\u00edm tren\u00e9\u0159i po\u010d\u00edtaj\u00ed alespo\u0148 pro p\u0159\u00e1telsk\u00e1 utk\u00e1n\u00ed a p\u0159\u00edpravn\u00e9 turnaje.<\/p>\n\n\n\n<p>O t\u0159i roky star\u0161\u00ed Theo se s parahokejem sezn\u00e1mil na rozvojov\u00fdch kempech a u\u017e m\u00e1 jasno o sv\u00fdch ambic\u00edch: \u201eJe to skv\u011bl\u00e9, ale stra\u0161n\u011b n\u00e1ro\u010dn\u00e9. C\u00edt\u00edm, jak se ka\u017ed\u00fdm tr\u00e9ninkem pomalu posouv\u00e1m. Paralympi\u00e1da by byla kr\u00e1sn\u00e1, i kdy\u017e v\u00edm, \u017ee si nejsp\u00ed\u0161 nezahraju. Ale jak\u00e1koliv minutka s t\u00fdmem by byla n\u00e1dhern\u00e1.\u201c<\/p>\n\n\n\n<p>Oba mlad\u00edci tak potvrzuj\u00ed, \u017ee \u010desk\u00fd parahokej m\u00e1 na \u010dem stav\u011bt. Jejich zapojen\u00ed do tr\u00e9ninkov\u00e9ho procesu je d\u016fle\u017eit\u00fdm krokem nejen pro bl\u00ed\u017e\u00edc\u00ed se sezonu, ale i pro budoucnost cel\u00e9 reprezentace.<\/p>\n\n\n\n<hr class=\"wp-block-separator has-alpha-channel-opacity\"\/>\n\n\n\n<p>\u010cesk\u00e1 parahokejov\u00e1 reprezentace vstoupila do paralympijsk\u00e9 sezony s jasn\u00fdm c\u00edlem a energi\u00ed. T\u00fdmov\u00e1 spolupr\u00e1ce zku\u0161en\u00fdch i mlad\u00fdch hr\u00e1\u010d\u016f, intenzivn\u00ed p\u0159\u00edprava a ambici\u00f3zn\u00ed turnajov\u00fd pl\u00e1n slibuj\u00ed nap\u00ednav\u00fd a inspirativn\u00ed paralympijsk\u00fd cyklus. Ka\u017ed\u00e1 tr\u00e9ninkov\u00e1 minuta, ka\u017ed\u00e9 utk\u00e1n\u00ed i ka\u017ed\u00e1 rada od zku\u0161en\u00fdch hr\u00e1\u010d\u016f se po\u010d\u00edt\u00e1. \u010cesk\u00fd t\u00fdm je p\u0159ipraven uk\u00e1zat svou nejlep\u0161\u00ed tv\u00e1\u0159 na led\u011b i na mezin\u00e1rodn\u00ed sc\u00e9n\u011b. Nenechte si nic uj\u00edt a sledujte cel\u00fd pr\u016fb\u011bh paralympijsk\u00e9 sezony z prvn\u00ed ruky na soci\u00e1ln\u00edch s\u00edt\u00edch <a href=\"https:\/\/linktr.ee\/parahockey.cz?utm_source=linktree_profile_share&amp;ltsid=298a7da4-f1cc-41c9-bc95-cd22981b0d23\" data-type=\"link\" data-id=\"https:\/\/linktr.ee\/parahockey.cz?utm_source=linktree_profile_share&amp;ltsid=298a7da4-f1cc-41c9-bc95-cd22981b0d23\">\u010cesk\u00e9ho parahokeje<\/a>.<\/p>\n\n\n\n<p><\/p>\n","protected":false},"excerpt":{"rendered":"<p>\u010ceskou parahokejovou reprezentaci \u010dek\u00e1 jedna z nejd\u016fle\u017eit\u011bj\u0161\u00edch sezon posledn\u00edch let. U\u017e v b\u0159eznu 2026 se t\u00fdm p\u0159edstav\u00ed na zimn\u00edch paralympijsk\u00fdch hr\u00e1ch, kter\u00e9 budou vrcholem dlouhodob\u00e9ho sna\u017een\u00ed. P\u0159\u00edprava na paralympi\u00e1du za\u010dala v srpnu prvn\u00edmi reprezenta\u010dn\u00edmi kempy a cel\u00fd t\u00fdm m\u00e1 jasno \u2013 \u010dekaj\u00ed ho kr\u00e1tk\u00e9, ale mimo\u0159\u00e1dn\u011b intenzivn\u00ed m\u011bs\u00edce. \u201eNa konci sezony n\u00e1s \u010dek\u00e1 velk\u00e1 ud\u00e1lost, [&hellip;]<\/p>\n","protected":false},"author":6,"featured_media":24782,"comment_status":"closed","ping_status":"closed","sticky":false,"template":"","format":"standard","meta":{"_acf_changed":false,"inline_featured_image":false,"footnotes":""},"categories":[31],"tags":[],"class_list":["post-24781","post","type-post","status-publish","format-standard","has-post-thumbnail","hentry","category-aktuality"],"acf":[],"_links":{"self":[{"href":"https:\/\/parahockey.cz\/en\/wp-json\/wp\/v2\/posts\/24781","targetHints":{"allow":["GET"]}}],"collection":[{"href":"https:\/\/parahockey.cz\/en\/wp-json\/wp\/v2\/posts"}],"about":[{"href":"https:\/\/parahockey.cz\/en\/wp-json\/wp\/v2\/types\/post"}],"author":[{"embeddable":true,"href":"https:\/\/parahockey.cz\/en\/wp-json\/wp\/v2\/users\/6"}],"replies":[{"embeddable":true,"href":"https:\/\/parahockey.cz\/en\/wp-json\/wp\/v2\/comments?post=24781"}],"version-history":[{"count":2,"href":"https:\/\/parahockey.cz\/en\/wp-json\/wp\/v2\/posts\/24781\/revisions"}],"predecessor-version":[{"id":24809,"href":"https:\/\/parahockey.cz\/en\/wp-json\/wp\/v2\/posts\/24781\/revisions\/24809"}],"wp:featuredmedia":[{"embeddable":true,"href":"https:\/\/parahockey.cz\/en\/wp-json\/wp\/v2\/media\/24782"}],"wp:attachment":[{"href":"https:\/\/parahockey.cz\/en\/wp-json\/wp\/v2\/media?parent=24781"}],"wp:term":[{"taxonomy":"category","embeddable":true,"href":"https:\/\/parahockey.cz\/en\/wp-json\/wp\/v2\/categories?post=24781"},{"taxonomy":"post_tag","embeddable":true,"href":"https:\/\/parahockey.cz\/en\/wp-json\/wp\/v2\/tags?post=24781"}],"curies":[{"name":"wp","href":"https:\/\/api.w.org\/{rel}","templated":true}]}}