{"id":24848,"date":"2025-08-21T14:26:02","date_gmt":"2025-08-21T12:26:02","guid":{"rendered":"https:\/\/parahockey.cz\/?p=24848"},"modified":"2025-08-21T14:27:35","modified_gmt":"2025-08-21T12:27:35","slug":"ve-znojme-probehl-9-rocnik-brankarskeho-rozvojoveho-kempu","status":"publish","type":"post","link":"https:\/\/parahockey.cz\/en\/aktuality\/ve-znojme-probehl-9-rocnik-brankarskeho-rozvojoveho-kempu\/","title":{"rendered":"Ve Znojm\u011b prob\u011bhl 9. ro\u010dn\u00edk brank\u00e1\u0159sk\u00e9ho rozvojov\u00e9ho kempu"},"content":{"rendered":"\n<p>Ve Znojm\u011b se uskute\u010dnil ji\u017e 9. ro\u010dn\u00edk rozvojov\u00e9ho kempu parahokejov\u00fdch brank\u00e1\u0159\u016f, kter\u00fd jako ka\u017ed\u00fd rok organizovali hlavn\u00ed tren\u00e9r \u010desk\u00e9 parahokejov\u00e9 reprezentace Jakub Novotn\u00fd a b\u00fdval\u00fd reprezentant, parahokejov\u00fd g\u00f3lman Jan Matou\u0161ek. Do tr\u00e9ninkov\u00e9ho procesu se zapojili tak\u00e9 tren\u00e9\u0159i Michal Kucha\u0159 a Petr Hele\u0161ic.<\/p>\n\n\n\n<p>Kemp byl zam\u011b\u0159en\u00fd v\u00fdhradn\u011b na pr\u00e1ci brank\u00e1\u0159\u016f \u2013 od specifick\u00fdch hern\u00edch situac\u00ed na led\u011b, p\u0159es kondi\u010dn\u00ed p\u0159\u00edpravu, a\u017e po reak\u010dn\u00ed cvi\u010den\u00ed a \u010dten\u00ed hry. Jeho c\u00edlem je dlouhodob\u011b zvy\u0161ovat kvalitu nejen \u010desk\u00fdch g\u00f3lman\u016f a poskytnout prostor jak zku\u0161en\u00fdm, tak za\u010d\u00ednaj\u00edc\u00edm hr\u00e1\u010d\u016fm.<\/p>\n\n\n\n<figure class=\"wp-block-image size-large\"><img fetchpriority=\"high\" decoding=\"async\" width=\"1024\" height=\"576\" src=\"https:\/\/parahockey.cz\/wp-content\/uploads\/2025\/08\/20250809_164443-1024x576.jpg\" alt=\"\" class=\"wp-image-24851\" srcset=\"https:\/\/parahockey.cz\/wp-content\/uploads\/2025\/08\/20250809_164443-1024x576.jpg 1024w, https:\/\/parahockey.cz\/wp-content\/uploads\/2025\/08\/20250809_164443-300x169.jpg 300w, https:\/\/parahockey.cz\/wp-content\/uploads\/2025\/08\/20250809_164443-768x432.jpg 768w, https:\/\/parahockey.cz\/wp-content\/uploads\/2025\/08\/20250809_164443-1536x864.jpg 1536w, https:\/\/parahockey.cz\/wp-content\/uploads\/2025\/08\/20250809_164443-scaled.jpg 1920w, https:\/\/parahockey.cz\/wp-content\/uploads\/2025\/08\/20250809_164443-128x72.jpg 128w, https:\/\/parahockey.cz\/wp-content\/uploads\/2025\/08\/20250809_164443-32x18.jpg 32w\" sizes=\"(max-width: 1024px) 100vw, 1024px\" \/><\/figure>\n\n\n\n<p>\u201eKa\u017ed\u00fd rok se sna\u017e\u00edme g\u00f3lman\u016fm nab\u00eddnout prostor, kde se mohou v\u011bnovat jen sob\u011b a sv\u00fdm dovednostem. Brank\u00e1\u0159 v parahokeji rozhoduje z\u00e1pasy a je d\u016fle\u017eit\u00e9, aby m\u011bl mo\u017enost r\u016fst individu\u00e1ln\u011b,\u201c uvedl tren\u00e9r Jakub Novotn\u00fd.<\/p>\n\n\n\n<p><\/p>\n","protected":false},"excerpt":{"rendered":"<p>Ve Znojm\u011b se uskute\u010dnil ji\u017e 9. ro\u010dn\u00edk rozvojov\u00e9ho kempu parahokejov\u00fdch brank\u00e1\u0159\u016f, kter\u00fd jako ka\u017ed\u00fd rok organizovali hlavn\u00ed tren\u00e9r \u010desk\u00e9 parahokejov\u00e9 reprezentace Jakub Novotn\u00fd a b\u00fdval\u00fd reprezentant, parahokejov\u00fd g\u00f3lman Jan Matou\u0161ek. Do tr\u00e9ninkov\u00e9ho procesu se zapojili tak\u00e9 tren\u00e9\u0159i Michal Kucha\u0159 a Petr Hele\u0161ic. Kemp byl zam\u011b\u0159en\u00fd v\u00fdhradn\u011b na pr\u00e1ci brank\u00e1\u0159\u016f \u2013 od specifick\u00fdch hern\u00edch situac\u00ed na [&hellip;]<\/p>\n","protected":false},"author":6,"featured_media":24849,"comment_status":"closed","ping_status":"closed","sticky":false,"template":"","format":"standard","meta":{"_acf_changed":false,"inline_featured_image":false,"footnotes":""},"categories":[31],"tags":[],"class_list":["post-24848","post","type-post","status-publish","format-standard","has-post-thumbnail","hentry","category-aktuality"],"acf":[],"_links":{"self":[{"href":"https:\/\/parahockey.cz\/en\/wp-json\/wp\/v2\/posts\/24848","targetHints":{"allow":["GET"]}}],"collection":[{"href":"https:\/\/parahockey.cz\/en\/wp-json\/wp\/v2\/posts"}],"about":[{"href":"https:\/\/parahockey.cz\/en\/wp-json\/wp\/v2\/types\/post"}],"author":[{"embeddable":true,"href":"https:\/\/parahockey.cz\/en\/wp-json\/wp\/v2\/users\/6"}],"replies":[{"embeddable":true,"href":"https:\/\/parahockey.cz\/en\/wp-json\/wp\/v2\/comments?post=24848"}],"version-history":[{"count":1,"href":"https:\/\/parahockey.cz\/en\/wp-json\/wp\/v2\/posts\/24848\/revisions"}],"predecessor-version":[{"id":24859,"href":"https:\/\/parahockey.cz\/en\/wp-json\/wp\/v2\/posts\/24848\/revisions\/24859"}],"wp:featuredmedia":[{"embeddable":true,"href":"https:\/\/parahockey.cz\/en\/wp-json\/wp\/v2\/media\/24849"}],"wp:attachment":[{"href":"https:\/\/parahockey.cz\/en\/wp-json\/wp\/v2\/media?parent=24848"}],"wp:term":[{"taxonomy":"category","embeddable":true,"href":"https:\/\/parahockey.cz\/en\/wp-json\/wp\/v2\/categories?post=24848"},{"taxonomy":"post_tag","embeddable":true,"href":"https:\/\/parahockey.cz\/en\/wp-json\/wp\/v2\/tags?post=24848"}],"curies":[{"name":"wp","href":"https:\/\/api.w.org\/{rel}","templated":true}]}}