{"id":25446,"date":"2025-12-01T17:59:00","date_gmt":"2025-12-01T16:59:00","guid":{"rendered":"https:\/\/parahockey.cz\/?p=25446"},"modified":"2025-12-01T22:00:40","modified_gmt":"2025-12-01T21:00:40","slug":"para-cup-2025-cesi-rychle-vedli-ale-nakonec-na-americany-nestacili","status":"publish","type":"post","link":"https:\/\/parahockey.cz\/en\/repre\/para-cup-2025-cesi-rychle-vedli-ale-nakonec-na-americany-nestacili\/","title":{"rendered":"Para Cup 2025: \u010ce\u0161i rychle vedli, ale nakonec na Ameri\u010dany nesta\u010dili"},"content":{"rendered":"\n<p>V \u00favodn\u00edm \u010desk\u00e9m z\u00e1pase na Para Cupu 2025 v Kanad\u011b n\u00e1rodn\u00ed t\u00fdm proti sv\u011btov\u00fdm jedni\u010dk\u00e1m bleskov\u011b vedl, u\u017e po dvan\u00e1cti sekund\u00e1ch hry sk\u00f3roval Zden\u011bk H\u00e1bl. Nad\u011bjn\u00fd \u00favod ale \u010desk\u00fd t\u00fdm v celkov\u00fd \u00fasp\u011bch nep\u0159etavil, Ameri\u010dan\u00e9 oto\u010dili sk\u00f3re na kone\u010dn\u00fdch 3:1 ve sv\u016fj prosp\u011bch, kdy\u017e hattrick zaznamenal hv\u011bzdn\u00fd st\u0159elec Declan Farmer.<\/p>\n\n\n\n<p>Jedin\u00fd \u010desk\u00fd st\u0159elec <strong>Zden\u011bk H\u00e1bl<\/strong> byl i p\u0159es por\u00e1\u017eku relativn\u011b spokojen. <em>&#8220;Z\u00e1pas byl p\u011bkn\u00fd. Rychle jsme vedli, co\u017e se Ameri\u010dan\u016fm \u010dasto nest\u00e1v\u00e1. Odvedli jsme ale dobr\u00fd v\u00fdkon, i kdy\u017e se prohr\u00e1lo. \u0160koda, \u017ee jsme neprom\u011bnili dal\u0161\u00ed \u0161ance, ale na na\u0161ich z\u00e1pasech s t\u00edmto soupe\u0159em je vid\u011bt n\u011bjak\u00fd v\u00fdvoj, posledn\u00ed dobou prohr\u00e1v\u00e1me o jeden, dva g\u00f3ly,&#8221;<\/em> zhodnotil zl\u00ednsk\u00fd matador kvalitu hry proti \u00fa\u0159aduj\u00edc\u00edm paralympijsk\u00fdm \u0161ampi\u00f3n\u016fm.<\/p>\n\n\n\n<p>Svoji branku popsal pom\u011brn\u011b st\u0159\u00edzliv\u011b: <em>&#8220;Puk se n\u011bjak odrazil ze souboje na modr\u00e9 \u010d\u00e1\u0159e ke mn\u011b, j\u00e1 jsem prost\u011b jenom jel a pra\u0161til do toho. Nebyla to \u017e\u00e1dn\u00e1 nacvi\u010den\u00e1 akce ale sp\u00ed\u0161 situace, kter\u00e1 vyplynula ze hry,&#8221;<\/em> ohl\u00e9dl se za trefou, kter\u00e1 dala \u010cech\u016fm nad\u011bji na dobr\u00fd v\u00fdsledek. <em>&#8220;Proti Kanad\u011b mus\u00edme p\u0159edv\u00e9st lep\u0161\u00ed v\u00fdkon ne\u017e na IPH Cupu, kde jsme prohr\u00e1li tu\u0161\u00edm 1:6. Z dne\u0161n\u00edho z\u00e1pasu m\u016f\u017eeme vyj\u00edt a b\u00fdt je\u0161t\u011b o n\u011bco lep\u0161\u00ed,&#8221;<\/em> uzav\u0159el sv\u00e9 hodnocen\u00ed Zden\u011bk H\u00e1bl.<\/p>\n\n\n\n<p>I tren\u00e9r <strong>Jakub Novotn\u00fd<\/strong> vid\u011bl utk\u00e1n\u00ed p\u0159es nep\u0159\u00edzniv\u00fd kone\u010dn\u00fd v\u00fdsledek sp\u00ed\u0161e pozitivn\u011b. <em>&#8220;Veden\u00ed po dvan\u00e1cti sekund\u00e1ch n\u00e1s v\u0161echny tro\u0161ku zasko\u010dilo, na led\u011b i na st\u0159\u00edda\u010dce. Sna\u017eili jsme se hr\u00e1\u010de vr\u00e1tit zp\u00e1tky na zem, co\u017e se mysl\u00edm povedlo a prvn\u00ed t\u0159etinu jsme uhr\u00e1li 1:1,&#8221;<\/em> okomentoval bleskurychl\u00fd g\u00f3l sv\u00fdch sv\u011b\u0159enc\u016f. <em>&#8220;Ve druh\u00e9 t\u0159etin\u011b jsme ud\u011blali n\u011bjak\u00e1 trochu hor\u0161\u00ed rozhodnut\u00ed, Ameri\u010dani sk\u00f3re oto\u010dili a ve t\u0159et\u00ed u\u017e jsme asi \u00fapln\u011b nem\u011bli s\u00edlu na n\u011b v\u00edc zatla\u010dit. Z\u00e1klad do turnaje je to ale dobr\u00fd a do dal\u0161\u00edch z\u00e1pas\u016f m\u00e1me z \u010deho vych\u00e1zet,&#8221;<\/em> \u0159ekl hlavn\u00ed kou\u010d.<\/p>\n\n\n\n<p><strong>Spojen\u00e9 st\u00e1ty americk\u00e9 &#8211; \u010cesko 3:1 (1:1, 1:0, 1:0)<\/strong><\/p>\n\n\n\n<p>Branky: 10. Farmer (Wallace, Grove), 20. Farmer, 32. Farmer (Nichols, Beasley) &#8211; 1. H\u00e1bl (He\u010dko, Dole\u017eal). Vylou\u010den\u00ed: 0:2. Vyu\u017eit\u00ed: 1:0. St\u0159ely na branku: 34:8.<\/p>\n\n\n\n<p><strong>Foto:<\/strong> Luk\u00e1\u0161 Ston<\/p>\n\n\n\n<p><\/p>\n","protected":false},"excerpt":{"rendered":"<p>V \u00favodn\u00edm \u010desk\u00e9m z\u00e1pase na Para Cupu 2025 v Kanad\u011b n\u00e1rodn\u00ed t\u00fdm proti sv\u011btov\u00fdm jedni\u010dk\u00e1m bleskov\u011b vedl, u\u017e po dvan\u00e1cti sekund\u00e1ch hry sk\u00f3roval Zden\u011bk H\u00e1bl. Nad\u011bjn\u00fd \u00favod ale \u010desk\u00fd t\u00fdm v celkov\u00fd \u00fasp\u011bch nep\u0159etavil, Ameri\u010dan\u00e9 oto\u010dili sk\u00f3re na kone\u010dn\u00fdch 3:1 ve sv\u016fj prosp\u011bch, kdy\u017e hattrick zaznamenal hv\u011bzdn\u00fd st\u0159elec Declan Farmer. Jedin\u00fd \u010desk\u00fd st\u0159elec Zden\u011bk H\u00e1bl [&hellip;]<\/p>\n","protected":false},"author":7,"featured_media":25449,"comment_status":"open","ping_status":"open","sticky":false,"template":"","format":"standard","meta":{"_acf_changed":false,"inline_featured_image":false,"footnotes":""},"categories":[11],"tags":[],"class_list":["post-25446","post","type-post","status-publish","format-standard","has-post-thumbnail","hentry","category-repre"],"acf":[],"_links":{"self":[{"href":"https:\/\/parahockey.cz\/en\/wp-json\/wp\/v2\/posts\/25446","targetHints":{"allow":["GET"]}}],"collection":[{"href":"https:\/\/parahockey.cz\/en\/wp-json\/wp\/v2\/posts"}],"about":[{"href":"https:\/\/parahockey.cz\/en\/wp-json\/wp\/v2\/types\/post"}],"author":[{"embeddable":true,"href":"https:\/\/parahockey.cz\/en\/wp-json\/wp\/v2\/users\/7"}],"replies":[{"embeddable":true,"href":"https:\/\/parahockey.cz\/en\/wp-json\/wp\/v2\/comments?post=25446"}],"version-history":[{"count":2,"href":"https:\/\/parahockey.cz\/en\/wp-json\/wp\/v2\/posts\/25446\/revisions"}],"predecessor-version":[{"id":25451,"href":"https:\/\/parahockey.cz\/en\/wp-json\/wp\/v2\/posts\/25446\/revisions\/25451"}],"wp:featuredmedia":[{"embeddable":true,"href":"https:\/\/parahockey.cz\/en\/wp-json\/wp\/v2\/media\/25449"}],"wp:attachment":[{"href":"https:\/\/parahockey.cz\/en\/wp-json\/wp\/v2\/media?parent=25446"}],"wp:term":[{"taxonomy":"category","embeddable":true,"href":"https:\/\/parahockey.cz\/en\/wp-json\/wp\/v2\/categories?post=25446"},{"taxonomy":"post_tag","embeddable":true,"href":"https:\/\/parahockey.cz\/en\/wp-json\/wp\/v2\/tags?post=25446"}],"curies":[{"name":"wp","href":"https:\/\/api.w.org\/{rel}","templated":true}]}}