{"id":25452,"date":"2025-12-01T23:47:43","date_gmt":"2025-12-01T22:47:43","guid":{"rendered":"https:\/\/parahockey.cz\/?p=25452"},"modified":"2025-12-01T23:50:25","modified_gmt":"2025-12-01T22:50:25","slug":"para-cup-2025-cesi-prohrali-13-i-s-kanadou","status":"publish","type":"post","link":"https:\/\/parahockey.cz\/en\/repre\/para-cup-2025-cesi-prohrali-13-i-s-kanadou\/","title":{"rendered":"Para Cup 2025: \u010ce\u0161i prohr\u00e1li 1:3 i s Kanadou"},"content":{"rendered":"\n<p>Jin\u00fd soupe\u0159, stejn\u00fd v\u00fdsledek. Po v\u00fdb\u011bru USA \u010desk\u00fd t\u00fdm nesta\u010dil 1:3 tak\u00e9 na dom\u00e1c\u00ed Kanadu, i kdy\u017e st\u0159elecky svedl mnohem vyrovnan\u011bj\u0161\u00ed partii ne\u017e s Ameri\u010dany. Za n\u00e1rodn\u00ed t\u00fdm korigoval v\u00fdsledek v p\u0159edposledn\u00ed minut\u011b V\u00e1clav He\u010dko. I p\u0159es por\u00e1\u017eku v\u0161ak panovaly na \u010desk\u00e9 stran\u011b p\u0159ev\u00e1\u017en\u011b pozitivn\u00ed dojmy.<\/p>\n\n\n\n<p>Nejlep\u0161\u00edm hr\u00e1\u010dem z\u00e1pasu byl na \u010desk\u00e9 stran\u011b zvolen \u00fato\u010dn\u00edk <strong>Martin \u017di\u017elavsk\u00fd<\/strong>. <em>&#8220;Z\u00e1pas s Kanadou bych hodnotil sp\u00ed\u0161 kladn\u011b, jeliko\u017e jsme dob\u0159e plnili \u00fakoly, co jsme si dali. Sna\u017eili jsme se \u00fato\u010dit i br\u00e1nit kompaktn\u011b v cel\u00e9 p\u011btce a dobruslovat zp\u00e1tky<\/em>. <em>To se n\u00e1m \u00fapln\u011b neda\u0159ilo ve druh\u00e9 t\u0159etin\u011b, kdy n\u00e1m p\u00e1rkr\u00e1t ujeli do p\u0159e\u010d\u00edslen\u00ed a padly n\u00e1m tam bohu\u017eel dva g\u00f3ly,&#8221;<\/em> \u0159ekl po utk\u00e1n\u00ed forvard z Olomouce. <em>&#8220;Jinak si mysl\u00edm, \u017ee to byl odmakan\u00fd z\u00e1pas a \u017ee jsme Kanad\u011b nedali tolik brankov\u00fdch p\u0159\u00edle\u017eitost\u00ed jako d\u0159\u00edv,&#8221;<\/em> co\u017e potvrzuje i nevysok\u00fd rozd\u00edl ve statistice st\u0159el.<\/p>\n\n\n\n<p>Po g\u00f3lu V\u00e1clava He\u010dka se Kana\u010fan\u00e9 sna\u017eili vyprovokovat konflikt, ale v\u00fdsledkem bylo 26 trestn\u00fdch minut v jejich z\u00e1pise a \u010desk\u00e1 po\u010detn\u00ed v\u00fdhoda. <em>&#8220;M\u011bli jsme na konci p\u0159esilovku, ale bohu\u017eel u\u017e bylo docela m\u00e1lo \u010dasu a nedok\u00e1zali jsme p\u0159idat dal\u0161\u00ed g\u00f3l, abychom z\u00e1v\u011br je\u0161t\u011b zdramatizovali,&#8221;<\/em> zalitoval Martin \u017di\u017elavsk\u00fd.<\/p>\n\n\n\n<p><em>&#8220;Zase se uk\u00e1zal ur\u010dit\u00fd posun v na\u0161em v\u00fdkonu a taktick\u00e9 h\u0159e, tak\u017ee z tohoto hlediska jsme spokojeni, i kdy\u017e to zlep\u0161en\u00ed je\u0161t\u011b nejde vid\u011bt na v\u00fdsledku,&#8221; <\/em>\u0159ekl tren\u00e9r <strong>Jakub Novotn\u00fd<\/strong>. <em>&#8220;Mus\u00edme z\u016fstat trp\u011bliv\u00ed a vyladit n\u011bkter\u00e9 prvky, aby do syst\u00e9mu zapadaly l\u00e9pe a m\u011bli jsme hru v\u00edce pod kontrolou. Mysl\u00edm si, \u017ee t\u0159eba bezbrankov\u00e1 prvn\u00ed t\u0159etina byla velmi dobr\u00e1, a potom ve t\u0159et\u00ed jsme ust\u00e1li kanadsk\u00fd tlak a p\u0159evzali iniciativu. Bohu\u017eel jsme nevyu\u017eili vytvo\u0159en\u00e9 \u0161ance, ale b\u00fdt takhle na dosah Kanad\u011b se n\u00e1m dlouho nepovedlo.&#8221;<\/em><\/p>\n\n\n\n<p>Nyn\u00ed n\u00e1rodn\u00ed t\u00fdm \u010dek\u00e1 den volna a po n\u011bm posledn\u00ed z\u00e1pas skupiny proti \u010c\u00edn\u011b. <em>&#8220;Ur\u010dit\u011b chceme udr\u017eet k\u0159ivku v\u00fdkonu na vzestupu a vyvarovat se n\u011bjak\u00fdch propad\u016f, ale v\u00fdsledkov\u011b te\u010f budouc\u00ed z\u00e1pasy moc ne\u0159e\u0161\u00edme. Rozdali jsme si n\u011bjak\u00e9 t\u00fdmov\u00e9 \u00fakoly nez\u00e1visl\u00e9 na v\u00fdsledku a ty chceme plnit, na to se soust\u0159ed\u00edme,&#8221; <\/em>potvrdil Jakub Novotn\u00fd p\u0159\u00edpravnou filozofii kanadsk\u00e9ho turnaje sm\u011brem k paralympijsk\u00fdm hr\u00e1m v Mil\u00e1n\u011b.<\/p>\n\n\n\n<p><strong>\u010cesko &#8211; Kanada 1:3 (0:0, 0:2, 1:1)<\/strong><\/p>\n\n\n\n<p>Branky: 44. He\u010dko &#8211; 18. Boily (Dunn, Cozzolino), 27. Hickey (Halbert, McGregor), 42. Hickey (McGregor). Vylou\u010den\u00ed: 1:4, nav\u00edc Lavin (Kanada) 10 minut. Bez vyu\u017eit\u00ed. St\u0159ely na branku: 14:20.<\/p>\n","protected":false},"excerpt":{"rendered":"<p>Jin\u00fd soupe\u0159, stejn\u00fd v\u00fdsledek. Po v\u00fdb\u011bru USA \u010desk\u00fd t\u00fdm nesta\u010dil 1:3 tak\u00e9 na dom\u00e1c\u00ed Kanadu, i kdy\u017e st\u0159elecky svedl mnohem vyrovnan\u011bj\u0161\u00ed partii ne\u017e s Ameri\u010dany. Za n\u00e1rodn\u00ed t\u00fdm korigoval v\u00fdsledek v p\u0159edposledn\u00ed minut\u011b V\u00e1clav He\u010dko. I p\u0159es por\u00e1\u017eku v\u0161ak panovaly na \u010desk\u00e9 stran\u011b p\u0159ev\u00e1\u017en\u011b pozitivn\u00ed dojmy. Nejlep\u0161\u00edm hr\u00e1\u010dem z\u00e1pasu byl na \u010desk\u00e9 stran\u011b zvolen \u00fato\u010dn\u00edk [&hellip;]<\/p>\n","protected":false},"author":7,"featured_media":25453,"comment_status":"open","ping_status":"open","sticky":false,"template":"","format":"standard","meta":{"_acf_changed":false,"inline_featured_image":false,"footnotes":""},"categories":[11],"tags":[],"class_list":["post-25452","post","type-post","status-publish","format-standard","has-post-thumbnail","hentry","category-repre"],"acf":[],"_links":{"self":[{"href":"https:\/\/parahockey.cz\/en\/wp-json\/wp\/v2\/posts\/25452","targetHints":{"allow":["GET"]}}],"collection":[{"href":"https:\/\/parahockey.cz\/en\/wp-json\/wp\/v2\/posts"}],"about":[{"href":"https:\/\/parahockey.cz\/en\/wp-json\/wp\/v2\/types\/post"}],"author":[{"embeddable":true,"href":"https:\/\/parahockey.cz\/en\/wp-json\/wp\/v2\/users\/7"}],"replies":[{"embeddable":true,"href":"https:\/\/parahockey.cz\/en\/wp-json\/wp\/v2\/comments?post=25452"}],"version-history":[{"count":2,"href":"https:\/\/parahockey.cz\/en\/wp-json\/wp\/v2\/posts\/25452\/revisions"}],"predecessor-version":[{"id":25456,"href":"https:\/\/parahockey.cz\/en\/wp-json\/wp\/v2\/posts\/25452\/revisions\/25456"}],"wp:featuredmedia":[{"embeddable":true,"href":"https:\/\/parahockey.cz\/en\/wp-json\/wp\/v2\/media\/25453"}],"wp:attachment":[{"href":"https:\/\/parahockey.cz\/en\/wp-json\/wp\/v2\/media?parent=25452"}],"wp:term":[{"taxonomy":"category","embeddable":true,"href":"https:\/\/parahockey.cz\/en\/wp-json\/wp\/v2\/categories?post=25452"},{"taxonomy":"post_tag","embeddable":true,"href":"https:\/\/parahockey.cz\/en\/wp-json\/wp\/v2\/tags?post=25452"}],"curies":[{"name":"wp","href":"https:\/\/api.w.org\/{rel}","templated":true}]}}