{"id":25457,"date":"2025-12-03T23:04:40","date_gmt":"2025-12-03T22:04:40","guid":{"rendered":"https:\/\/parahockey.cz\/?p=25457"},"modified":"2025-12-03T23:06:05","modified_gmt":"2025-12-03T22:06:05","slug":"para-cup-2025-vysoka-vyhra-nad-cinou","status":"publish","type":"post","link":"https:\/\/parahockey.cz\/en\/repre\/para-cup-2025-vysoka-vyhra-nad-cinou\/","title":{"rendered":"Para Cup 2025: Vysok\u00e1 v\u00fdhra nad \u010c\u00ednou"},"content":{"rendered":"\n<p>\u010cesk\u00fd para hokejov\u00fd t\u00fdm zv\u00edt\u011bzil na z\u00e1v\u011br z\u00e1kladn\u00ed skupiny Para Cupu v Dawson Creek nad \u010c\u00ednou vysoko 6:1. A\u010dkoliv \u010c\u00ed\u0148an\u00e9 vedli u\u017e po \u0161estn\u00e1cti sekund\u00e1ch, \u010ce\u0161i oto\u010dili je\u0161t\u011b do p\u0159est\u00e1vky a po n\u00ed definitivn\u011b zlomili utk\u00e1n\u00ed ve sv\u016fj prosp\u011bch. V\u00e1clav He\u010dko a Filip Vesel\u00fd zaznamenali dv\u011b branky, po jedn\u00e9 pak Radek Zelinka a Luk\u00e1\u0161 Kapko. V p\u00e1te\u010dn\u00edm semifin\u00e1le turnaje se \u010cesko potk\u00e1 s pora\u017een\u00fdm z utk\u00e1n\u00ed mezi USA a Kanadou.<\/p>\n\n\n\n<p>Sebev\u011bdom\u00fd v\u00fdkon n\u00e1rodn\u00edho t\u00fdmu popsal dvoug\u00f3lov\u00fd <strong>Filip Vesel\u00fd<\/strong>. <em>&#8220;Dne\u0161n\u00ed z\u00e1pas jsme kr\u00e1sn\u011b zvl\u00e1dli, i kdy\u017e jsme prohr\u00e1vali 0:1. Mysl\u00edm si, \u017ee jsme se dok\u00e1zali zvednout a uk\u00e1zali jsme dominanci,&#8221;<\/em> pochvaloval si po utk\u00e1n\u00ed. <em>&#8220;Ze sv\u00fdch prvn\u00edch g\u00f3l\u016f na turnaji m\u00e1m radost. Prvn\u00ed nebyl nic moc, dor\u00e1\u017eka \u017di\u017elovy st\u0159ely, a na druh\u00fd mi Pavel (Kube\u0161) p\u011bkn\u011b namazal a prost\u0159elil jsem g\u00f3lmana,&#8221;<\/em> popsal sv\u00e9 dv\u011b trefy.<\/p>\n\n\n\n<p>Krom\u011b st\u0159eleck\u00e9 listiny se dvacetilet\u00fd karlovarsk\u00fd \u017dralok dvakr\u00e1t usadil i do trestn\u00e9ho boxu. <em>&#8220;S \u010c\u00ednou to je v\u017edycky vyhrocen\u00e9, my jsme u\u017e takov\u00ed rivalov\u00e9.<\/em> <em>\u010c\u00ed\u0148an\u00e9 nehraj\u00ed \u00fapln\u011b podle pravidel<\/em>, <em>to se n\u00e1m nel\u00edb\u00ed a n\u011bkdy n\u00e1m trochu ujedou nervy,&#8221;<\/em> vysv\u011btlil Filip Vesel\u00fd sv\u00e9 dva men\u0161\u00ed tresty za hrubost.<\/p>\n\n\n\n<p><em>&#8220;Byl to velice d\u016fle\u017eit\u00fd z\u00e1pas na uzav\u0159en\u00ed z\u00e1kladn\u00ed skupiny a velice d\u016fle\u017eit\u00fd t\u00fdmov\u00fd v\u00fdkon podpo\u0159en\u00fd od brank\u00e1\u0159e a\u017e po posledn\u00edho hr\u00e1\u010de,&#8221;<\/em> prohl\u00e1sil asistent tren\u00e9ra <strong>Ji\u0159\u00ed B\u0159\u00edza<\/strong>. <em>&#8220;Cht\u011bl bych vyzdvihnout dodr\u017eov\u00e1n\u00ed pokyn\u016f a nasazen\u00ed v\u0161ech kluk\u016f, je to hodn\u011b d\u016fle\u017eit\u00e9 i pro udr\u017een\u00ed sebev\u011bdom\u00ed pro semifin\u00e1le. U\u017e v kabin\u011b jsem \u0159ekl, \u017ee m\u011b t\u011b\u0161\u00ed pozitivn\u00ed sk\u00f3re 8:7 ve t\u0159ech z\u00e1pasech s nejlep\u0161\u00edmi t\u00fdmy na sv\u011bt\u011b. Od toho se m\u016f\u017eeme odrazit do semifin\u00e1le,&#8221;<\/em> p\u0159eje si Ji\u0159\u00ed B\u0159\u00edza.<\/p>\n\n\n\n<p><strong>\u010c\u00edna &#8211; \u010cesko 1:6 (1:2, 0:3, 0:1)<\/strong><\/p>\n\n\n\n<p>Branky: 1. J. Wang &#8211; 6. He\u010dko (Zelinka), 14. Zelinka (\u017di\u017elavsk\u00fd, He\u010dko), 20. He\u010dko (Dole\u017eal, Geier), 27. Vesel\u00fd (\u017di\u017elavsk\u00fd), 30. Vesel\u00fd (Kapko, Kube\u0161), 44. Kapko (Vesel\u00fd, Kube\u0161). Vylou\u010den\u00ed: 7:3, nav\u00edc J. Tian 5+10 minut. Vyu\u017eit\u00ed: 0:2. St\u0159ely na branku: 18:21.<\/p>\n\n\n\n<p><strong>Foto:<\/strong> Luk\u00e1\u0161 Ston<\/p>\n\n\n\n<p><\/p>\n","protected":false},"excerpt":{"rendered":"<p>\u010cesk\u00fd para hokejov\u00fd t\u00fdm zv\u00edt\u011bzil na z\u00e1v\u011br z\u00e1kladn\u00ed skupiny Para Cupu v Dawson Creek nad \u010c\u00ednou vysoko 6:1. A\u010dkoliv \u010c\u00ed\u0148an\u00e9 vedli u\u017e po \u0161estn\u00e1cti sekund\u00e1ch, \u010ce\u0161i oto\u010dili je\u0161t\u011b do p\u0159est\u00e1vky a po n\u00ed definitivn\u011b zlomili utk\u00e1n\u00ed ve sv\u016fj prosp\u011bch. V\u00e1clav He\u010dko a Filip Vesel\u00fd zaznamenali dv\u011b branky, po jedn\u00e9 pak Radek Zelinka a Luk\u00e1\u0161 Kapko. [&hellip;]<\/p>\n","protected":false},"author":7,"featured_media":25458,"comment_status":"open","ping_status":"open","sticky":false,"template":"","format":"standard","meta":{"_acf_changed":false,"inline_featured_image":false,"footnotes":""},"categories":[11],"tags":[],"class_list":["post-25457","post","type-post","status-publish","format-standard","has-post-thumbnail","hentry","category-repre"],"acf":[],"_links":{"self":[{"href":"https:\/\/parahockey.cz\/en\/wp-json\/wp\/v2\/posts\/25457","targetHints":{"allow":["GET"]}}],"collection":[{"href":"https:\/\/parahockey.cz\/en\/wp-json\/wp\/v2\/posts"}],"about":[{"href":"https:\/\/parahockey.cz\/en\/wp-json\/wp\/v2\/types\/post"}],"author":[{"embeddable":true,"href":"https:\/\/parahockey.cz\/en\/wp-json\/wp\/v2\/users\/7"}],"replies":[{"embeddable":true,"href":"https:\/\/parahockey.cz\/en\/wp-json\/wp\/v2\/comments?post=25457"}],"version-history":[{"count":3,"href":"https:\/\/parahockey.cz\/en\/wp-json\/wp\/v2\/posts\/25457\/revisions"}],"predecessor-version":[{"id":25464,"href":"https:\/\/parahockey.cz\/en\/wp-json\/wp\/v2\/posts\/25457\/revisions\/25464"}],"wp:featuredmedia":[{"embeddable":true,"href":"https:\/\/parahockey.cz\/en\/wp-json\/wp\/v2\/media\/25458"}],"wp:attachment":[{"href":"https:\/\/parahockey.cz\/en\/wp-json\/wp\/v2\/media?parent=25457"}],"wp:term":[{"taxonomy":"category","embeddable":true,"href":"https:\/\/parahockey.cz\/en\/wp-json\/wp\/v2\/categories?post=25457"},{"taxonomy":"post_tag","embeddable":true,"href":"https:\/\/parahockey.cz\/en\/wp-json\/wp\/v2\/tags?post=25457"}],"curies":[{"name":"wp","href":"https:\/\/api.w.org\/{rel}","templated":true}]}}