{"id":25465,"date":"2025-12-06T12:37:06","date_gmt":"2025-12-06T11:37:06","guid":{"rendered":"https:\/\/parahockey.cz\/?p=25465"},"modified":"2025-12-06T12:42:23","modified_gmt":"2025-12-06T11:42:23","slug":"para-cup-2025-nepovedene-semifinale-proti-kanade","status":"publish","type":"post","link":"https:\/\/parahockey.cz\/en\/repre\/para-cup-2025-nepovedene-semifinale-proti-kanade\/","title":{"rendered":"Para Cup 2025: Nepoveden\u00e9 semifin\u00e1le proti Kanad\u011b"},"content":{"rendered":"\n<p>N\u00e1rodn\u00ed t\u00fdm para hokeje m\u00e1 za sebou nepoda\u0159en\u00e9 vystoupen\u00ed proti dom\u00e1c\u00ed Kanad\u011b v semifin\u00e1le Para Cupu. Rychle inkasovan\u00e1 branka ur\u010dila r\u00e1z utk\u00e1n\u00ed, ve kter\u00e9m \u0161lo na Patrika Sedl\u00e1\u010dka v brance t\u0159ikr\u00e1t v\u00edce st\u0159el ne\u017e na Kana\u010fana Watsona. Por\u00e1\u017eku 0:7 je\u0161t\u011b zv\u00fdraznilo zran\u011bn\u00ed Pavla Dole\u017eala, kter\u00fd na turnaji dohr\u00e1l. Ve druh\u00e9m semifin\u00e1le Ameri\u010dan\u00e9 rozst\u0159\u00edleli \u010c\u00ednu 13:2.<\/p>\n\n\n\n<p><em>&#8220;Byl to t\u011b\u017ek\u00fd z\u00e1pas po v\u0161ech str\u00e1nk\u00e1ch. Co m\u016f\u017eu hodnotit, je jedin\u011b prvn\u00ed t\u0159etina, potom se z\u00e1pas ub\u00edral \u0161\u00edlen\u00fdm sm\u011brem,&#8221;<\/em> \u0159ekl na \u00favod kapit\u00e1n <strong>Radek Zelinka<\/strong>. <em>&#8220;Byla tam n\u011bjak\u00e1 zran\u011bn\u00ed, dlouh\u00e9 oslaben\u00ed, kter\u00e9 dok\u00e1zali Kana\u010fani potrestat, a my jsme pak u\u017e byli jenom takov\u00ed sparring partne\u0159i<\/em>,<em>&#8220;<\/em> shrnul ne\u00fasp\u011b\u0161n\u00e9 vystoupen\u00ed sv\u00e9ho mu\u017estva.<\/p>\n\n\n\n<p>Vr\u00e1til se i k samotn\u00e9mu \u00favodu, kter\u00fd podle n\u011bj ur\u010dil cestu, po kter\u00e9 se z\u00e1pas ub\u00edral. <em>&#8220;Nalomil n\u00e1s ten rychl\u00fd g\u00f3l v prvn\u00ed t\u0159etin\u011b, bylo to hned ve druh\u00e9m st\u0159\u00edd\u00e1n\u00ed. Sna\u017eili jsme se s t\u00edm n\u011bco ud\u011blal, ale t\u00fdm Kanady je tak kvalitn\u00ed, \u017ee jsme se k ni\u010demu moc nedost\u00e1vali,&#8221;<\/em> uznal Zelinka s\u00edlu soupe\u0159e.<\/p>\n\n\n\n<p>\u010ce\u0161i p\u0159itom cel\u00fd turnaj zah\u00e1jili dv\u011bma poveden\u011bj\u0161\u00edmi z\u00e1pasy proti USA i Kanad\u011b (shodn\u011b 1:3). V \u010dem byl oproti semifin\u00e1le rozd\u00edl? <em>&#8220;Jsme u\u017e v n\u011bjak\u00e9m pr\u016fb\u011bhu turnaje, s\u00edly trochu doch\u00e1zej\u00ed a nen\u00ed to jednoduch\u00e9. Prvn\u00ed z\u00e1pasy nebyly v\u016fbec \u0161patn\u00e9, ale v pr\u016fb\u011bhu turnaje se d\u011bj\u00ed r\u016fzn\u00e9 v\u011bci a dneska se n\u00e1m to prost\u011b nepovedlo,&#8221;<\/em> nazna\u010dil kapit\u00e1n mo\u017enou \u00fanavu z n\u00e1ro\u010dn\u00e9ho programu. Do z\u00e1pasu o t\u0159et\u00ed m\u00edsto proti \u010c\u00edn\u011b chce ale hled\u011bt optimisticky. <em>&#8220;Z\u00e1pas je vlastn\u011b za chvilku, tak\u017ee dob\u0159e zregenerovat. V\u00edme, co to je za soupe\u0159e, jak hraj\u00ed. Vysp\u00edme se a ur\u010dit\u011b pojedeme naplno,&#8221;<\/em> hl\u00e1s\u00ed Radek Zelinka.<\/p>\n\n\n\n<p>Pozitivn\u011b nemohl semifin\u00e1le hodnotit ani tren\u00e9r n\u00e1rodn\u00edho t\u00fdmu <strong>Jakub Novotn\u00fd<\/strong>. <em>&#8220;Mus\u00edm \u0159\u00edct, \u017ee dne\u0161n\u00ed z\u00e1pas n\u00e1m nevy\u0161el. Hned ve druh\u00e9 minut\u011b jsme inkasovali g\u00f3l a ze zku\u0161enosti v\u00edme, \u017ee kdy\u017e Kana\u010fan uc\u00edt\u00ed krev, tak je stra\u0161n\u011b nep\u0159\u00edjemn\u00e9 proti n\u011bmu hr\u00e1t. A to se dnes potvrdilo,&#8221;<\/em> \u0159ekl na adresu neobl\u00edben\u00e9ho soupe\u0159e, jeho\u017e skalp \u010ce\u0161i je\u0161t\u011b dosud nez\u00edskali.<\/p>\n\n\n\n<p>Potvrdil i to, \u017ee pod tlakem se hr\u00e1\u010d\u016fm na led\u011b neda\u0159ilo podle jeho p\u0159edstav. <em>&#8220;Sj\u00ed\u017ed\u011bly n\u00e1m puky z hokejek, ned\u00e1vali jsme si p\u0159esn\u00e9 p\u0159ihr\u00e1vky, ob\u010das jsme zbyte\u010dn\u011b panika\u0159ili p\u0159i rozhodnut\u00edch, tak\u017ee z\u00e1pas n\u00e1m z tohoto hlediska v\u016fbec nesedl.&#8221;<\/em> Utk\u00e1n\u00ed oproti p\u0159edchoz\u00ed vysok\u00e9 v\u00fdh\u0159e nad \u010c\u00ednou bylo jako den a noc. <em>&#8220;\u010c\u00edna je jin\u00fd soupe\u0159, dala n\u00e1m v\u00edce prostoru a v\u00edce jsme si v\u011b\u0159ili na puku, v tom vid\u00edm nejv\u011bt\u0161\u00ed rozd\u00edl. Naopak Kanada na n\u00e1s v prvn\u00edch p\u011bti minut\u00e1ch vl\u00e9tla, nenechala n\u00e1m prostor a my jsme na to nedok\u00e1zali spr\u00e1vn\u011b reagovat, sami sebe jsme dost\u00e1vali do stresu,&#8221;<\/em> popsal kou\u010d odli\u0161n\u00e1 utk\u00e1n\u00ed, kter\u00e1 od sebe d\u011blily jen dva dny.<\/p>\n\n\n\n<p>P\u0159ed \u010cechy je v Dawson Creek u\u017e jenom jeden z\u00e1pas o kone\u010dn\u00e9 t\u0159et\u00ed m\u00edsto proti \u010c\u00edn\u011b, kter\u00e1 v semifin\u00e1le utrp\u011bla debakl se Spojen\u00fdmi st\u00e1ty a ve skupin\u011b prohr\u00e1la tak\u00e9 v\u0161echny z\u00e1pasy, v\u010detn\u011b toho s \u010ceskem. <em>&#8220;J\u00e1 douf\u00e1m, \u017ee se ze semifin\u00e1le oklepeme a uk\u00e1\u017eeme, \u017ee v\u00fdsledek 6:1 nad \u010c\u00ednou dok\u00e1\u017eeme znovu potvrdt. Je to d\u016fle\u017eit\u00e9, jde o medaili, tak\u017ee ur\u010dit\u011b chceme vyhr\u00e1t,&#8221;<\/em> uzav\u0159el Jakub Novotn\u00fd.<\/p>\n\n\n\n<p>Z\u00e1pas o t\u0159et\u00ed m\u00edsto na Para Cupu 2025 <strong>\u010c\u00edna &#8211; \u010cesko<\/strong> je na programu 6. prosince ve 22:00 SE\u010c.<\/p>\n\n\n\n<p><\/p>\n\n\n\n<p><strong>\u010cesko &#8211; Kanada 0:7 (0:2, 0:3, 0:2)<\/strong><\/p>\n\n\n\n<p>Branky: 2. Cozzolino (Boily), 9. Dunn (Cozzolino, Hickey), 21. Cozzolino (Lelievre), 26. Dixon (McGregor, Cozzolino), 26. Dunn (Dixon), 38. McGregor (Jacobs Webb), 45. Boily (Cozzolino). Vylou\u010den\u00ed: 4:3, nav\u00edc Vesel\u00fd 10 minut. Vyu\u017eit\u00ed: 0:3. St\u0159ely na branku: 12:38.<\/p>\n","protected":false},"excerpt":{"rendered":"<p>N\u00e1rodn\u00ed t\u00fdm para hokeje m\u00e1 za sebou nepoda\u0159en\u00e9 vystoupen\u00ed proti dom\u00e1c\u00ed Kanad\u011b v semifin\u00e1le Para Cupu. Rychle inkasovan\u00e1 branka ur\u010dila r\u00e1z utk\u00e1n\u00ed, ve kter\u00e9m \u0161lo na Patrika Sedl\u00e1\u010dka v brance t\u0159ikr\u00e1t v\u00edce st\u0159el ne\u017e na Kana\u010fana Watsona. Por\u00e1\u017eku 0:7 je\u0161t\u011b zv\u00fdraznilo zran\u011bn\u00ed Pavla Dole\u017eala, kter\u00fd na turnaji dohr\u00e1l. Ve druh\u00e9m semifin\u00e1le Ameri\u010dan\u00e9 rozst\u0159\u00edleli \u010c\u00ednu 13:2. [&hellip;]<\/p>\n","protected":false},"author":7,"featured_media":25466,"comment_status":"open","ping_status":"open","sticky":false,"template":"","format":"standard","meta":{"_acf_changed":false,"inline_featured_image":false,"footnotes":""},"categories":[11],"tags":[],"class_list":["post-25465","post","type-post","status-publish","format-standard","has-post-thumbnail","hentry","category-repre"],"acf":[],"_links":{"self":[{"href":"https:\/\/parahockey.cz\/en\/wp-json\/wp\/v2\/posts\/25465","targetHints":{"allow":["GET"]}}],"collection":[{"href":"https:\/\/parahockey.cz\/en\/wp-json\/wp\/v2\/posts"}],"about":[{"href":"https:\/\/parahockey.cz\/en\/wp-json\/wp\/v2\/types\/post"}],"author":[{"embeddable":true,"href":"https:\/\/parahockey.cz\/en\/wp-json\/wp\/v2\/users\/7"}],"replies":[{"embeddable":true,"href":"https:\/\/parahockey.cz\/en\/wp-json\/wp\/v2\/comments?post=25465"}],"version-history":[{"count":3,"href":"https:\/\/parahockey.cz\/en\/wp-json\/wp\/v2\/posts\/25465\/revisions"}],"predecessor-version":[{"id":25470,"href":"https:\/\/parahockey.cz\/en\/wp-json\/wp\/v2\/posts\/25465\/revisions\/25470"}],"wp:featuredmedia":[{"embeddable":true,"href":"https:\/\/parahockey.cz\/en\/wp-json\/wp\/v2\/media\/25466"}],"wp:attachment":[{"href":"https:\/\/parahockey.cz\/en\/wp-json\/wp\/v2\/media?parent=25465"}],"wp:term":[{"taxonomy":"category","embeddable":true,"href":"https:\/\/parahockey.cz\/en\/wp-json\/wp\/v2\/categories?post=25465"},{"taxonomy":"post_tag","embeddable":true,"href":"https:\/\/parahockey.cz\/en\/wp-json\/wp\/v2\/tags?post=25465"}],"curies":[{"name":"wp","href":"https:\/\/api.w.org\/{rel}","templated":true}]}}