{"id":25471,"date":"2025-12-07T08:38:44","date_gmt":"2025-12-07T07:38:44","guid":{"rendered":"https:\/\/parahockey.cz\/?p=25471"},"modified":"2025-12-07T08:39:42","modified_gmt":"2025-12-07T07:39:42","slug":"para-cup-2025-oslabeny-narodni-tym-nestacil-na-cinu-a-skoncil-ctvrty","status":"publish","type":"post","link":"https:\/\/parahockey.cz\/en\/repre\/para-cup-2025-oslabeny-narodni-tym-nestacil-na-cinu-a-skoncil-ctvrty\/","title":{"rendered":"Para Cup 2025: oslaben\u00fd n\u00e1rodn\u00ed t\u00fdm nesta\u010dil na \u010c\u00ednu a skon\u010dil \u010dtvrt\u00fd"},"content":{"rendered":"\n<p>Bez zran\u011bn\u00fdch Pavla Dole\u017eala a Alexe Ohara nastoupila para hokejov\u00e1 reprezentace necel\u00fd den po semifin\u00e1le k posledn\u00edmu z\u00e1pasu turnaje v Dawson Creek. V utk\u00e1n\u00ed o t\u0159et\u00ed m\u00edsto proti \u010c\u00edn\u011b ale nenav\u00e1zala na v\u00fdhru ze skupiny a po por\u00e1\u017ece 2:4 skon\u010dila \u010dtvrt\u00e1. O \u010desk\u00e9 g\u00f3ly se postarali V\u00e1clav He\u010dko a Martin \u017di\u017elavsk\u00fd. Para Cup tradi\u010dn\u011b ovl\u00e1dli Ameri\u010dan\u00e9, dom\u00e1c\u00ed Kanadu porazili ve fin\u00e1le 2:0.<\/p>\n\n\n\n<p>Duel o bronz i cel\u00fd turnaj zhodnotil hlavn\u00ed tren\u00e9r <strong>Jakub Novotn\u00fd<\/strong>. <em>&#8220;Do z\u00e1pasu s \u010c\u00ednou jsme \u0161li oslabeni o dva zran\u011bn\u00e9 hr\u00e1\u010de a na rozbruslen\u00ed si je\u0161t\u011b Martin \u017di\u017elavsk\u00fd po\u0161kodil s\u00e1n\u011b, tak\u017ee nastupoval a\u017e od poloviny prvn\u00ed t\u0159etiny. Po n\u00ed jsme ztr\u00e1celi jenom jeden g\u00f3l, ale ve druh\u00e9 t\u0159etin\u011b jsme ud\u011blali chyby v defenziv\u011b a \u010c\u00edna odsko\u010dila. Sna\u017eili jsme se z\u00e1pas ve t\u0159et\u00ed t\u0159etin\u011b oto\u010dit, ale nakonec se n\u00e1m to nepovedlo,&#8221;<\/em> zrekapituloval posledn\u00ed vystoupen\u00ed t\u00fdmu na kanadsk\u00e9 p\u016fd\u011b.<\/p>\n\n\n\n<p><em>&#8220;Mysl\u00edm, \u017ee jsme v tom z\u00e1pase nechali na led\u011b v\u0161echno, co v n\u00e1s po cel\u00e9m turnaji zbylo. Uk\u00e1zalo se, \u017ee t\u00edm, \u017ee m\u00e1me \u00fazk\u00fd k\u00e1dr, tak mus\u00edme je\u0161t\u011b v\u00edce zapracovat na kondici<\/em>, <em>abychom byli schopni tyto t\u011b\u017ek\u00e9 z\u00e1pasy odehr\u00e1t v co nejvy\u0161\u0161\u00ed kvalit\u011b. Dnes rozhodovala \u00fanava<\/em> <em>a opot\u0159eben\u00ed po cel\u00e9m t\u00fddnu,&#8221; <\/em>pouk\u00e1zal tren\u00e9r na hlavn\u00ed rozd\u00edl oproti \u0161ir\u0161\u00edm soupisk\u00e1m soupe\u0159\u016f.<\/p>\n\n\n\n<p>Jakub Novotn\u00fd se zamyslel i nad t\u00edm, co n\u00e1ro\u010dn\u00fd turnaj daleko od domova uk\u00e1zal vst\u0159\u00edc bl\u00ed\u017e\u00edc\u00edm se paralympijsk\u00fdm hr\u00e1m. <em>&#8220;Turnaj n\u00e1m uk\u00e1zal, \u017ee kdy\u017e jsme odpo\u010dinut\u00ed, tak dok\u00e1\u017eeme hr\u00e1t vyrovnan\u00e9 z\u00e1pasy i s top t\u0159emi t\u00fdmy na sv\u011bt\u011b, jak bylo vid\u011bt v z\u00e1kladn\u00ed \u010d\u00e1sti. A pak samoz\u0159ejm\u011b to, \u017ee se mus\u00edme zlep\u0161it fyzicky. Na posledn\u00edch dvou z\u00e1pasech se podepsala \u00fanava, d\u011blali jsme hor\u0161\u00ed rozhodnut\u00ed, trochu jsme si p\u0159estali v\u011b\u0159it a ob\u010das zmatkovali, aby se n\u011bco nepokazilo. Co se t\u00fdk\u00e1 zlep\u0161en\u00ed, tak ur\u010dit\u011b budeme db\u00e1t na kondici,&#8221; <\/em> nazna\u010dil kou\u010d, co reprezentanty bude \u010dekat v nejbli\u017e\u0161\u00edm obdob\u00ed.<\/p>\n\n\n\n<p>Na z\u00e1v\u011br na\u0161el hlavn\u00ed tren\u00e9r i pozitiva. <em>&#8220;M\u016f\u017eu vyzdvihnout t\u00fdmovou pr\u00e1ci. V\u0161echny z\u00e1pasy jsme odmakali a jako t\u00fdm dr\u017eeli p\u0159i sob\u011b, co\u017e m\u011b hodn\u011b t\u011b\u0161\u00ed.<\/em> <em>V\u011b\u0159\u00edm, \u017ee i to, \u017ee jsme prohr\u00e1li, n\u00e1s posune a \u017ee se z toho pou\u010d\u00edme,&#8221;<\/em> uzav\u0159el Jakub Novotn\u00fd.<\/p>\n\n\n\n<p><strong>\u010c\u00edna &#8211; \u010cesko 4:2 (1:0, 2:0, 1:2)<\/strong><\/p>\n\n\n\n<p>Branky: 4. Qiu (Shen, Zhu), 20. Song, 28. Z. Wang (Shen, Zhu), 45. Tian (Z. Wang, Qiu) &#8211; 32. He\u010dko (H\u00e1bl), 45. \u017di\u017elavsk\u00fd (Kube\u0161, He\u010dko). Vylou\u010den\u00ed: 2:2. Bez vyu\u017eit\u00ed. St\u0159ely na branku: 28:9.<\/p>\n\n\n\n<p><\/p>\n","protected":false},"excerpt":{"rendered":"<p>Bez zran\u011bn\u00fdch Pavla Dole\u017eala a Alexe Ohara nastoupila para hokejov\u00e1 reprezentace necel\u00fd den po semifin\u00e1le k posledn\u00edmu z\u00e1pasu turnaje v Dawson Creek. V utk\u00e1n\u00ed o t\u0159et\u00ed m\u00edsto proti \u010c\u00edn\u011b ale nenav\u00e1zala na v\u00fdhru ze skupiny a po por\u00e1\u017ece 2:4 skon\u010dila \u010dtvrt\u00e1. O \u010desk\u00e9 g\u00f3ly se postarali V\u00e1clav He\u010dko a Martin \u017di\u017elavsk\u00fd. Para Cup tradi\u010dn\u011b ovl\u00e1dli [&hellip;]<\/p>\n","protected":false},"author":7,"featured_media":25208,"comment_status":"open","ping_status":"open","sticky":false,"template":"","format":"standard","meta":{"_acf_changed":false,"inline_featured_image":false,"footnotes":""},"categories":[11],"tags":[],"class_list":["post-25471","post","type-post","status-publish","format-standard","has-post-thumbnail","hentry","category-repre"],"acf":[],"_links":{"self":[{"href":"https:\/\/parahockey.cz\/en\/wp-json\/wp\/v2\/posts\/25471","targetHints":{"allow":["GET"]}}],"collection":[{"href":"https:\/\/parahockey.cz\/en\/wp-json\/wp\/v2\/posts"}],"about":[{"href":"https:\/\/parahockey.cz\/en\/wp-json\/wp\/v2\/types\/post"}],"author":[{"embeddable":true,"href":"https:\/\/parahockey.cz\/en\/wp-json\/wp\/v2\/users\/7"}],"replies":[{"embeddable":true,"href":"https:\/\/parahockey.cz\/en\/wp-json\/wp\/v2\/comments?post=25471"}],"version-history":[{"count":2,"href":"https:\/\/parahockey.cz\/en\/wp-json\/wp\/v2\/posts\/25471\/revisions"}],"predecessor-version":[{"id":25473,"href":"https:\/\/parahockey.cz\/en\/wp-json\/wp\/v2\/posts\/25471\/revisions\/25473"}],"wp:featuredmedia":[{"embeddable":true,"href":"https:\/\/parahockey.cz\/en\/wp-json\/wp\/v2\/media\/25208"}],"wp:attachment":[{"href":"https:\/\/parahockey.cz\/en\/wp-json\/wp\/v2\/media?parent=25471"}],"wp:term":[{"taxonomy":"category","embeddable":true,"href":"https:\/\/parahockey.cz\/en\/wp-json\/wp\/v2\/categories?post=25471"},{"taxonomy":"post_tag","embeddable":true,"href":"https:\/\/parahockey.cz\/en\/wp-json\/wp\/v2\/tags?post=25471"}],"curies":[{"name":"wp","href":"https:\/\/api.w.org\/{rel}","templated":true}]}}