{"id":25542,"date":"2026-01-26T00:35:08","date_gmt":"2026-01-25T23:35:08","guid":{"rendered":"https:\/\/parahockey.cz\/?p=25542"},"modified":"2026-01-26T00:35:09","modified_gmt":"2026-01-25T23:35:09","slug":"posledni-test-pred-paralympiadou-narodni-tym-absolvuje-turnaj-v-turine","status":"publish","type":"post","link":"https:\/\/parahockey.cz\/en\/repre\/posledni-test-pred-paralympiadou-narodni-tym-absolvuje-turnaj-v-turine\/","title":{"rendered":"Posledn\u00ed test p\u0159ed paralympi\u00e1dou: n\u00e1rodn\u00ed t\u00fdm absolvuje turnaj v Tur\u00edn\u011b"},"content":{"rendered":"\n<p>Paralympijsk\u00e9 hry se ne\u00faprosn\u011b bl\u00ed\u017e\u00ed a p\u0159\u00edprava para hokejov\u00e9 reprezentace jde do fini\u0161e. Nas\u00e1t italskou atmosf\u00e9ru odjel t\u00fdm do Tur\u00edna, d\u011bji\u0161t\u011b her v roce 2006, kde odehraje posledn\u00ed p\u0159\u00edpravn\u00fd turnaj. Krom\u011b dom\u00e1c\u00ed It\u00e1lie se \u010ce\u0161i pom\u011b\u0159\u00ed i se dv\u011bma soupe\u0159i, kte\u0159\u00ed je \u010dekaj\u00ed v b\u0159eznu v paralympijsk\u00e9 skupin\u011b, a to se Slovenskem a Japonskem.<\/p>\n\n\n\n<p><em>&#8220;Chceme d\u00e1l ladit formu sm\u011brem k paralympijsk\u00fdm hr\u00e1m a turnaj bereme jako d\u016fle\u017eitou sou\u010d\u00e1st\u00ed p\u0159\u00edpravy. V\u00edme, \u017ee n\u00e1m m\u016f\u017ee napov\u011bd\u011bt, na jak\u00e9 v\u011bci se po turnaji ve fin\u00e1ln\u00ed f\u00e1zi p\u0159\u00edpravy zam\u011b\u0159it<\/em>. <em>Turnaj n\u00e1m d\u00e1 ur\u010dit\u00fd n\u00e1hled na soupe\u0159e, ale ur\u010dit\u011b nen\u00ed na\u0161\u00ed prioritou soupe\u0159e napozorovat, hlavn\u011b se chceme soust\u0159edit na na\u0161e v\u00fdkony,&#8221;<\/em> \u0159ekl po p\u0159\u00edjezdu do Tur\u00edna hlavn\u00ed tren\u00e9r <strong>Jakub Novotn\u00fd<\/strong>.<\/p>\n\n\n\n<p>Do It\u00e1lie odcestovala omlazen\u00e1 reprezentace se v\u0161emi mlad\u00fdmi hr\u00e1\u010di za\u010dlen\u011bn\u00fdmi do reprezenta\u010dn\u00edho programu. <em>&#8220;O zapojen\u00ed mlad\u00fdch hr\u00e1\u010d\u016f se sna\u017e\u00edme celou sez\u00f3nu a vlastn\u011b v\u017edy, kdy se n\u011bjak\u00fd mlad\u00fd hr\u00e1\u010d v para hokeji objev\u00ed. Vz\u00edt je na tento turnaj n\u00e1m d\u00e1valo smysl z toho d\u016fvodu, \u017ee se turnaj hraje v Evrop\u011b, nechceme p\u0159et\u00ed\u017eit hr\u00e1\u010de st\u00e1l\u00e9 sestavy p\u0159ed posledn\u00ed f\u00e1z\u00ed p\u0159\u00edpravy. Chceme mlad\u00e9 nad\u00e1le a v\u00edce zapojovat do fungov\u00e1n\u00ed v t\u00fdmu na led\u011b a mimo led a tento turnaj n\u00e1m k tomu pom\u016f\u017ee,&#8221;<\/em> vysv\u011btlil kou\u010d.<\/p>\n\n\n\n<p><span style=\"text-decoration: underline;\"><strong>Rozpis n\u00e1rodn\u00edho t\u00fdmu para hokeje na turnaje v Tur\u00edn\u011b<\/strong><\/span><\/p>\n\n\n\n<p>Pond\u011bl\u00ed 26. 1. 2026: \u010cesko &#8211; Slovensko<\/p>\n\n\n\n<p>\u00dater\u00fd 27. 1. 2026: \u010cesko &#8211; It\u00e1lie<\/p>\n\n\n\n<p>St\u0159eda 28. 1. 2026: \u010cesko &#8211; Japonsko<\/p>\n\n\n\n<p>Po z\u00e1kladn\u00ed skupin\u011b bude n\u00e1sledovat semifin\u00e1le (29. nebo 30. 1.) a z\u00e1pas o kone\u010dn\u00e9 um\u00edst\u011bn\u00ed (31. 1.).<\/p>\n\n\n\n<p><\/p>\n\n\n\n<p><strong><span style=\"text-decoration: underline;\">Nominace<\/span><\/strong><\/p>\n\n\n\n<p>Be\u010dv\u00e1\u0159 Sebastian, Kapko Luk\u00e1\u0161, Ohar Alex, Ondr\u00e1k David, P\u00e1tek Theodor (Sparta Praha parahokej), Fr\u00fddl Maty\u00e1\u0161, He\u010dko V\u00e1clav, Kudela Martin, Vrubel David (Flamingos Ostrava), Geier Michal, Vesel\u00fd Filip, Zelinka Radek (SKV Sharks Karlovy Vary), Bo\u010dek Petr, Kube\u0161 Pavel (SHK Pardubice), H\u00e1bl Zden\u011bk (SHK Lapp Zl\u00edn), \u017di\u017elavsk\u00fd Martin (SOHO Olomou\u010dt\u00ed Kohouti).<\/p>\n\n\n\n<p>Tren\u00e9\u0159i: Jakub Novotn\u00fd, Jan Szturc, Ji\u0159\u00ed B\u0159\u00edza.<\/p>\n\n\n\n<p class=\"has-text-align-right\">Foto: David Handl<\/p>\n\n\n\n<p><\/p>\n","protected":false},"excerpt":{"rendered":"<p>Paralympijsk\u00e9 hry se ne\u00faprosn\u011b bl\u00ed\u017e\u00ed a p\u0159\u00edprava para hokejov\u00e9 reprezentace jde do fini\u0161e. Nas\u00e1t italskou atmosf\u00e9ru odjel t\u00fdm do Tur\u00edna, d\u011bji\u0161t\u011b her v roce 2006, kde odehraje posledn\u00ed p\u0159\u00edpravn\u00fd turnaj. Krom\u011b dom\u00e1c\u00ed It\u00e1lie se \u010ce\u0161i pom\u011b\u0159\u00ed i se dv\u011bma soupe\u0159i, kte\u0159\u00ed je \u010dekaj\u00ed v b\u0159eznu v paralympijsk\u00e9 skupin\u011b, a to se Slovenskem a Japonskem. &#8220;Chceme [&hellip;]<\/p>\n","protected":false},"author":7,"featured_media":25543,"comment_status":"closed","ping_status":"closed","sticky":false,"template":"","format":"standard","meta":{"_acf_changed":false,"inline_featured_image":false,"footnotes":""},"categories":[11],"tags":[],"class_list":["post-25542","post","type-post","status-publish","format-standard","has-post-thumbnail","hentry","category-repre"],"acf":[],"_links":{"self":[{"href":"https:\/\/parahockey.cz\/en\/wp-json\/wp\/v2\/posts\/25542","targetHints":{"allow":["GET"]}}],"collection":[{"href":"https:\/\/parahockey.cz\/en\/wp-json\/wp\/v2\/posts"}],"about":[{"href":"https:\/\/parahockey.cz\/en\/wp-json\/wp\/v2\/types\/post"}],"author":[{"embeddable":true,"href":"https:\/\/parahockey.cz\/en\/wp-json\/wp\/v2\/users\/7"}],"replies":[{"embeddable":true,"href":"https:\/\/parahockey.cz\/en\/wp-json\/wp\/v2\/comments?post=25542"}],"version-history":[{"count":1,"href":"https:\/\/parahockey.cz\/en\/wp-json\/wp\/v2\/posts\/25542\/revisions"}],"predecessor-version":[{"id":25545,"href":"https:\/\/parahockey.cz\/en\/wp-json\/wp\/v2\/posts\/25542\/revisions\/25545"}],"wp:featuredmedia":[{"embeddable":true,"href":"https:\/\/parahockey.cz\/en\/wp-json\/wp\/v2\/media\/25543"}],"wp:attachment":[{"href":"https:\/\/parahockey.cz\/en\/wp-json\/wp\/v2\/media?parent=25542"}],"wp:term":[{"taxonomy":"category","embeddable":true,"href":"https:\/\/parahockey.cz\/en\/wp-json\/wp\/v2\/categories?post=25542"},{"taxonomy":"post_tag","embeddable":true,"href":"https:\/\/parahockey.cz\/en\/wp-json\/wp\/v2\/tags?post=25542"}],"curies":[{"name":"wp","href":"https:\/\/api.w.org\/{rel}","templated":true}]}}