{"id":25546,"date":"2026-01-27T00:25:17","date_gmt":"2026-01-26T23:25:17","guid":{"rendered":"https:\/\/parahockey.cz\/?p=25546"},"modified":"2026-01-27T00:25:19","modified_gmt":"2026-01-26T23:25:19","slug":"skvely-vstup-do-turinskeho-turnaje-slovensko-cesko-18","status":"publish","type":"post","link":"https:\/\/parahockey.cz\/en\/repre\/skvely-vstup-do-turinskeho-turnaje-slovensko-cesko-18\/","title":{"rendered":"Skv\u011bl\u00fd vstup do tur\u00ednsk\u00e9ho turnaje: Slovensko &#8211; \u010cesko 1:8"},"content":{"rendered":"\n<p>I bez nemocn\u00fdch Martina Kudely a Davida Ondr\u00e1ka si \u010cesk\u00e1 republika na \u00favod p\u0159edparalympijsk\u00e9ho turnaje v Tur\u00edn\u011b p\u0159ipsala dominantn\u00ed v\u00fdhru nad Slovenskem, se kter\u00fdm se potk\u00e1 ve skupin\u011b na paralympijsk\u00fdch hr\u00e1ch v b\u0159eznu. G\u00f3lov\u011b t\u00fdm t\u00e1hl \u010dty\u0159brankov\u00fd Filip Vesel\u00fd, dv\u011b trefy p\u0159idal Alex Ohar. \u010cesk\u00fd t\u00fdm p\u0159est\u0159\u00edlel soupe\u0159e o 30 st\u0159el na branku.<\/p>\n\n\n\n<p><em>&#8220;N\u00e1\u0161 prvn\u00ed z\u00e1pas na turnaji hodnot\u00edm pozitivn\u011b, mysl\u00edm, \u017ee se n\u00e1m vyda\u0159il. Jsem spokojen\u00fd se sv\u00fdm v\u00fdkonem a cel\u00fd t\u00fdm hr\u00e1l v\u00fdborn\u011b,&#8221;<\/em> pochvaloval si st\u0159elec z\u00e1pasu <strong>Filip Vesel\u00fd<\/strong>. P\u0159ipustil, \u017ee p\u0159ed z\u00e1pasem p\u0159itom mohly kv\u016fli absenc\u00edm v sestav\u011b panovat drobn\u00e9 obavy. <em>&#8220;N\u011bjak\u00e9 pochybnosti tam byly, ale kluci, kte\u0159\u00ed marody nahradili, to zvl\u00e1dli bravurn\u011b. M\u00e1m z toho velikou radost,&#8221;<\/em> \u0159ekl po vysok\u00e9 v\u00fdh\u0159e. <em>&#8220;Byli jsme rychlej\u0161\u00ed, d\u00e1vali jsme si puky na hokejky a celkov\u011b to dnes bylo dobr\u00e9,&#8221; <\/em>uzav\u0159el Filip Vesel\u00fd pozitivn\u00ed hodnocen\u00ed.<\/p>\n\n\n\n<p>Za tren\u00e9rsk\u00fd \u0161t\u00e1b zhodnotil utk\u00e1n\u00ed <strong>Jan Szturc<\/strong>: <em>&#8220;Po del\u0161\u00ed dob\u011b si kluci mohli s\u00e1hnout na z\u00e1pasov\u00e9 tempo a jsme moc r\u00e1di, \u017ee to zvl\u00e1dli v dobr\u00e9m pohybu, sebev\u011bdom\u011b, s kvalitn\u00edm zakon\u010den\u00edm a trouf\u00e1m si \u0159\u00edct, \u017ee rozd\u00edlem t\u0159\u00eddy.&#8221;<\/em> \u010cesk\u00fd t\u00fdm p\u0159itom nezastavily ani absence, nemocn\u00ed Martin Kudela a David Ondr\u00e1k do It\u00e1lie v\u016fbec neodcestovali, z prosincov\u00e9 zlomeniny kl\u00ed\u010dn\u00ed kosti se je\u0161t\u011b zotavuje Pavel Dole\u017eal. <em>&#8220;U Martina s Davidem jde o b\u011b\u017en\u00e9 respira\u010dn\u00ed onecmocn\u011bn\u00ed, nicm\u00e9n\u011b pro t\u00fddenn\u00ed turnaj jsme se rad\u0161i rozhodli, \u017ee je nech\u00e1me doma. Stejn\u011b tak Pavel Dole\u017eal, kter\u00fd se pomalu vrac\u00ed do tr\u00e9ninku a nebyl d\u016fvod ho hned br\u00e1t do It\u00e1lie. Kluci budou nachystan\u00ed, aby t\u00fdm doplnili v \u00fanoru a maxim\u00e1ln\u011b se p\u0159ipravili na paralympijsk\u00e9 hry,&#8221;<\/em> \u0159ekl k tomu asistent tren\u00e9ra Novotn\u00e9ho. <em>&#8220;Z\u00e1rove\u0148 to byla p\u0159\u00edle\u017eitost d\u00e1t \u0161anci mlad\u0161\u00edm hr\u00e1\u010d\u016fm, ozkou\u0161et je na mezin\u00e1rodn\u00ed sc\u00e9n\u011b, aby si dok\u00e1zali \u0159\u00edct o p\u0159\u00edpadnou nominaci na paralympijsk\u00e9 hry. I kdy\u017e g\u00f3ly nasypali zku\u0161en\u011bj\u0161\u00ed hr\u00e1\u010di, tak si mysl\u00edm, \u017ee i s v\u00fdkony mlad\u00fdch m\u016f\u017eeme b\u00fdt spokojeni a budeme se t\u011b\u0161it, co n\u00e1m p\u0159edvedou d\u00e1l,&#8221;<\/em> dodal Jan Szturc..<\/p>\n\n\n\n<p><\/p>\n\n\n\n<p><strong>Slovensko &#8211; \u010cesko 1:8 (0:3, 1:4, 0:1)<\/strong><\/p>\n\n\n\n<p>Branky: 24. Korman (Sta\u0161\u00e1k) &#8211; 3. Vesel\u00fd, 8. \u017di\u017elavsk\u00fd (Zelinka), 10. Ohar, 21. Vesel\u00fd, 22. He\u010dko (Fr\u00fddl), 23. Vesel\u00fd, 28. Ohar (Kapko), 40. Vesel\u00fd (\u017di\u017elavsk\u00fd). Vylou\u010den\u00ed: 0:4. Vyu\u017eit\u00ed: 1:0. St\u0159ely na branku: 7:37.<\/p>\n\n\n\n<p><strong>Slovensko:<\/strong> Lep\u00e1\u010dek &#8211; Hlinka, Feren\u010d\u00edk, Ve\u010derek &#8211; Korman, Joppa, Turic &#8211; Sta\u0161\u00e1k, Ligda, Garbiar.<\/p>\n\n\n\n<p><strong>\u010cesko:<\/strong> Bo\u010dek &#8211; Zelinka, H\u00e1bl, Kapko, Vrubel, Kube\u0161 &#8211; P\u00e1tek, Fr\u00fddl, He\u010dko &#8211; Ohar, \u017di\u017elavsk\u00fd, Vesel\u00fd &#8211; Geier.<\/p>\n","protected":false},"excerpt":{"rendered":"<p>I bez nemocn\u00fdch Martina Kudely a Davida Ondr\u00e1ka si \u010cesk\u00e1 republika na \u00favod p\u0159edparalympijsk\u00e9ho turnaje v Tur\u00edn\u011b p\u0159ipsala dominantn\u00ed v\u00fdhru nad Slovenskem, se kter\u00fdm se potk\u00e1 ve skupin\u011b na paralympijsk\u00fdch hr\u00e1ch v b\u0159eznu. G\u00f3lov\u011b t\u00fdm t\u00e1hl \u010dty\u0159brankov\u00fd Filip Vesel\u00fd, dv\u011b trefy p\u0159idal Alex Ohar. \u010cesk\u00fd t\u00fdm p\u0159est\u0159\u00edlel soupe\u0159e o 30 st\u0159el na branku. &#8220;N\u00e1\u0161 prvn\u00ed [&hellip;]<\/p>\n","protected":false},"author":7,"featured_media":25547,"comment_status":"closed","ping_status":"closed","sticky":false,"template":"","format":"standard","meta":{"_acf_changed":false,"inline_featured_image":false,"footnotes":""},"categories":[11],"tags":[],"class_list":["post-25546","post","type-post","status-publish","format-standard","has-post-thumbnail","hentry","category-repre"],"acf":[],"_links":{"self":[{"href":"https:\/\/parahockey.cz\/en\/wp-json\/wp\/v2\/posts\/25546","targetHints":{"allow":["GET"]}}],"collection":[{"href":"https:\/\/parahockey.cz\/en\/wp-json\/wp\/v2\/posts"}],"about":[{"href":"https:\/\/parahockey.cz\/en\/wp-json\/wp\/v2\/types\/post"}],"author":[{"embeddable":true,"href":"https:\/\/parahockey.cz\/en\/wp-json\/wp\/v2\/users\/7"}],"replies":[{"embeddable":true,"href":"https:\/\/parahockey.cz\/en\/wp-json\/wp\/v2\/comments?post=25546"}],"version-history":[{"count":1,"href":"https:\/\/parahockey.cz\/en\/wp-json\/wp\/v2\/posts\/25546\/revisions"}],"predecessor-version":[{"id":25549,"href":"https:\/\/parahockey.cz\/en\/wp-json\/wp\/v2\/posts\/25546\/revisions\/25549"}],"wp:featuredmedia":[{"embeddable":true,"href":"https:\/\/parahockey.cz\/en\/wp-json\/wp\/v2\/media\/25547"}],"wp:attachment":[{"href":"https:\/\/parahockey.cz\/en\/wp-json\/wp\/v2\/media?parent=25546"}],"wp:term":[{"taxonomy":"category","embeddable":true,"href":"https:\/\/parahockey.cz\/en\/wp-json\/wp\/v2\/categories?post=25546"},{"taxonomy":"post_tag","embeddable":true,"href":"https:\/\/parahockey.cz\/en\/wp-json\/wp\/v2\/tags?post=25546"}],"curies":[{"name":"wp","href":"https:\/\/api.w.org\/{rel}","templated":true}]}}