{"id":25551,"date":"2026-01-27T23:39:40","date_gmt":"2026-01-27T22:39:40","guid":{"rendered":"https:\/\/parahockey.cz\/?p=25551"},"modified":"2026-01-27T23:44:58","modified_gmt":"2026-01-27T22:44:58","slug":"cesko-italie-43-uspesna-otocka-proti-domacim","status":"publish","type":"post","link":"https:\/\/parahockey.cz\/en\/repre\/cesko-italie-43-uspesna-otocka-proti-domacim\/","title":{"rendered":"\u010cesko &#8211; It\u00e1lie 4:3, \u00fasp\u011b\u0161n\u00e1 oto\u010dka proti dom\u00e1c\u00edm"},"content":{"rendered":"\n<p>\u010cesk\u00e1 para hokejov\u00e1 reprezentace si p\u0159ipsala druh\u00e9 v\u00edt\u011bzstv\u00ed na turnaji v Tur\u00edn\u011b. Na za\u010d\u00e1tku druh\u00e9 t\u0159etiny sice po obratu po\u0159\u00e1daj\u00edc\u00edho celku prohr\u00e1vala 1:2, ale dal\u0161\u00ed oto\u010dka p\u0159inesla v\u00fdhru \u010desk\u00fdm barv\u00e1m. O pozn\u00e1n\u00ed t\u011b\u017e\u0161\u00ed duel ne\u017e p\u0159ed necel\u00fdm dnem proti Slovensku rozhodla trefa Pavla Kube\u0161e z 28. minuty, bodov\u011b zaz\u00e1\u0159il Zden\u011bk H\u00e1bl s bilanc\u00ed 1+2 a premi\u00e9rovou branku v reprezentaci si p\u0159ipsal Maty\u00e1\u0161 Fr\u00fddl.<\/p>\n\n\n\n<p>Patn\u00e1ctilet\u00fd <strong>Maty\u00e1\u0161 Fr\u00fddl<\/strong> sb\u00edr\u00e1 s n\u00e1rodn\u00edm t\u00fdmem zku\u0161enosti a da\u0159\u00ed se mu to. It\u00e1lii vst\u0159elil svoji prvn\u00ed branku v \u010desk\u00e9m dresu v kari\u00e9\u0159e a byl vyhl\u00e1\u0161en hr\u00e1\u010dem z\u00e1pasu. <em>&#8220;Vyjel jsem ze st\u0159\u00edda\u010dky a vid\u011bl jsem puk na modr\u00e9, tak jsem si ho vzal, ale \u0161patn\u011b jsem ho zpracoval. Zden\u011bk H\u00e1bl si za\u0159val, p\u0159evzal puk a dal mi ho p\u0159ed pr\u00e1zdnou branku,&#8221;<\/em> popsal svoji trefu.<\/p>\n\n\n\n<p>P\u0159idal i celkov\u00e9 hodnocen\u00ed v\u00edt\u011bzn\u00e9ho utk\u00e1n\u00ed, ve kter\u00e9m \u010ce\u0161i museli obracet sk\u00f3re. <em>&#8220;Prvn\u00ed t\u0159etina byla pomalej\u0161\u00ed, pot\u0159ebovali jsme se dostat do tempa. Druh\u00e1 t\u0159etina pat\u0159ila jasn\u011b n\u00e1m, to bylo vid\u011bt i v\u00fdsledkov\u011b,&#8221; <\/em>upozornil na pas\u00e1\u017e hry, kter\u00e1 rozhodla. <em>&#8220;Ve t\u0159et\u00ed t\u0159etin\u011b jsme si ale mysleli, \u017ee u\u017e je to dohran\u00e9. Dost\u00e1vali jsme se zbyte\u010dn\u011b pod tlak a nebylo to podle na\u0161ich p\u0159edstav. Osobn\u011b jsem taky n\u011bkter\u00e9 v\u011bci mohl ud\u011blat l\u00e9pe, ale nakonec to n\u011bjak dopadlo,&#8221;<\/em> \u0159ekl benjam\u00ednek \u010desk\u00e9 sestavy.<\/p>\n\n\n\n<p>Se slovy mlad\u00e9ho \u00fato\u010dn\u00edka souhlasil hlavn\u00ed tren\u00e9r <strong>Jakub Novotn\u00fd<\/strong>. <em>&#8220;Hr\u00e1\u010d\u016fm jsme \u0159ekli, \u017ee \u00fapln\u011b spokojeni nejsme. Chyb\u011bla n\u00e1m d\u016fslednost v d\u016frazu, p\u0159ihr\u00e1vk\u00e1ch a zastupitelnosti. T\u00edm jsme It\u00e1lii d\u00e1vali \u0161ance a zbyte\u010dn\u011b ji pou\u0161t\u011bli do z\u00e1pasu. Kdy\u017e jsme tyto v\u011bci plnili, tak bylo vid\u011bt, \u017ee It\u00e1lii p\u0159ehr\u00e1v\u00e1me, ale bohu\u017eel jsme to ned\u011blali cel\u00fd z\u00e1pas,&#8221;<\/em> pojmenoval nedostatky ve h\u0159e \u010desk\u00e9ho t\u00fdmu. <em>&#8220;Takov\u00fd z\u00e1pas si za m\u011bs\u00edc nebudeme moci dovolit, tak\u017ee douf\u00e1m, \u017ee si z toho vezmeme ponau\u010den\u00ed.&#8221;<\/em> upozornil kou\u010d na bl\u00ed\u017e\u00edc\u00ed se paralympijsk\u00fd turnaj.<\/p>\n\n\n\n<p><\/p>\n\n\n\n<p><strong>\u010cesko &#8211; It\u00e1lie 4:3 (1:1, 3:1, 0:1)<\/strong><\/p>\n\n\n\n<p>Branky: 3. H\u00e1bl, 19. He\u010dko (H\u00e1bl), 26. Fr\u00fddl (H\u00e1bl), 28. Kube\u0161 (Vesel\u00fd) &#8211; 11. Landeros (Kalegaris), 18. Larch (Landeros), 40. Rosa (Kalegaris). Vylou\u010den\u00ed: 2:1. Vyu\u017eit\u00ed: 0:1. St\u0159ely na branku: 21:13.<\/p>\n\n\n\n<p><strong>\u010cesko:<\/strong> Bo\u010dek &#8211; Zelinka, H\u00e1bl, Kapko, Kube\u0161 &#8211; He\u010dko, Fr\u00fddl, P\u00e1tek &#8211; Vesel\u00fd, \u017di\u017elavsk\u00fd, Ohar.<\/p>\n\n\n\n<p><strong>It\u00e1lie:<\/strong> Stillitano &#8211; Enderle, Landeros, Macr\u00ed, Antochi &#8211; Larch, Rosa, Depaoli &#8211; Kalegaris, Andreoni, Remotti-Marnini &#8211; Kafmann, Radice, Torella.<\/p>\n\n\n\n<p><\/p>\n","protected":false},"excerpt":{"rendered":"<p>\u010cesk\u00e1 para hokejov\u00e1 reprezentace si p\u0159ipsala druh\u00e9 v\u00edt\u011bzstv\u00ed na turnaji v Tur\u00edn\u011b. Na za\u010d\u00e1tku druh\u00e9 t\u0159etiny sice po obratu po\u0159\u00e1daj\u00edc\u00edho celku prohr\u00e1vala 1:2, ale dal\u0161\u00ed oto\u010dka p\u0159inesla v\u00fdhru \u010desk\u00fdm barv\u00e1m. O pozn\u00e1n\u00ed t\u011b\u017e\u0161\u00ed duel ne\u017e p\u0159ed necel\u00fdm dnem proti Slovensku rozhodla trefa Pavla Kube\u0161e z 28. minuty, bodov\u011b zaz\u00e1\u0159il Zden\u011bk H\u00e1bl s bilanc\u00ed 1+2 a [&hellip;]<\/p>\n","protected":false},"author":7,"featured_media":25552,"comment_status":"closed","ping_status":"closed","sticky":false,"template":"","format":"standard","meta":{"_acf_changed":false,"inline_featured_image":false,"footnotes":""},"categories":[11],"tags":[],"class_list":["post-25551","post","type-post","status-publish","format-standard","has-post-thumbnail","hentry","category-repre"],"acf":[],"_links":{"self":[{"href":"https:\/\/parahockey.cz\/en\/wp-json\/wp\/v2\/posts\/25551","targetHints":{"allow":["GET"]}}],"collection":[{"href":"https:\/\/parahockey.cz\/en\/wp-json\/wp\/v2\/posts"}],"about":[{"href":"https:\/\/parahockey.cz\/en\/wp-json\/wp\/v2\/types\/post"}],"author":[{"embeddable":true,"href":"https:\/\/parahockey.cz\/en\/wp-json\/wp\/v2\/users\/7"}],"replies":[{"embeddable":true,"href":"https:\/\/parahockey.cz\/en\/wp-json\/wp\/v2\/comments?post=25551"}],"version-history":[{"count":4,"href":"https:\/\/parahockey.cz\/en\/wp-json\/wp\/v2\/posts\/25551\/revisions"}],"predecessor-version":[{"id":25558,"href":"https:\/\/parahockey.cz\/en\/wp-json\/wp\/v2\/posts\/25551\/revisions\/25558"}],"wp:featuredmedia":[{"embeddable":true,"href":"https:\/\/parahockey.cz\/en\/wp-json\/wp\/v2\/media\/25552"}],"wp:attachment":[{"href":"https:\/\/parahockey.cz\/en\/wp-json\/wp\/v2\/media?parent=25551"}],"wp:term":[{"taxonomy":"category","embeddable":true,"href":"https:\/\/parahockey.cz\/en\/wp-json\/wp\/v2\/categories?post=25551"},{"taxonomy":"post_tag","embeddable":true,"href":"https:\/\/parahockey.cz\/en\/wp-json\/wp\/v2\/tags?post=25551"}],"curies":[{"name":"wp","href":"https:\/\/api.w.org\/{rel}","templated":true}]}}