{"id":25559,"date":"2026-01-29T00:15:50","date_gmt":"2026-01-28T23:15:50","guid":{"rendered":"https:\/\/parahockey.cz\/?p=25559"},"modified":"2026-01-29T00:15:51","modified_gmt":"2026-01-28T23:15:51","slug":"cesko-ovladlo-zakladni-cast-v-turine-japonsko-smetlo-90","status":"publish","type":"post","link":"https:\/\/parahockey.cz\/en\/repre\/cesko-ovladlo-zakladni-cast-v-turine-japonsko-smetlo-90\/","title":{"rendered":"\u010cesko ovl\u00e1dlo z\u00e1kladn\u00ed \u010d\u00e1st v Tur\u00edn\u011b, Japonsko smetlo 9:0"},"content":{"rendered":"\n<p>N\u00e1rodn\u00ed t\u00fdm para hokeje pro\u0161el bez por\u00e1\u017eky z\u00e1kladn\u00ed \u010d\u00e1st\u00ed mezin\u00e1rodn\u00edho turnaje v Tur\u00edn\u011b. T\u0159et\u00ed v\u00fdhru p\u0159idali \u010ce\u0161i ve velk\u00e9m stylu, 9:0 vedli nad Japonci u\u017e po dvou t\u0159etin\u00e1ch. Statistka st\u0159el na branku 38:5 vypov\u00edd\u00e1 o p\u0159evaze, jakou \u010de\u0161t\u00ed lvi m\u011bli. Brankov\u011b se prosadilo \u0161est hr\u00e1\u010d\u016f, p\u0159i\u010dem\u017e Filip Vesel\u00fd zopakoval \u010dty\u0159g\u00f3lov\u00e9 p\u0159edstaven\u00ed z \u00favodn\u00edho utk\u00e1n\u00ed proti Slovensku. V semifin\u00e1le se \u010cesko st\u0159etne op\u011bt s Japonskem v p\u00e1tek 30. ledna ve 14 hodin.<\/p>\n\n\n\n<p>U\u017e po 29 sekund\u00e1ch hry otev\u0159el sk\u00f3re <strong>Martin \u017di\u017elavsk\u00fd<\/strong>, kter\u00fd se po skon\u010den\u00ed z\u00e1pasu tak\u00e9 ujal hodnocen\u00ed. <em>&#8220;Z\u00e1pas se mi moc l\u00edbil. Vstoupili jsme do n\u011bj nachystan\u00ed a od za\u010d\u00e1tku jsme d\u00e1vali najevo, kdo je pap\u00edrov\u011b siln\u011bj\u0161\u00ed t\u00fdm. Od toho se to odv\u00edjelo a padaly g\u00f3ly. \u0160koda t\u0159et\u00ed t\u0159etiny, tam u\u017e jsme mo\u017en\u00e1 trochu p\u0159ehr\u00e1vali a moc vym\u00fd\u0161leli a nepoda\u0159ilo se n\u00e1m \u017e\u00e1dnou ze \u0161anc\u00ed prom\u011bnit,&#8221;<\/em> shrnul sv\u016fj pohled.<\/p>\n\n\n\n<p>Ve 22. minut\u011b se zapsal do listiny st\u0159elc\u016f i <strong>Alex Ohar<\/strong>, kter\u00fd Japonce nevid\u011bl jako slab\u00e9 soupe\u0159e. <em>&#8220;Nic n\u00e1m nedarovali a museli jsme si to na led\u011b odmakat,&#8221;<\/em> prohl\u00e1sil. <em>&#8220;Mysl\u00edm, \u017ee jsme v\u0161ichni dob\u0159e pracovali, ale \u017ee jsou je\u0161t\u011b po\u0159\u00e1d v\u011bci, kter\u00e9 je pot\u0159eba dopilovat sm\u011brem k paralympi\u00e1d\u011b. Ka\u017edop\u00e1dn\u011b jsem r\u00e1d, \u017ee jsme potvrdili roli favorita. I kdy\u017e jsme dali rychl\u00fd g\u00f3l, neztratili jsme koncentraci a cht\u011bli d\u00e1l z\u00e1pas ovl\u00e1dat,&#8221;<\/em> \u0159ekl mlad\u00fd spar\u0165an. <\/p>\n\n\n\n<p><strong>\u010cesko &#8211; Japonsko 9:0 (3:0, 6:0, 0:0)<\/strong><\/p>\n\n\n\n<p>Branky: 1. \u017di\u017elavsk\u00fd (Vesel\u00fd), 7. Vesel\u00fd (He\u010dko), 15. Vesel\u00fd (He\u010dko), 19. Zelinka (Ohar, Kapko), 22. Ohar (Kapko, Zelinka), 24. Vesel\u00fd (Zelinka, Geier), 27. He\u010dko (\u017di\u017elavsk\u00fd, Kube\u0161), 27. Kapko (Zelinka), 28. Vesel\u00fd (He\u010dko, \u017di\u017elavsk\u00fd). Vylou\u010den\u00ed: 0:3. Bez vyu\u017eit\u00ed. St\u0159ely na branku: 38:5.<\/p>\n\n\n\n<p><strong>\u010cesko:<\/strong> Bo\u010dek &#8211; Vrubel, Kube\u0161, Zelinka, Kapko &#8211; He\u010dko, \u017di\u017elavsk\u00fd, Vesel\u00fd &#8211; Geier, H\u00e1bl, Ohar &#8211; P\u00e1tek, Fr\u00fddl.<\/p>\n\n\n\n<p><strong>Japonsko:<\/strong> Okabe &#8211; Matsushita, Sudo, Ishikawa, Nasu &#8211; Kawahara, Ukai, Kumagai &#8211; Nittsu, Yoshikawa, Misawa &#8211; Morisaki, Shioya.<\/p>\n\n\n\n<p><\/p>\n","protected":false},"excerpt":{"rendered":"<p>N\u00e1rodn\u00ed t\u00fdm para hokeje pro\u0161el bez por\u00e1\u017eky z\u00e1kladn\u00ed \u010d\u00e1st\u00ed mezin\u00e1rodn\u00edho turnaje v Tur\u00edn\u011b. T\u0159et\u00ed v\u00fdhru p\u0159idali \u010ce\u0161i ve velk\u00e9m stylu, 9:0 vedli nad Japonci u\u017e po dvou t\u0159etin\u00e1ch. Statistka st\u0159el na branku 38:5 vypov\u00edd\u00e1 o p\u0159evaze, jakou \u010de\u0161t\u00ed lvi m\u011bli. Brankov\u011b se prosadilo \u0161est hr\u00e1\u010d\u016f, p\u0159i\u010dem\u017e Filip Vesel\u00fd zopakoval \u010dty\u0159g\u00f3lov\u00e9 p\u0159edstaven\u00ed z \u00favodn\u00edho utk\u00e1n\u00ed proti [&hellip;]<\/p>\n","protected":false},"author":7,"featured_media":25560,"comment_status":"closed","ping_status":"closed","sticky":false,"template":"","format":"standard","meta":{"_acf_changed":false,"inline_featured_image":false,"footnotes":""},"categories":[11],"tags":[],"class_list":["post-25559","post","type-post","status-publish","format-standard","has-post-thumbnail","hentry","category-repre"],"acf":[],"_links":{"self":[{"href":"https:\/\/parahockey.cz\/en\/wp-json\/wp\/v2\/posts\/25559","targetHints":{"allow":["GET"]}}],"collection":[{"href":"https:\/\/parahockey.cz\/en\/wp-json\/wp\/v2\/posts"}],"about":[{"href":"https:\/\/parahockey.cz\/en\/wp-json\/wp\/v2\/types\/post"}],"author":[{"embeddable":true,"href":"https:\/\/parahockey.cz\/en\/wp-json\/wp\/v2\/users\/7"}],"replies":[{"embeddable":true,"href":"https:\/\/parahockey.cz\/en\/wp-json\/wp\/v2\/comments?post=25559"}],"version-history":[{"count":1,"href":"https:\/\/parahockey.cz\/en\/wp-json\/wp\/v2\/posts\/25559\/revisions"}],"predecessor-version":[{"id":25562,"href":"https:\/\/parahockey.cz\/en\/wp-json\/wp\/v2\/posts\/25559\/revisions\/25562"}],"wp:featuredmedia":[{"embeddable":true,"href":"https:\/\/parahockey.cz\/en\/wp-json\/wp\/v2\/media\/25560"}],"wp:attachment":[{"href":"https:\/\/parahockey.cz\/en\/wp-json\/wp\/v2\/media?parent=25559"}],"wp:term":[{"taxonomy":"category","embeddable":true,"href":"https:\/\/parahockey.cz\/en\/wp-json\/wp\/v2\/categories?post=25559"},{"taxonomy":"post_tag","embeddable":true,"href":"https:\/\/parahockey.cz\/en\/wp-json\/wp\/v2\/tags?post=25559"}],"curies":[{"name":"wp","href":"https:\/\/api.w.org\/{rel}","templated":true}]}}