{"id":25563,"date":"2026-01-29T22:17:06","date_gmt":"2026-01-29T21:17:06","guid":{"rendered":"https:\/\/parahockey.cz\/?p=25563"},"modified":"2026-01-29T22:22:59","modified_gmt":"2026-01-29T21:22:59","slug":"o-kapku-lepsi-parahokej-prinesl-do-kasicek-21980-korun-ci-dresy-se-budou-drazit-letos","status":"publish","type":"post","link":"https:\/\/parahockey.cz\/en\/liga\/o-kapku-lepsi-parahokej-prinesl-do-kasicek-21980-korun-ci-dresy-se-budou-drazit-letos\/","title":{"rendered":"O Kapku lep\u0161\u00ed (para)hokej p\u0159inesl do kasi\u010dek 21980 korun. \u010c\u00ed dresy se budou dra\u017eit letos?"},"content":{"rendered":"\n<p>\u010cesk\u00e1 para hokejov\u00e1 liga se po\u010dtvrt\u00e9 zapojila do charitativn\u00edho projektu O Kapku lep\u0161\u00ed hokej a v\u0161echny t\u0159i z\u00e1pasy superfin\u00e1lov\u00e9ho dne se symbolicky obarvily do oran\u017eova. Ve sb\u00edrkov\u00fdch kasi\u010dk\u00e1ch v Karlov\u00fdch Varech, Ostrav\u011b a Chocni, ve kter\u00e9 po\u0159\u00e1daly sv\u016fj z\u00e1pas Pardubice, se se\u0161lo celkem 21980 korun na pomoc d\u011btem s poruchami krvetvorby. A to je\u0161t\u011b nen\u00ed v\u0161e. A\u017e do 9. \u00fanora lze v on-line aukci dra\u017eit t\u0159i hran\u00e9 dresy &#8211; Patrika Sedl\u00e1\u010dka z Karlov\u00fdch Var\u016f, V\u00e1clava He\u010dka z Ostravy a Zde\u0148ka Krupi\u010dky z pra\u017esk\u00e9 Sparty.<\/p>\n\n\n\n<p><em>\u201eM\u00e1me obrovskou radost, \u017ee se do projektu O Kapku lep\u0161\u00ed hokej ji\u017e po\u010dtvrt\u00e9 zapojili tak\u00e9 para hokejist\u00e9 a \u017ee jejich podpora ka\u017ed\u00fdm rokem roste. Je to kr\u00e1sn\u00fd d\u016fkaz toho, \u017ee i sportovci, kte\u0159\u00ed sami p\u0159ekon\u00e1vaj\u00ed zdravotn\u00ed handicap, dok\u00e1\u017eou pom\u00e1hat d\u011btem bojuj\u00edc\u00edm s v\u00e1\u017en\u00fdm onemocn\u011bn\u00edm. D\u00edky jejich nasazen\u00ed, prodeji oran\u017eov\u00fdch stu\u017eek i n\u00e1sledn\u00fdm aukc\u00edm dres\u016f poputuje v\u00fdt\u011b\u017eek na podporu d\u011bt\u00ed s poruchami krvetvorby. V\u0161em klub\u016fm i fanou\u0161k\u016fm pat\u0159\u00ed obrovsk\u00e9 pod\u011bkov\u00e1n\u00ed,\u201c<\/em><strong>&nbsp;<\/strong>uvedla \u0159editelka nada\u010dn\u00edho fondu Kapka nad\u011bje <strong>Dita Loudilov\u00e1.<\/strong><\/p>\n\n\n\n<p>Po lo\u0148sk\u00e9m p\u0159\u00edjemn\u00e9m \u0161oku, kdy historicky prvn\u00ed dra\u017eba para hokejov\u00e9ho dresu Michala Geiera vynesla t\u0159et\u00ed nejvy\u0161\u0161\u00ed \u010d\u00e1stku mezi v\u0161emi dresy z Tipsport extraligy a Maxa ligy, letos p\u0159ibyly do on-line aukce dresy hned t\u0159i. Na nov\u00e9 \u0161t\u011bdr\u00e9 majitele se t\u011b\u0161\u00ed trikoty <strong>Patrika Sedl\u00e1\u010dka<\/strong> (SKV Sharks Karlovy Vary), <strong>V\u00e1clava He\u010dka<\/strong> (Flamingos Ostrava) a <strong>Zde\u0148ka Krupi\u010dky<\/strong> (Sparta Praha). Ve\u0161ker\u00fd v\u00fdt\u011b\u017eek v\u011bnuje nada\u010dn\u00ed fond Kapka nad\u011bje na n\u00e1kup p\u0159\u00edstroje Quant Studio IVDR typ QS5DX pro vy\u0161et\u0159en\u00ed d\u011btsk\u00fdch leukemi\u00ed a poruch imunity pro laborato\u0159e CLIP p\u0159i fakultn\u00ed nemocnici Motol Praha.<\/p>\n\n\n\n<p>On-line aukce dres\u016f prob\u00edh\u00e1 do pond\u011bl\u00ed 9. \u00fanora 2026, 18:00 hodin zde: <a href=\"https:\/\/www.sportovniaukce.cz\/homepage\/auction\/4454\" target=\"_blank\" rel=\"noopener\">https:\/\/www.sportovniaukce.cz\/homepage\/auction\/4454<\/a><\/p>\n\n\n\n<p>Krom\u011b toho m\u016f\u017eete O Kapku lep\u0161\u00ed hokej podpo\u0159it zasl\u00e1n\u00edm libovoln\u00e9 \u010d\u00e1stky n\u011bkter\u00fdm ze zp\u016fsob\u016f na <a href=\"http:\/\/www.okapkulepsihokej.cz\" target=\"_blank\" rel=\"noopener\">http:\/\/www.okapkulepsihokej.cz<\/a><\/p>\n\n\n\n<figure class=\"wp-block-image size-large\"><img fetchpriority=\"high\" decoding=\"async\" width=\"1024\" height=\"769\" src=\"https:\/\/parahockey.cz\/wp-content\/uploads\/2026\/01\/IMG_5458-1024x769.jpg\" alt=\"\" class=\"wp-image-25566\" srcset=\"https:\/\/parahockey.cz\/wp-content\/uploads\/2026\/01\/IMG_5458-1024x769.jpg 1024w, https:\/\/parahockey.cz\/wp-content\/uploads\/2026\/01\/IMG_5458-300x225.jpg 300w, https:\/\/parahockey.cz\/wp-content\/uploads\/2026\/01\/IMG_5458-768x577.jpg 768w, https:\/\/parahockey.cz\/wp-content\/uploads\/2026\/01\/IMG_5458-1536x1153.jpg 1536w, https:\/\/parahockey.cz\/wp-content\/uploads\/2026\/01\/IMG_5458-scaled.jpg 1920w, https:\/\/parahockey.cz\/wp-content\/uploads\/2026\/01\/IMG_5458-128x96.jpg 128w, https:\/\/parahockey.cz\/wp-content\/uploads\/2026\/01\/IMG_5458-32x24.jpg 32w\" sizes=\"(max-width: 1024px) 100vw, 1024px\" \/><figcaption class=\"wp-element-caption\"><strong>Zden\u011bk Krupi\u010dka (Sparta Praha).<\/strong> Autor: Miroslav \u0160urc<\/figcaption><\/figure>\n\n\n\n<p class=\"has-text-align-right\"><strong> <strong><br>\u00davodn\u00ed foto: Patrik Sedl\u00e1\u010dek (SKV Sharks Karlovy Vary)<\/strong>.<\/strong> Autor: Daniel Seifert<\/p>\n\n\n\n<p><\/p>\n","protected":false},"excerpt":{"rendered":"<p>\u010cesk\u00e1 para hokejov\u00e1 liga se po\u010dtvrt\u00e9 zapojila do charitativn\u00edho projektu O Kapku lep\u0161\u00ed hokej a v\u0161echny t\u0159i z\u00e1pasy superfin\u00e1lov\u00e9ho dne se symbolicky obarvily do oran\u017eova. Ve sb\u00edrkov\u00fdch kasi\u010dk\u00e1ch v Karlov\u00fdch Varech, Ostrav\u011b a Chocni, ve kter\u00e9 po\u0159\u00e1daly sv\u016fj z\u00e1pas Pardubice, se se\u0161lo celkem 21980 korun na pomoc d\u011btem s poruchami krvetvorby. A to je\u0161t\u011b nen\u00ed [&hellip;]<\/p>\n","protected":false},"author":7,"featured_media":25564,"comment_status":"closed","ping_status":"closed","sticky":false,"template":"","format":"standard","meta":{"_acf_changed":false,"inline_featured_image":false,"footnotes":""},"categories":[10],"tags":[],"class_list":["post-25563","post","type-post","status-publish","format-standard","has-post-thumbnail","hentry","category-liga"],"acf":[],"_links":{"self":[{"href":"https:\/\/parahockey.cz\/en\/wp-json\/wp\/v2\/posts\/25563","targetHints":{"allow":["GET"]}}],"collection":[{"href":"https:\/\/parahockey.cz\/en\/wp-json\/wp\/v2\/posts"}],"about":[{"href":"https:\/\/parahockey.cz\/en\/wp-json\/wp\/v2\/types\/post"}],"author":[{"embeddable":true,"href":"https:\/\/parahockey.cz\/en\/wp-json\/wp\/v2\/users\/7"}],"replies":[{"embeddable":true,"href":"https:\/\/parahockey.cz\/en\/wp-json\/wp\/v2\/comments?post=25563"}],"version-history":[{"count":2,"href":"https:\/\/parahockey.cz\/en\/wp-json\/wp\/v2\/posts\/25563\/revisions"}],"predecessor-version":[{"id":25570,"href":"https:\/\/parahockey.cz\/en\/wp-json\/wp\/v2\/posts\/25563\/revisions\/25570"}],"wp:featuredmedia":[{"embeddable":true,"href":"https:\/\/parahockey.cz\/en\/wp-json\/wp\/v2\/media\/25564"}],"wp:attachment":[{"href":"https:\/\/parahockey.cz\/en\/wp-json\/wp\/v2\/media?parent=25563"}],"wp:term":[{"taxonomy":"category","embeddable":true,"href":"https:\/\/parahockey.cz\/en\/wp-json\/wp\/v2\/categories?post=25563"},{"taxonomy":"post_tag","embeddable":true,"href":"https:\/\/parahockey.cz\/en\/wp-json\/wp\/v2\/tags?post=25563"}],"curies":[{"name":"wp","href":"https:\/\/api.w.org\/{rel}","templated":true}]}}