{"id":25571,"date":"2026-01-30T17:29:00","date_gmt":"2026-01-30T16:29:00","guid":{"rendered":"https:\/\/parahockey.cz\/?p=25571"},"modified":"2026-02-02T23:32:12","modified_gmt":"2026-02-02T22:32:12","slug":"jasna-zalezitost-cesi-i-podruhe-vysoko-porazili-japonce-a-ceka-je-finale","status":"publish","type":"post","link":"https:\/\/parahockey.cz\/en\/repre\/jasna-zalezitost-cesi-i-podruhe-vysoko-porazili-japonce-a-ceka-je-finale\/","title":{"rendered":"Jasn\u00e1 z\u00e1le\u017eitost: \u010ce\u0161i i podruh\u00e9 vysoko porazili Japonce a \u010dek\u00e1 je fin\u00e1le"},"content":{"rendered":"\n<p>P\u0159edparalympijsk\u00fd turnaj v Tur\u00edn\u011b se pro \u010desk\u00e9 barvy vyv\u00edj\u00ed dob\u0159e. Semifin\u00e1lem proti Japonsku pro\u0161el n\u00e1rodn\u00ed t\u00fdm bez ztr\u00e1ty kyti\u010dky a po vysok\u00e9 v\u00fdh\u0159e 10:0 se m\u016f\u017ee t\u011b\u0161it na fin\u00e1le proti dom\u00e1c\u00ed It\u00e1lii, kter\u00e1 porazila Slovensko 3:2. V \u010desk\u00e9m dresu zaznamenal svoji prvn\u00ed trefu v kari\u00e9\u0159e Theodor P\u00e1tek, \u0161estibodov\u00fd z\u00e1pas (2+4) pro\u017eil V\u00e1clav He\u010dko.<\/p>\n\n\n\n<p><em>&#8220;Za m\u011b dneska skv\u011bl\u00fd z\u00e1pas, v\u00fdsledek 10:0 je n\u00e1dhern\u00fd a pr\u00fd i historick\u00fd. K tomu m\u016fj prvn\u00ed g\u00f3l v repre, \u017di\u017ela mi \u00fapln\u011b n\u00e1dhern\u011b nahr\u00e1l, tak\u017ee super,&#8221;<\/em> rozpl\u00fdval se druh\u00fd nejmlad\u0161\u00ed \u010dlen t\u00fdmu <strong>Theodor P\u00e1tek<\/strong>. <em>&#8220;Byla velk\u00e1 oslava. S klukama jezd\u00edm u\u017e n\u011bjakou dobu, vlastn\u011b rok, tak\u017ee to byl trochu boj.&#8221;<\/em> \u0159ekl s \u00falevou o sv\u00e9 prvn\u00ed reprezenta\u010dn\u00ed tref\u011b.<\/p>\n\n\n\n<p>Vrchol sez\u00f3ny v podob\u011b paralympijsk\u00fdch her se ne\u00faprosn\u011b bl\u00ed\u017e\u00ed a pro osmn\u00e1ctilet\u00e9ho \u00fato\u010dn\u00edka Sparty je velkou motivac\u00ed probojovat se do kone\u010dn\u00e9 sestavy. <em>&#8220;Mak\u00e1m na sob\u011b dlouho, sna\u017e\u00edm se, ale jestli to p\u0159ijde nebo ne, to u\u017e je na tren\u00e9rech. Samoz\u0159ejm\u011b bych jel r\u00e1d,&#8221; <\/em>p\u0159eje si Theodor P\u00e1tek.<\/p>\n\n\n\n<p><\/p>\n\n\n\n<p><strong>\u010cesko &#8211; Japonsko 10:0 (1:0, 5:0, 4:0)<\/strong><\/p>\n\n\n\n<p>Branky: 10. \u017di\u017elavsk\u00fd (Zelinka, He\u010dko), 16. He\u010dko (Zelinka), 19. Zelinka (He\u010dko), 27. He\u010dko (\u017di\u017elavsk\u00fd), 29. Zelinka (He\u010dko, Kapko), 30. Geier (H\u00e1bl), 37. P\u00e1tek (\u017di\u017elavsk\u00fd), 40. Geier (He\u010dko), 42. Fr\u00fddl (Vrubel), 45. \u017di\u017elavsk\u00fd (He\u010dko). Vylou\u010den\u00ed: 1:5. Vyu\u017eit\u00ed: 1:0. St\u0159ely na branku: 43:2.<\/p>\n","protected":false},"excerpt":{"rendered":"<p>P\u0159edparalympijsk\u00fd turnaj v Tur\u00edn\u011b se pro \u010desk\u00e9 barvy vyv\u00edj\u00ed dob\u0159e. Semifin\u00e1lem proti Japonsku pro\u0161el n\u00e1rodn\u00ed t\u00fdm bez ztr\u00e1ty kyti\u010dky a po vysok\u00e9 v\u00fdh\u0159e 10:0 se m\u016f\u017ee t\u011b\u0161it na fin\u00e1le proti dom\u00e1c\u00ed It\u00e1lii, kter\u00e1 porazila Slovensko 3:2. V \u010desk\u00e9m dresu zaznamenal svoji prvn\u00ed trefu v kari\u00e9\u0159e Theodor P\u00e1tek, \u0161estibodov\u00fd z\u00e1pas (2+4) pro\u017eil V\u00e1clav He\u010dko. &#8220;Za m\u011b [&hellip;]<\/p>\n","protected":false},"author":7,"featured_media":24784,"comment_status":"closed","ping_status":"closed","sticky":false,"template":"","format":"standard","meta":{"_acf_changed":false,"inline_featured_image":false,"footnotes":""},"categories":[11],"tags":[],"class_list":["post-25571","post","type-post","status-publish","format-standard","has-post-thumbnail","hentry","category-repre"],"acf":[],"_links":{"self":[{"href":"https:\/\/parahockey.cz\/en\/wp-json\/wp\/v2\/posts\/25571","targetHints":{"allow":["GET"]}}],"collection":[{"href":"https:\/\/parahockey.cz\/en\/wp-json\/wp\/v2\/posts"}],"about":[{"href":"https:\/\/parahockey.cz\/en\/wp-json\/wp\/v2\/types\/post"}],"author":[{"embeddable":true,"href":"https:\/\/parahockey.cz\/en\/wp-json\/wp\/v2\/users\/7"}],"replies":[{"embeddable":true,"href":"https:\/\/parahockey.cz\/en\/wp-json\/wp\/v2\/comments?post=25571"}],"version-history":[{"count":1,"href":"https:\/\/parahockey.cz\/en\/wp-json\/wp\/v2\/posts\/25571\/revisions"}],"predecessor-version":[{"id":25572,"href":"https:\/\/parahockey.cz\/en\/wp-json\/wp\/v2\/posts\/25571\/revisions\/25572"}],"wp:featuredmedia":[{"embeddable":true,"href":"https:\/\/parahockey.cz\/en\/wp-json\/wp\/v2\/media\/24784"}],"wp:attachment":[{"href":"https:\/\/parahockey.cz\/en\/wp-json\/wp\/v2\/media?parent=25571"}],"wp:term":[{"taxonomy":"category","embeddable":true,"href":"https:\/\/parahockey.cz\/en\/wp-json\/wp\/v2\/categories?post=25571"},{"taxonomy":"post_tag","embeddable":true,"href":"https:\/\/parahockey.cz\/en\/wp-json\/wp\/v2\/tags?post=25571"}],"curies":[{"name":"wp","href":"https:\/\/api.w.org\/{rel}","templated":true}]}}