{"id":25573,"date":"2026-01-31T21:04:18","date_gmt":"2026-01-31T20:04:18","guid":{"rendered":"https:\/\/parahockey.cz\/?p=25573"},"modified":"2026-01-31T21:04:20","modified_gmt":"2026-01-31T20:04:20","slug":"cesko-italie-21-turnajova-trofej-miri-z-turina-do-ceskych-luhu-a-haju","status":"publish","type":"post","link":"https:\/\/parahockey.cz\/en\/repre\/cesko-italie-21-turnajova-trofej-miri-z-turina-do-ceskych-luhu-a-haju\/","title":{"rendered":"\u010cesko &#8211; It\u00e1lie 2:1, turnajov\u00e1 trofej m\u00ed\u0159\u00ed z Tur\u00edna do \u010desk\u00fdch luh\u016f a h\u00e1j\u016f!"},"content":{"rendered":"\n<p>Test na zimn\u00ed paralympijsk\u00e9 hry v Mil\u00e1n\u011b vy\u0161el \u010desk\u00e9 para hokejov\u00e9 reprezentaci na jedni\u010dku. V Tur\u00edn\u011b nena\u0161la v p\u0159\u00edpravn\u00e9m turnaji p\u0159emo\u017eitele a po t\u011bsn\u00e9 fin\u00e1lov\u00e9 v\u00fdh\u0159e nad po\u0159\u00e1daj\u00edc\u00ed It\u00e1li\u00ed bere zlato, p\u0159esto\u017ee nestartovala v kompletn\u00edm slo\u017een\u00ed. Michal Geier a V\u00e1clav He\u010dko vst\u0159elili fin\u00e1lov\u00e9 g\u00f3ly, kter\u00e9 znamenaly celkov\u00fd triumf. <\/p>\n\n\n\n<p><em>&#8220;Z\u00e1pas se mi moc l\u00edbil. V prvn\u00ed t\u0159etin\u011b jsme dali dva g\u00f3ly, kter\u00e9 nakonec rozhodly o v\u00fdsledku. Druh\u00e1 byla trochu slab\u0161\u00ed, zranil jsem se a musel za m\u011b zasko\u010dit m\u00e9n\u011b zku\u0161en\u00fd Maty\u00e1\u0161 Fr\u00fddl, kter\u00fd ale zvl\u00e1dl tu roli velice dob\u0159e,&#8221;<\/em> \u0159ekl obr\u00e1nce David Vrubel s \u00fasm\u011bvem, kter\u00fd nenazna\u010duje v\u00e1\u017en\u00e9 zdravotn\u00ed komplikace. <\/p>\n\n\n\n<p>Ostravsk\u00fd zad\u00e1k se ohl\u00e9dl i za cel\u00fdm \u00fasp\u011b\u0161n\u00fdm turnajem. <em>&#8220;Byly to posledn\u00ed mezin\u00e1rodn\u00ed z\u00e1pasy p\u0159ed paralympi\u00e1dou. Otestovali jsme si n\u011bkter\u00e9 v\u011bci, m\u011bnili jsme slo\u017een\u00ed lajn, kter\u00e9 se u\u017e bl\u00ed\u017eily tomu, jak se bude hr\u00e1t na paralympi\u00e1d\u011b. V\u00fdjimkou jsem j\u00e1, proto\u017ee m\u00edsto mne bude nastupovat uzdraven\u00fd Pavel Dole\u017eal,&#8221;<\/em> p\u0159e\u0161el voln\u011b i do bl\u00edzk\u00e9 budoucnosti.<\/p>\n\n\n\n<p>David Vrubel \u0159ekl sv\u016fj n\u00e1zor i na vynucen\u00e9 zm\u011bny, kter\u00e9 sestavu potkaly z r\u016fzn\u00fdch zdravotn\u00edch \u010di rodinn\u00fdch d\u016fvod\u016f. <em>&#8220;G\u00f3lman Petr Bo\u010dek to zvl\u00e1dl m\u00edsto Martina Kudely velmi dob\u0159e, z p\u011bti z\u00e1pas\u016f m\u011bl dv\u011b nuly, to je u g\u00f3lmana \u010desk\u00e9 para hokejov\u00e9 reprezntace obdivuhodn\u00e9. Filip Vesel\u00fd, kter\u00fd musel odjet, n\u00e1m tu chyb\u011bl, ale semkli jsme se i za n\u011bj cel\u00fd t\u00fdm a odehr\u00e1li jsme to,&#8221;<\/em> uzav\u0159el pofin\u00e1lov\u00fd rozhovor.<\/p>\n\n\n\n<p>Kr\u00e1tce sv\u00e9 pocity z \u00fasp\u011b\u0161n\u00e9ho v\u00fdjezdu do Tur\u00edna zhodnotil i nejmlad\u0161\u00ed \u010dlen v\u00fdpravy <strong>Maty\u00e1\u0161 Fr\u00fddl<\/strong>: <em>&#8220;Ur\u010dit\u011b vl\u00e1dne spokojenost. Byl to m\u016fj prvn\u00ed turnaj, kde jsem si po\u0159\u00e1dn\u011b zahr\u00e1l. T\u00fdmov\u011b si taky mysl\u00edm, \u017ee jsme odvedli dobrou pr\u00e1ci, da\u0159ilo se n\u00e1m v\u00fdsledkov\u011b i hr\u00e1t podle pravidel. Celkov\u011b to klapalo a turnaj hodnot\u00edm pozitivn\u011b.&#8221;<\/em><\/p>\n\n\n\n<p><strong>It\u00e1lie &#8211; \u010cesko 1:2 (0:2, 0:0, 0:1)<\/strong><\/p>\n\n\n\n<p>Branky: 44. Larch (Kafmann) &#8211; 12. Geier (Kube\u0161), 14. He\u010dko (\u017di\u017elavsk\u00fd). Vylou\u010den\u00ed: 2:0. Bez vyu\u017eit\u00ed. St\u0159ely na branku: 17:18.<\/p>\n\n\n\n<p><strong>It\u00e1lie:<\/strong> Stillitano &#8211; Enderle, Landeros, Macr\u00ed, Lantochi &#8211; Larch, Rosa, Depaoli &#8211; Kalegaris, Andreoni, Kafmann &#8211; Cavaliere, Radice, Torella.<\/p>\n\n\n\n<p><strong>\u010cesko:<\/strong> Bo\u010dek &#8211; Zelinka, Kapko, Vrubel, Kube\u0161 &#8211; He\u010dko, \u017di\u017elavsk\u00fd, P\u00e1tek &#8211; Geier, H\u00e1bl, Ohar &#8211; Fr\u00fddl.<\/p>\n","protected":false},"excerpt":{"rendered":"<p>Test na zimn\u00ed paralympijsk\u00e9 hry v Mil\u00e1n\u011b vy\u0161el \u010desk\u00e9 para hokejov\u00e9 reprezentaci na jedni\u010dku. V Tur\u00edn\u011b nena\u0161la v p\u0159\u00edpravn\u00e9m turnaji p\u0159emo\u017eitele a po t\u011bsn\u00e9 fin\u00e1lov\u00e9 v\u00fdh\u0159e nad po\u0159\u00e1daj\u00edc\u00ed It\u00e1li\u00ed bere zlato, p\u0159esto\u017ee nestartovala v kompletn\u00edm slo\u017een\u00ed. Michal Geier a V\u00e1clav He\u010dko vst\u0159elili fin\u00e1lov\u00e9 g\u00f3ly, kter\u00e9 znamenaly celkov\u00fd triumf. &#8220;Z\u00e1pas se mi moc l\u00edbil. V prvn\u00ed [&hellip;]<\/p>\n","protected":false},"author":7,"featured_media":25552,"comment_status":"closed","ping_status":"closed","sticky":false,"template":"","format":"standard","meta":{"_acf_changed":false,"inline_featured_image":false,"footnotes":""},"categories":[11],"tags":[],"class_list":["post-25573","post","type-post","status-publish","format-standard","has-post-thumbnail","hentry","category-repre"],"acf":[],"_links":{"self":[{"href":"https:\/\/parahockey.cz\/en\/wp-json\/wp\/v2\/posts\/25573","targetHints":{"allow":["GET"]}}],"collection":[{"href":"https:\/\/parahockey.cz\/en\/wp-json\/wp\/v2\/posts"}],"about":[{"href":"https:\/\/parahockey.cz\/en\/wp-json\/wp\/v2\/types\/post"}],"author":[{"embeddable":true,"href":"https:\/\/parahockey.cz\/en\/wp-json\/wp\/v2\/users\/7"}],"replies":[{"embeddable":true,"href":"https:\/\/parahockey.cz\/en\/wp-json\/wp\/v2\/comments?post=25573"}],"version-history":[{"count":1,"href":"https:\/\/parahockey.cz\/en\/wp-json\/wp\/v2\/posts\/25573\/revisions"}],"predecessor-version":[{"id":25574,"href":"https:\/\/parahockey.cz\/en\/wp-json\/wp\/v2\/posts\/25573\/revisions\/25574"}],"wp:featuredmedia":[{"embeddable":true,"href":"https:\/\/parahockey.cz\/en\/wp-json\/wp\/v2\/media\/25552"}],"wp:attachment":[{"href":"https:\/\/parahockey.cz\/en\/wp-json\/wp\/v2\/media?parent=25573"}],"wp:term":[{"taxonomy":"category","embeddable":true,"href":"https:\/\/parahockey.cz\/en\/wp-json\/wp\/v2\/categories?post=25573"},{"taxonomy":"post_tag","embeddable":true,"href":"https:\/\/parahockey.cz\/en\/wp-json\/wp\/v2\/tags?post=25573"}],"curies":[{"name":"wp","href":"https:\/\/api.w.org\/{rel}","templated":true}]}}