{"id":25580,"date":"2026-02-02T23:30:50","date_gmt":"2026-02-02T22:30:50","guid":{"rendered":"https:\/\/parahockey.cz\/?p=25580"},"modified":"2026-02-02T23:35:49","modified_gmt":"2026-02-02T22:35:49","slug":"trener-novotny-po-turine-turnaj-se-vydaril-nominaci-mame-uzavrenou","status":"publish","type":"post","link":"https:\/\/parahockey.cz\/en\/repre\/trener-novotny-po-turine-turnaj-se-vydaril-nominaci-mame-uzavrenou\/","title":{"rendered":"Tren\u00e9r Novotn\u00fd po Tur\u00edn\u011b: Turnaj se vyda\u0159il. Nominaci m\u00e1me uzav\u0159enou"},"content":{"rendered":"\n<p>Posledn\u00ed hern\u00ed test p\u0159ed paralympi\u00e1dou m\u00e1 n\u00e1rodn\u00ed t\u00fdm para hokeje za sebou. \u017de \u0161lo o \u00fasp\u011b\u0161nou gener\u00e1lku dokazuje trofej z v\u00edt\u011bzn\u00e9ho turnaje v Tur\u00edn\u011b, kde \u010ce\u0161i dvakr\u00e1t t\u011bsn\u011b porazili dom\u00e1c\u00ed It\u00e1lii a v\u00fdrazn\u011b p\u0159ehr\u00e1li i sv\u00e9 budouc\u00ed soupe\u0159e z paralympijsk\u00e9 skupiny Slovensko a Japonsko. Hlavn\u00ed tren\u00e9r Jakub Novotn\u00fd m\u011bl proto d\u016fvod ke spokojenosti a spole\u010dn\u011b se sv\u00fdmi asistenty ji\u017e maj\u00ed hotovou p\u0159edstavu o nominaci na paralympijsk\u00e9 hry v Mil\u00e1n\u011b.<\/p>\n\n\n\n<p><em>&#8220;Mysl\u00edm, \u017ee se turnaj poda\u0159il. Jako tren\u00e9\u0159i jsme se nezam\u011b\u0159ovali na v\u00fdsledky, ale na v\u00fdkony a p\u0159\u00edstup hr\u00e1\u010d\u016f a t\u00fdmovou spolupr\u00e1ci<\/em>,&#8221; prozradil hlavn\u00ed kou\u010d, \u017ee celkov\u00e9 prvenstv\u00ed na turnaji bylo p\u0159\u00edjemn\u00fdm vedlej\u0161\u00edm efektem. <em>&#8220;P\u0159\u00edstup i spolupr\u00e1ce byla a\u017e na n\u011bkter\u00e9 drobnosti v po\u0159\u00e1dku, z\u00e1rove\u0148 n\u00e1m dal turnaj dal\u0161\u00ed podn\u011bty ke zlep\u0161en\u00ed fungov\u00e1n\u00ed t\u00fdmu a podn\u011bty k jednotliv\u00fdm hr\u00e1\u010d\u016fm, na kter\u00fdch budeme v \u00fanoru pracovat, abychom v\u0161e co nejv\u00edce vyladili na zimn\u00ed paralympijsk\u00e9 hry,&#8221;<\/em> nechce lodivod st\u0159\u00edda\u010dky usnout p\u0159ed bl\u00ed\u017e\u00edc\u00edm se vrcholem sez\u00f3ny na vav\u0159\u00ednech.<\/p>\n\n\n\n<p>Reprezentace vstoup\u00ed do paralympijsk\u00e9ho turnaje 7. b\u0159ezna, \u010dek\u00e1 ji tedy je\u0161t\u011b m\u011bs\u00edc p\u0159\u00edpravy a tak\u00e9 zve\u0159ejn\u011bn\u00ed kone\u010dn\u00e9 nominace. <em>&#8220;Posledn\u00ed m\u011bs\u00edc bude n\u00e1ro\u010dn\u00fd, ka\u017ed\u00fd t\u00fdden budeme m\u00edt t\u0159\u00eddenn\u00ed kempy, na kter\u00fdch budeme pracovat, tak abychom jeli na paralympijsk\u00e9 hry co nejv\u00edce p\u0159ipraven\u00ed. Turnaj n\u00e1m uk\u00e1zal na \u010dem pracovat a na to se zam\u011b\u0159\u00edme. Nominace u\u017e je z pohledu tren\u00e9r\u016f uzav\u0159en\u00e1 a m\u011bla by b\u00fdt zve\u0159ejn\u011bna tento t\u00fdden,&#8221;<\/em> odkryl pl\u00e1ny Jakub Novotn\u00fd.<\/p>\n\n\n\n<p><strong>V\u00fdsledky \u010desk\u00e9ho t\u00fdmu na turnaji v Tur\u00edn\u011b 26. &#8211; 31. ledna 2026:<\/strong><\/p>\n\n\n\n<p><span style=\"text-decoration: underline;\">Skupina:<\/span> Slovensko &#8211; \u010cesko 1:8, \u010cesko &#8211; It\u00e1lie 4:3, \u010cesko &#8211; Japonsko 9:0.<\/p>\n\n\n\n<p><span style=\"text-decoration: underline;\">Semifin\u00e1le:<\/span> \u010cesko &#8211; Japonsko 10:0.<\/p>\n\n\n\n<p><span style=\"text-decoration: underline;\">Fin\u00e1le:<\/span> It\u00e1lie &#8211; \u010cesko 1:2.<\/p>\n\n\n\n<p class=\"has-text-align-right\"><strong>Foto:<\/strong> Luk\u00e1\u0161 Ston<\/p>\n","protected":false},"excerpt":{"rendered":"<p>Posledn\u00ed hern\u00ed test p\u0159ed paralympi\u00e1dou m\u00e1 n\u00e1rodn\u00ed t\u00fdm para hokeje za sebou. \u017de \u0161lo o \u00fasp\u011b\u0161nou gener\u00e1lku dokazuje trofej z v\u00edt\u011bzn\u00e9ho turnaje v Tur\u00edn\u011b, kde \u010ce\u0161i dvakr\u00e1t t\u011bsn\u011b porazili dom\u00e1c\u00ed It\u00e1lii a v\u00fdrazn\u011b p\u0159ehr\u00e1li i sv\u00e9 budouc\u00ed soupe\u0159e z paralympijsk\u00e9 skupiny Slovensko a Japonsko. Hlavn\u00ed tren\u00e9r Jakub Novotn\u00fd m\u011bl proto d\u016fvod ke spokojenosti a spole\u010dn\u011b [&hellip;]<\/p>\n","protected":false},"author":7,"featured_media":25581,"comment_status":"closed","ping_status":"closed","sticky":false,"template":"","format":"standard","meta":{"_acf_changed":false,"inline_featured_image":false,"footnotes":""},"categories":[11],"tags":[],"class_list":["post-25580","post","type-post","status-publish","format-standard","has-post-thumbnail","hentry","category-repre"],"acf":[],"_links":{"self":[{"href":"https:\/\/parahockey.cz\/en\/wp-json\/wp\/v2\/posts\/25580","targetHints":{"allow":["GET"]}}],"collection":[{"href":"https:\/\/parahockey.cz\/en\/wp-json\/wp\/v2\/posts"}],"about":[{"href":"https:\/\/parahockey.cz\/en\/wp-json\/wp\/v2\/types\/post"}],"author":[{"embeddable":true,"href":"https:\/\/parahockey.cz\/en\/wp-json\/wp\/v2\/users\/7"}],"replies":[{"embeddable":true,"href":"https:\/\/parahockey.cz\/en\/wp-json\/wp\/v2\/comments?post=25580"}],"version-history":[{"count":4,"href":"https:\/\/parahockey.cz\/en\/wp-json\/wp\/v2\/posts\/25580\/revisions"}],"predecessor-version":[{"id":25589,"href":"https:\/\/parahockey.cz\/en\/wp-json\/wp\/v2\/posts\/25580\/revisions\/25589"}],"wp:featuredmedia":[{"embeddable":true,"href":"https:\/\/parahockey.cz\/en\/wp-json\/wp\/v2\/media\/25581"}],"wp:attachment":[{"href":"https:\/\/parahockey.cz\/en\/wp-json\/wp\/v2\/media?parent=25580"}],"wp:term":[{"taxonomy":"category","embeddable":true,"href":"https:\/\/parahockey.cz\/en\/wp-json\/wp\/v2\/categories?post=25580"},{"taxonomy":"post_tag","embeddable":true,"href":"https:\/\/parahockey.cz\/en\/wp-json\/wp\/v2\/tags?post=25580"}],"curies":[{"name":"wp","href":"https:\/\/api.w.org\/{rel}","templated":true}]}}