{"id":25590,"date":"2026-02-05T16:45:00","date_gmt":"2026-02-05T15:45:00","guid":{"rendered":"https:\/\/parahockey.cz\/?p=25590"},"modified":"2026-02-05T17:15:01","modified_gmt":"2026-02-05T16:15:01","slug":"nominace-narodniho-tymu-para-hokeje-je-odtajnena-sest-hracu-zazije-paralympiadu-poprve","status":"publish","type":"post","link":"https:\/\/parahockey.cz\/en\/repre\/nominace-narodniho-tymu-para-hokeje-je-odtajnena-sest-hracu-zazije-paralympiadu-poprve\/","title":{"rendered":"Nominace n\u00e1rodn\u00edho t\u00fdmu para hokeje je odtajn\u011bna! \u0160est hr\u00e1\u010d\u016f za\u017eije paralympi\u00e1du poprv\u00e9"},"content":{"rendered":"\n<p>Tren\u00e9rsk\u00e9 trio Jakub Novotn\u00fd, Ji\u0159\u00ed B\u0159\u00edza a Jan Szturc dnes ozn\u00e1milo kone\u010dnou nominaci \u010desk\u00e9 para hokejov\u00e9 reprezentace na Zimn\u00ed paralympijsk\u00e9 hry v Mil\u00e1n\u011b 2026. \u010cesk\u00fd t\u00fdm bude tvo\u0159it \u0161estn\u00e1ct hr\u00e1\u010d\u016f, p\u0159i\u010dem\u017e nominace kombinuje zku\u0161enosti s perspektivou mlad\u00fdch talent\u016f. \u0160est hr\u00e1\u010d\u016f za\u017eije svou paralympijskou premi\u00e9ru, deset nominovan\u00fdch startovalo v Pekingu 2022 a t\u0159i hr\u00e1\u010di se z\u00fa\u010dastn\u00ed ji\u017e p\u00e1t\u00fdch paralympijsk\u00fdch her v kari\u00e9\u0159e, kdy\u017e reprezentuj\u00ed \u010ceskou republiku na paralympijsk\u00fdch hr\u00e1ch nep\u0159etr\u017eit\u011b od Vancouveru 2010.<\/p>\n\n\n\n<p>\u201eNominace na paralympi\u00e1du vych\u00e1z\u00ed z na\u0161eho dlouhodob\u00e9ho programu. Stabiln\u00ed j\u00e1dro t\u00fdmu jsme doplnili o dva mlad\u00e9 hr\u00e1\u010de a jednoho brank\u00e1\u0159e. Na\u0161\u00edm c\u00edlem je, aby letos mlad\u00ed nasb\u00edrali cenn\u00e9 zku\u0161enosti, kter\u00e9 je posunou d\u00e1l v jejich rozvoji. Na Petra Bo\u010dka jsme uk\u00e1zali proto, \u017ee v\u00fdborn\u011b zapad\u00e1 do t\u00fdmu. Dok\u00e1\u017ee vytv\u00e1\u0159et skv\u011blou atmosf\u00e9ru a b\u00fdt pro t\u00fdm d\u016fle\u017eitou motivac\u00ed,\u201c uvedl hlavn\u00ed tren\u00e9r \u010desk\u00e9 para hokejov\u00e9 reprezentace Jakub Novotn\u00fd.<\/p>\n\n\n\n<p>Na turnaji budou \u010cesko reprezentovat t\u0159i brank\u00e1\u0159i, p\u011bt obr\u00e1nc\u016f a osm \u00fato\u010dn\u00edk\u016f. Nejstar\u0161\u00edm \u010dlenem v\u00fdpravy bude pardubick\u00fd g\u00f3lman Petr Bo\u010dek, kter\u00fd se kr\u00e1tce po sv\u00fdch 48. narozenin\u00e1ch do\u010dk\u00e1 sv\u00e9 prvn\u00ed paralympi\u00e1dy. Brank\u00e1\u0159sk\u00fd post d\u00e1le obsad\u00ed Martin Kudela (28 let) a Patrik Sedl\u00e1\u010dek (24), jen\u017e v Pekingu startoval je\u0161t\u011b jako \u00fato\u010dn\u00edk.<\/p>\n\n\n\n<p>Obrann\u00e9 \u0159ady pos\u00edl\u00ed mlad\u00ed hr\u00e1\u010di Luk\u00e1\u0161 Kapko (18) a David Vrubel (23), kte\u0159\u00ed dopln\u00ed zku\u0161en\u00e9 opory v \u010dele s kapit\u00e1nem Radkem Zelinkou (34), Pavlem Kube\u0161em (42) a Pavlem Dole\u017ealem (32).<\/p>\n\n\n\n<p>V \u00fatoku se poprv\u00e9 pod paralympijsk\u00fdmi p\u016flkruhy Agitos p\u0159edstav\u00ed Martin \u017di\u017elavsk\u00fd (24) a dvojice spar\u0165an\u016f David Ondr\u00e1k (26) a Theodor P\u00e1tek, kter\u00fd je s lo\u0148sk\u00fdmi \u0159\u00edjnov\u00fdmi osmn\u00e1ct\u00fdmi narozeninami nejmlad\u0161\u00edm \u010dlenem t\u00fdmu. \u00dato\u010dnou formaci d\u00e1le tvo\u0159\u00ed Filip Vesel\u00fd (20), nejproduktivn\u011bj\u0161\u00ed hr\u00e1\u010d t\u0159\u00ed z posledn\u00edch \u010dty\u0159 ro\u010dn\u00edk\u016f \u010cesk\u00e9 para hokejov\u00e9 ligy, Alex Ohar (22) a V\u00e1clav He\u010dko (30). V\u00fdraznou zku\u0161enost do t\u00fdmu p\u0159in\u00e1\u0161ej\u00ed Zden\u011bk H\u00e1bl (43) a Michal Geier (39), kte\u0159\u00ed spolu s Pavlem Kube\u0161em absolvovali v\u0161echny dosavadn\u00ed paralympijsk\u00e9 turnaje, kter\u00fdch se \u010desk\u00fd t\u00fdm \u00fa\u010dastnil. V Mil\u00e1n\u011b si p\u0159ip\u00ed\u0161ou p\u00e1t\u00fd paralympijsk\u00fd start.<\/p>\n\n\n\n<p>Nominov\u00e1n nemohl b\u00fdt kv\u016fli zran\u011bn\u00ed Michal V\u00e1penka.<\/p>\n\n\n\n<p>\u010cesk\u00e1 reprezentace dosud na paralympijsk\u00fdch hr\u00e1ch obsadila dv\u011b p\u00e1t\u00e1 m\u00edsta (2010, 2014) a dv\u011b \u0161est\u00e1 m\u00edsta (2018, 2022). Medaili z paralympi\u00e1dy t\u00fdm dosud nez\u00edskal, na rozd\u00edl od mistrovstv\u00ed sv\u011bta, kde \u010ce\u0161i vybojovali t\u0159i bronzov\u00e9 medaile v \u0159ad\u011b (2023\u20132025).<\/p>\n\n\n\n<p>\u010cesk\u00fd t\u00fdm byl nalosov\u00e1n do skupiny B spole\u010dn\u011b s Japonskem, Slovenskem a Kanadou. Skupinu A tvo\u0159\u00ed po\u0159\u00e1daj\u00edc\u00ed It\u00e1lie, N\u011bmecko, \u010c\u00edna a obh\u00e1jci zlat\u00fdch medail\u00ed Spojen\u00e9 st\u00e1ty americk\u00e9, kter\u00e9 dr\u017e\u00ed v\u00edt\u011bznou s\u00e9rii nep\u0159etr\u017eit\u011b od roku 2010. Para hokejov\u00fd turnaj se uskute\u010dn\u00ed od 7. do 15. b\u0159ezna 2026 v Santa Giulia Aren\u011b v Mil\u00e1n\u011b.<\/p>\n\n\n\n<p><strong><span style=\"text-decoration: underline;\">NOMINACE<\/span><\/strong><\/p>\n\n\n\n<p><strong>Brank\u00e1\u0159i:<\/strong> Petr Bo\u010dek (SHK Pardubice), Martin Kudela (Flamingos Ostrava), Patrik Sedl\u00e1\u010dek (SKV Sharks Karlovy Vary).<\/p>\n\n\n\n<p><strong>Obr\u00e1nci:<\/strong> Pavel Kube\u0161, Pavel Dole\u017eal (oba SHK Pardubice), Radek Zelinka (SKV Sharks Karlovy Vary), Luk\u00e1\u0161 Kapko (Sparta Parahokej), David Vrubel (Flamingos Ostrava).<\/p>\n\n\n\n<p><strong>\u00dato\u010dn\u00edci:<\/strong> Zden\u011bk H\u00e1bl (SHK Lapp Zl\u00edn), V\u00e1clav He\u010dko (Flamingos Ostrava), , Alex Ohar, David Ondr\u00e1k, Theodor P\u00e1tek (v\u0161ichni Sparta Parahokej), Michal Geier, Filip Vesel\u00fd (oba SKV Sharks Karlovy Vary), Martin \u017di\u017elavsk\u00fd (Olomou\u010dt\u00ed Kohouti).<\/p>\n\n\n\n<p><strong>Realiza\u010dn\u00ed t\u00fdm<\/strong><\/p>\n\n\n\n<p><strong>Mana\u017eer:<\/strong> Ji\u0159\u00ed \u0160indler<br><strong>Mana\u017eerka:<\/strong> Jaroslava Krakovi\u010dov\u00e1<br><strong>Hlavn\u00ed tren\u00e9r:<\/strong> Jakub Novotn\u00fd<br><strong>Asistent tren\u00e9ra:<\/strong> Jan Szturc<br><strong>Asistent tren\u00e9ra:<\/strong> Ji\u0159\u00ed B\u0159\u00edza<br><strong>L\u00e9ka\u0159:<\/strong> Libor Musil<br><strong>Fyzioterapeut:<\/strong> Marek \u010ce\u0159ovsk\u00fd<br><strong>Kustod:<\/strong> Petr Str\u00e1nsk\u00fd<br><strong>M\u00e9dia mana\u017eer:<\/strong> David Handl<\/p>\n\n\n\n<p><strong><span style=\"text-decoration: underline;\">ROZPIS PARALYMPIJSK\u00c9HO TURNAJE<\/span><\/strong><\/p>\n\n\n\n<p><span style=\"text-decoration: underline;\">Sobota 7. b\u0159ezna 2026<\/span><\/p>\n\n\n\n<p>10:05 <strong>\u010cesk\u00e1 republika<\/strong> &#8211; Japonsko<br>13:35 \u010c\u00edna &#8211; N\u011bmecko<br>17:05 USA &#8211; It\u00e1lie<br>20:35 Kanada &#8211; Slovensko<\/p>\n\n\n\n<p><span style=\"text-decoration: underline;\">Pond\u011bl\u00ed 9. b\u0159ezna 2026<\/span><\/p>\n\n\n\n<p>10:05 \u010c\u00edna &#8211; It\u00e1lie<br>13:35 <strong>\u010cesk\u00e1 republika<\/strong> &#8211; Slovensko<br>17:05 N\u011bmecko &#8211; USA<br>20:35 Japonsko &#8211; Kanada<\/p>\n\n\n\n<p><span style=\"text-decoration: underline;\">\u00dater\u00fd 10. b\u0159ezna 2026<\/span><\/p>\n\n\n\n<p>10:05 It\u00e1lie &#8211; N\u011bmecko<br>13:35 USA &#8211; \u010c\u00edna<br>17:05 Kanada &#8211; <strong>\u010cesk\u00e1 republika<\/strong><br>20:35 Slovensko &#8211; Japonsko<\/p>\n\n\n\n<p><span style=\"text-decoration: underline;\">\u010ctvrtek 12. b\u0159ezna 2026<\/span><\/p>\n\n\n\n<p>14:35 Play-off 1<br>19:05 Play-off 2<\/p>\n\n\n\n<p><span style=\"text-decoration: underline;\">P\u00e1tek 13. b\u0159ezna 2026<\/span><\/p>\n\n\n\n<p>14:35 Semifin\u00e1le 1<br>19:05 Semifin\u00e1le 2<\/p>\n\n\n\n<p><span style=\"text-decoration: underline;\">Sobota 14. b\u0159ezna 2026<\/span><\/p>\n\n\n\n<p>12:05 o 7. m\u00edsto<br>16:05 o 5. m\u00edsto<\/p>\n\n\n\n<p><span style=\"text-decoration: underline;\">Ned\u011ble 15. b\u0159ezna 2026<\/span><\/p>\n\n\n\n<p>12:05 o 3. m\u00edsto<br>16:05 fin\u00e1le<\/p>\n\n\n\n<p><\/p>\n\n\n\n<p><\/p>\n\n\n\n<p><\/p>\n","protected":false},"excerpt":{"rendered":"<p>Tren\u00e9rsk\u00e9 trio Jakub Novotn\u00fd, Ji\u0159\u00ed B\u0159\u00edza a Jan Szturc dnes ozn\u00e1milo kone\u010dnou nominaci \u010desk\u00e9 para hokejov\u00e9 reprezentace na Zimn\u00ed paralympijsk\u00e9 hry v Mil\u00e1n\u011b 2026. \u010cesk\u00fd t\u00fdm bude tvo\u0159it \u0161estn\u00e1ct hr\u00e1\u010d\u016f, p\u0159i\u010dem\u017e nominace kombinuje zku\u0161enosti s perspektivou mlad\u00fdch talent\u016f. \u0160est hr\u00e1\u010d\u016f za\u017eije svou paralympijskou premi\u00e9ru, deset nominovan\u00fdch startovalo v Pekingu 2022 a t\u0159i hr\u00e1\u010di se z\u00fa\u010dastn\u00ed [&hellip;]<\/p>\n","protected":false},"author":7,"featured_media":25601,"comment_status":"closed","ping_status":"closed","sticky":false,"template":"","format":"standard","meta":{"_acf_changed":false,"inline_featured_image":false,"footnotes":""},"categories":[11,111],"tags":[],"class_list":["post-25590","post","type-post","status-publish","format-standard","has-post-thumbnail","hentry","category-repre","category-milano-2026"],"acf":[],"_links":{"self":[{"href":"https:\/\/parahockey.cz\/en\/wp-json\/wp\/v2\/posts\/25590","targetHints":{"allow":["GET"]}}],"collection":[{"href":"https:\/\/parahockey.cz\/en\/wp-json\/wp\/v2\/posts"}],"about":[{"href":"https:\/\/parahockey.cz\/en\/wp-json\/wp\/v2\/types\/post"}],"author":[{"embeddable":true,"href":"https:\/\/parahockey.cz\/en\/wp-json\/wp\/v2\/users\/7"}],"replies":[{"embeddable":true,"href":"https:\/\/parahockey.cz\/en\/wp-json\/wp\/v2\/comments?post=25590"}],"version-history":[{"count":10,"href":"https:\/\/parahockey.cz\/en\/wp-json\/wp\/v2\/posts\/25590\/revisions"}],"predecessor-version":[{"id":25613,"href":"https:\/\/parahockey.cz\/en\/wp-json\/wp\/v2\/posts\/25590\/revisions\/25613"}],"wp:featuredmedia":[{"embeddable":true,"href":"https:\/\/parahockey.cz\/en\/wp-json\/wp\/v2\/media\/25601"}],"wp:attachment":[{"href":"https:\/\/parahockey.cz\/en\/wp-json\/wp\/v2\/media?parent=25590"}],"wp:term":[{"taxonomy":"category","embeddable":true,"href":"https:\/\/parahockey.cz\/en\/wp-json\/wp\/v2\/categories?post=25590"},{"taxonomy":"post_tag","embeddable":true,"href":"https:\/\/parahockey.cz\/en\/wp-json\/wp\/v2\/tags?post=25590"}],"curies":[{"name":"wp","href":"https:\/\/api.w.org\/{rel}","templated":true}]}}