{"id":25625,"date":"2026-02-20T22:19:00","date_gmt":"2026-02-20T21:19:00","guid":{"rendered":"https:\/\/parahockey.cz\/?p=25625"},"modified":"2026-02-21T00:34:56","modified_gmt":"2026-02-20T23:34:56","slug":"cesky-paralympijsky-vybor-bude-bojkotovat-zahajovaci-ceremonial-paralympijskych-her","status":"publish","type":"post","link":"https:\/\/parahockey.cz\/en\/repre\/milano-2026\/cesky-paralympijsky-vybor-bude-bojkotovat-zahajovaci-ceremonial-paralympijskych-her\/","title":{"rendered":"\u010cesk\u00fd paralympijsk\u00fd v\u00fdbor bude bojkotovat zahajovac\u00ed ceremoni\u00e1l paralympijsk\u00fdch her"},"content":{"rendered":"\n<p>\u010cesk\u00e1 paralympijsk\u00e1 v\u00fdprava se na protest proti otev\u0159en\u00e9mu startu sportovc\u016f Ruska a B\u011bloruska na Zimn\u00edch paralympijsk\u00fdch hr\u00e1ch Milano &#8211; Cortina 2026 nez\u00fa\u010dastn\u00ed zahajovac\u00edho ceremoni\u00e1lu. \u010cesk\u00fd paralympijsk\u00fd v\u00fdbor to ozn\u00e1mil v tiskov\u00e9 zpr\u00e1v\u011b.<\/p>\n\n\n\n<p><strong>Tiskov\u00e1 zpr\u00e1va \u010cesk\u00e9ho paralympijsk\u00e9ho v\u00fdboru z 20. \u00fanora 2026<\/strong><\/p>\n\n\n\n<p>N\u00e1\u0161 n\u00e1zor z\u016fst\u00e1v\u00e1 od za\u010d\u00e1tku pevn\u00fd a nem\u011bnn\u00fd, s\u00a0\u00fa\u010dast\u00ed Rus\u016f a B\u011blorus\u016f na hr\u00e1ch nesouhlas\u00edme. V\u017edy jsme byli proti jejich n\u00e1vratu v\u00a0jak\u00e9koliv form\u011b a z\u00e1stupci \u010cPV v\u00a0souladu s\u00a0t\u00edm hlasovali na Valn\u00e9 hromad\u011b Mezin\u00e1rodn\u00edho paralympijsk\u00e9ho v\u00fdboru. Dokud trv\u00e1 agrese na Ukrajin\u011b, ru\u0161t\u00ed a b\u011bloru\u0161t\u00ed sportovci nemaj\u00ed na mezin\u00e1rodn\u00edch akc\u00edch co d\u011blat.<\/p>\n\n\n\n<p>Sport nen\u00ed jen o&nbsp;v\u00fdkonech, ale i&nbsp;o&nbsp;hodnot\u00e1ch, kter\u00e9 rusk\u00e1 agrese na Ukrajin\u011b naprosto pop\u00edr\u00e1. K&nbsp;ukrajinsk\u00e9mu t\u00fdmu se proto p\u0159ipoj\u00edme s&nbsp;bojkotem zahajovac\u00edho ceremoni\u00e1lu. To znamen\u00e1, \u017ee na\u0161i z\u00e1stupci nebudou na zah\u00e1jen\u00ed her ve Veron\u011b, nebudeme m\u00edt vlajkono\u0161e v&nbsp;Cortin\u011b a nebudeme nat\u00e1\u010det vzkazy sportovc\u016f, kter\u00e9 se m\u011bly na ceremoni\u00e1lu prom\u00edtat.<\/p>\n\n\n\n<p>\u010ce\u0161t\u00ed sportovci ve sv\u00fdch discipl\u00edn\u00e1ch budou startovat.<\/p>\n\n\n\n<p><strong>Kroky \u010cPV v&nbsp;bodech<\/strong>:<\/p>\n\n\n\n<ul class=\"wp-block-list\">\n<li>Od za\u010d\u00e1tku vyjad\u0159ujeme siln\u00fd nesouhlas s\u00a0n\u00e1vratem rusk\u00fdch a b\u011blorusk\u00fdch sportovc\u016f, hlasovali jsme proti a nad\u00e1le budeme tento krok ost\u0159e kritizovat.<\/li>\n\n\n\n<li>Zaslali jsme dotaz na IPC, WADA a FIS ohledn\u011b podrobn\u00fdch informac\u00ed t\u00fdkaj\u00edc\u00edch se antidopingov\u00fdch postup\u016f uplat\u0148ovan\u00fdch na rusk\u00e9 a b\u011blorusk\u00e9 \u00fa\u010dastn\u00edky her.<\/li>\n\n\n\n<li>Nebudeme se \u00fa\u010dastnit zahajovac\u00edho ceremoni\u00e1lu v\u00a0\u017e\u00e1dn\u00e9 form\u011b.<\/li>\n<\/ul>\n\n\n\n<p class=\"has-text-align-right\">Foto: www.paralympic.cz<\/p>\n","protected":false},"excerpt":{"rendered":"<p>\u010cesk\u00e1 paralympijsk\u00e1 v\u00fdprava se na protest proti otev\u0159en\u00e9mu startu sportovc\u016f Ruska a B\u011bloruska na Zimn\u00edch paralympijsk\u00fdch hr\u00e1ch Milano &#8211; Cortina 2026 nez\u00fa\u010dastn\u00ed zahajovac\u00edho ceremoni\u00e1lu. \u010cesk\u00fd paralympijsk\u00fd v\u00fdbor to ozn\u00e1mil v tiskov\u00e9 zpr\u00e1v\u011b. Tiskov\u00e1 zpr\u00e1va \u010cesk\u00e9ho paralympijsk\u00e9ho v\u00fdboru z 20. \u00fanora 2026 N\u00e1\u0161 n\u00e1zor z\u016fst\u00e1v\u00e1 od za\u010d\u00e1tku pevn\u00fd a nem\u011bnn\u00fd, s\u00a0\u00fa\u010dast\u00ed Rus\u016f a B\u011blorus\u016f na hr\u00e1ch [&hellip;]<\/p>\n","protected":false},"author":7,"featured_media":25626,"comment_status":"closed","ping_status":"closed","sticky":false,"template":"","format":"standard","meta":{"_acf_changed":false,"inline_featured_image":false,"footnotes":""},"categories":[111],"tags":[],"class_list":["post-25625","post","type-post","status-publish","format-standard","has-post-thumbnail","hentry","category-milano-2026"],"acf":[],"_links":{"self":[{"href":"https:\/\/parahockey.cz\/en\/wp-json\/wp\/v2\/posts\/25625","targetHints":{"allow":["GET"]}}],"collection":[{"href":"https:\/\/parahockey.cz\/en\/wp-json\/wp\/v2\/posts"}],"about":[{"href":"https:\/\/parahockey.cz\/en\/wp-json\/wp\/v2\/types\/post"}],"author":[{"embeddable":true,"href":"https:\/\/parahockey.cz\/en\/wp-json\/wp\/v2\/users\/7"}],"replies":[{"embeddable":true,"href":"https:\/\/parahockey.cz\/en\/wp-json\/wp\/v2\/comments?post=25625"}],"version-history":[{"count":1,"href":"https:\/\/parahockey.cz\/en\/wp-json\/wp\/v2\/posts\/25625\/revisions"}],"predecessor-version":[{"id":25628,"href":"https:\/\/parahockey.cz\/en\/wp-json\/wp\/v2\/posts\/25625\/revisions\/25628"}],"wp:featuredmedia":[{"embeddable":true,"href":"https:\/\/parahockey.cz\/en\/wp-json\/wp\/v2\/media\/25626"}],"wp:attachment":[{"href":"https:\/\/parahockey.cz\/en\/wp-json\/wp\/v2\/media?parent=25625"}],"wp:term":[{"taxonomy":"category","embeddable":true,"href":"https:\/\/parahockey.cz\/en\/wp-json\/wp\/v2\/categories?post=25625"},{"taxonomy":"post_tag","embeddable":true,"href":"https:\/\/parahockey.cz\/en\/wp-json\/wp\/v2\/tags?post=25625"}],"curies":[{"name":"wp","href":"https:\/\/api.w.org\/{rel}","templated":true}]}}