{"id":25645,"date":"2026-03-03T23:46:12","date_gmt":"2026-03-03T22:46:12","guid":{"rendered":"https:\/\/parahockey.cz\/?p=25645"},"modified":"2026-03-04T12:28:41","modified_gmt":"2026-03-04T11:28:41","slug":"para-hokejiste-prileteli-do-milana-za-sebou-maji-prvni-trenink","status":"publish","type":"post","link":"https:\/\/parahockey.cz\/en\/repre\/milano-2026\/para-hokejiste-prileteli-do-milana-za-sebou-maji-prvni-trenink\/","title":{"rendered":"Para hokejist\u00e9 p\u0159ilet\u011bli do Mil\u00e1na, za sebou maj\u00ed prvn\u00ed tr\u00e9nink"},"content":{"rendered":"\n<p>N\u00e1rodn\u00ed t\u00fdm para hokeje p\u0159icestoval do Mil\u00e1na, kde v sobotu 7. b\u0159ezna vstoup\u00ed do programu Zimn\u00edch paralympijsk\u00fdch her Milano Cortina 2026. Do d\u011bji\u0161t\u011b pod Alpami p\u0159ivezl v\u00fdpravu arm\u00e1dn\u00ed speci\u00e1l a u\u017e p\u00e1r hodin po p\u0159\u00edletu absolvovala kompletn\u00ed sestava \u00favodn\u00ed tr\u00e9nink na vedlej\u0161\u00ed plo\u0161e Santa Giulia Areny, kter\u00e1 bude hostit nejv\u00fdznamn\u011bj\u0161\u00ed para hokejov\u00fd turnaj sv\u011bta.<\/p>\n\n\n\n<p>Para hokejov\u00e1 reprezentace p\u0159ilet\u011bla do Mil\u00e1na o den d\u0159\u00edve ne\u017e byl p\u016fvodn\u00ed pl\u00e1n. Arm\u00e1dn\u00ed speci\u00e1l se toti\u017e musel vydat na repatria\u010dn\u00ed let na Bl\u00edzk\u00fd v\u00fdchod, a tak bylo nutn\u00e9 celou logistickou akci p\u0159epl\u00e1novat. <em>&#8220;Organizace se n\u00e1m trochu zkomplikovala t\u00edm, \u017ee jsme museli reagovat na vzniklou situaci, ale mysl\u00edm, \u017ee jsme to zvl\u00e1dli,&#8221;<\/em> glosoval rychlou zm\u011bnu hlavn\u00ed tren\u00e9r <strong>Jakub Novotn\u00fd<\/strong>. <em>&#8220;V Praze z\u016fstala mal\u00e1 \u010d\u00e1st v\u00fdbavy, kter\u00e1 by m\u011bla dorazit ve st\u0159edu r\u00e1no, tak\u017ee to n\u00e1m \u017eivot a\u017e tolik nekomplikuje. Pro v\u0161echny z n\u00e1s, kte\u0159\u00ed jsme poprv\u00e9 let\u011bli st\u00e1tn\u00edm letadlem, to byl skv\u011bl\u00fd z\u00e1\u017eitek a stra\u0161n\u011b moc si toho v\u00e1\u017e\u00edme,&#8221; <\/em>pod\u011bkoval kou\u010d Arm\u00e1d\u011b \u010cesk\u00e9 republiky za p\u0159\u00edjemn\u00e9 cestov\u00e1n\u00ed.<\/p>\n\n\n\n<p>U\u017e po n\u011bkolika hodin\u00e1ch po p\u0159\u00edletu naordinoval hr\u00e1\u010d\u016fm se sv\u00fdm kolegou Janem Szturcem \u00favodn\u00ed tr\u00e9nink. <em>&#8220;Prvn\u00ed tr\u00e9nink nebyl na nic zam\u011b\u0159en\u00fd. Cht\u011bli jsme se rozjezdit, trochu pobavit, v\u0161ichni m\u00e1me v sob\u011b p\u0159ed za\u010d\u00e1tkem n\u011bjak\u00e9 emoce. Ud\u011blali jsme proto hodn\u011b hern\u00ed a z\u00e1bavn\u00fd tr\u00e9nink, abychom to ze sebe co nejv\u00edc dostali,&#8221;<\/em> popsal tren\u00e9r prvn\u00edch 75 minut na mil\u00e1nsk\u00e9m led\u011b. <em>&#8220;Hned ve st\u0159edu najedeme na trajektorii, kterou jsme dr\u017eeli b\u011bhem p\u0159\u00edpravn\u00fdch kemp\u016f. Budeme ladit posledn\u00ed detaily a udr\u017eovat dobrou n\u00e1ladu, proto\u017ee tady u\u017e nic nov\u00e9ho nenatr\u00e9nujeme. Sp\u00ed\u0161 se budeme sna\u017eit osahat h\u0159i\u0161t\u011b, odrazy od mantinel\u016f a podobn\u00e9 v\u011bci,&#8221;<\/em> dodal Jakub Novotn\u00fd. <\/p>\n\n\n\n<p>Kapit\u00e1n t\u00fdmu <strong>Radek Zelinka<\/strong> p\u0159ipustil, \u017ee ani m\u00edrn\u011bj\u0161\u00ed tr\u00e9nink nebyl tak \u00fapln\u011b lehk\u00fd. <em>&#8220;Byl docela t\u011b\u017ek\u00fd, vst\u00e1vali jsme ve \u010dty\u0159i r\u00e1no a pozornost na led\u011b nebyla \u00fapln\u011b ide\u00e1ln\u00ed, ale v\u011b\u0159\u00edm, \u017ee te\u010f si odpo\u010dineme a dal\u0161\u00ed tr\u00e9nink bude ur\u010dit\u011b lep\u0161\u00ed<\/em>. <em>Nebylo to nic hrozn\u00e9ho, ale \u00fanava byla trochu zn\u00e1t,&#8221;<\/em> \u0159ekl bezprost\u0159edn\u011b po \u00favodn\u00ed zkou\u0161ce ledu. <\/p>\n\n\n\n<p>\u010cesk\u00fd t\u00fdm vstoup\u00ed do turnaje hned \u00favodn\u00edm z\u00e1pasem proti Japonsku v sobotu dopoledne a t\u011b\u0161\u00ed se. <em>&#8220;N\u00e1lada v t\u00fdmu je p\u0159ed turnajem v\u00fdborn\u00e1 a hlavn\u011b jsou v\u0161ichni zdrav\u00ed, co\u017e je to nejd\u016fle\u017eit\u011bj\u0161\u00ed. Asi nem\u00e1m \u017e\u00e1dnou pot\u0159ebu kluky v\u00edc motivovat, oni sami v\u00ed, o co se hraje a co pro v\u00fdsledek maj\u00ed ud\u011blat. Ur\u010dit\u011b se jako t\u00fdm semkneme a p\u016fjdeme za sv\u00fdm c\u00edlem,&#8221;<\/em> vzkazuje Radek Zelinka.<\/p>\n\n\n\n<p>Jedn\u00edm ze \u0161esti paralympijsk\u00fdch nov\u00e1\u010dk\u016f je \u00fato\u010dn\u00edk <strong>Martin \u017di\u017elavsk\u00fd<\/strong>, kter\u00fd popsal sv\u016fj prvn\u00ed den paralympionika. <em>&#8220;Den byl moc fajn. Let\u011bli jsme speci\u00e1ln\u00edm letadlem a cesta byla hned p\u0159\u00edjemn\u011bj\u0161\u00ed, to se n\u00e1m v\u0161em moc l\u00edbilo. Pod\u00edvali jsme se, jak to tady vypad\u00e1, pro\u0161li jsme si celou paralympijskou vesnici a vyzkou\u0161eli jsme tr\u00e9ninkov\u00fd led. Co jsem zat\u00edm vid\u011bl, tak se mi l\u00edbilo. Mysl\u00edm si, \u017ee z\u00e1zem\u00ed je dobr\u00e9 a m\u00e1me v\u0161echno, co pot\u0159ebujeme. Tak\u017ee prvn\u00ed den dobr\u00fd a uvid\u00edme, co bude d\u00e1l,&#8221;<\/em> shrnul sv\u00e9 prvn\u00ed dojmy Martin \u017di\u017elavsk\u00fd.<\/p>\n\n\n\n<p><strong>Foto<\/strong>: David Handl, parahockey.cz<\/p>\n\n\n\n<figure class=\"wp-block-image size-large\"><img fetchpriority=\"high\" decoding=\"async\" width=\"1024\" height=\"682\" src=\"https:\/\/parahockey.cz\/wp-content\/uploads\/2026\/03\/trenink_1_105-1-1024x682.jpg\" alt=\"\" class=\"wp-image-25663\" srcset=\"https:\/\/parahockey.cz\/wp-content\/uploads\/2026\/03\/trenink_1_105-1-1024x682.jpg 1024w, https:\/\/parahockey.cz\/wp-content\/uploads\/2026\/03\/trenink_1_105-1-300x200.jpg 300w, https:\/\/parahockey.cz\/wp-content\/uploads\/2026\/03\/trenink_1_105-1-768x512.jpg 768w, https:\/\/parahockey.cz\/wp-content\/uploads\/2026\/03\/trenink_1_105-1-1536x1023.jpg 1536w, https:\/\/parahockey.cz\/wp-content\/uploads\/2026\/03\/trenink_1_105-1-scaled.jpg 1920w, https:\/\/parahockey.cz\/wp-content\/uploads\/2026\/03\/trenink_1_105-1-128x85.jpg 128w, https:\/\/parahockey.cz\/wp-content\/uploads\/2026\/03\/trenink_1_105-1-32x21.jpg 32w\" sizes=\"(max-width: 1024px) 100vw, 1024px\" \/><figcaption class=\"wp-element-caption\"><em>Tren\u00e9r Jakub Novotn\u00fd<\/em><\/figcaption><\/figure>\n\n\n\n<figure class=\"wp-block-image size-large\"><img decoding=\"async\" width=\"1024\" height=\"682\" src=\"https:\/\/parahockey.cz\/wp-content\/uploads\/2026\/03\/trenink_1_66-1-1024x682.jpg\" alt=\"\" class=\"wp-image-25666\" srcset=\"https:\/\/parahockey.cz\/wp-content\/uploads\/2026\/03\/trenink_1_66-1-1024x682.jpg 1024w, https:\/\/parahockey.cz\/wp-content\/uploads\/2026\/03\/trenink_1_66-1-300x200.jpg 300w, https:\/\/parahockey.cz\/wp-content\/uploads\/2026\/03\/trenink_1_66-1-768x512.jpg 768w, https:\/\/parahockey.cz\/wp-content\/uploads\/2026\/03\/trenink_1_66-1-1536x1023.jpg 1536w, https:\/\/parahockey.cz\/wp-content\/uploads\/2026\/03\/trenink_1_66-1-scaled.jpg 1920w, https:\/\/parahockey.cz\/wp-content\/uploads\/2026\/03\/trenink_1_66-1-128x85.jpg 128w, https:\/\/parahockey.cz\/wp-content\/uploads\/2026\/03\/trenink_1_66-1-32x21.jpg 32w\" sizes=\"(max-width: 1024px) 100vw, 1024px\" \/><figcaption class=\"wp-element-caption\"><em>Radek Zelinka<\/em><\/figcaption><\/figure>\n\n\n\n<figure class=\"wp-block-image size-large\"><img decoding=\"async\" width=\"1024\" height=\"682\" src=\"https:\/\/parahockey.cz\/wp-content\/uploads\/2026\/03\/trenink_1_97-1-1024x682.jpg\" alt=\"\" class=\"wp-image-25668\" srcset=\"https:\/\/parahockey.cz\/wp-content\/uploads\/2026\/03\/trenink_1_97-1-1024x682.jpg 1024w, https:\/\/parahockey.cz\/wp-content\/uploads\/2026\/03\/trenink_1_97-1-300x200.jpg 300w, https:\/\/parahockey.cz\/wp-content\/uploads\/2026\/03\/trenink_1_97-1-768x511.jpg 768w, https:\/\/parahockey.cz\/wp-content\/uploads\/2026\/03\/trenink_1_97-1-1536x1023.jpg 1536w, https:\/\/parahockey.cz\/wp-content\/uploads\/2026\/03\/trenink_1_97-1-scaled.jpg 1920w, https:\/\/parahockey.cz\/wp-content\/uploads\/2026\/03\/trenink_1_97-1-128x85.jpg 128w, https:\/\/parahockey.cz\/wp-content\/uploads\/2026\/03\/trenink_1_97-1-32x21.jpg 32w\" sizes=\"(max-width: 1024px) 100vw, 1024px\" \/><figcaption class=\"wp-element-caption\"><em>Martin \u017di\u017elavsk\u00fd<\/em><\/figcaption><\/figure>\n","protected":false},"excerpt":{"rendered":"<p>N\u00e1rodn\u00ed t\u00fdm para hokeje p\u0159icestoval do Mil\u00e1na, kde v sobotu 7. b\u0159ezna vstoup\u00ed do programu Zimn\u00edch paralympijsk\u00fdch her Milano Cortina 2026. Do d\u011bji\u0161t\u011b pod Alpami p\u0159ivezl v\u00fdpravu arm\u00e1dn\u00ed speci\u00e1l a u\u017e p\u00e1r hodin po p\u0159\u00edletu absolvovala kompletn\u00ed sestava \u00favodn\u00ed tr\u00e9nink na vedlej\u0161\u00ed plo\u0161e Santa Giulia Areny, kter\u00e1 bude hostit nejv\u00fdznamn\u011bj\u0161\u00ed para hokejov\u00fd turnaj sv\u011bta. Para [&hellip;]<\/p>\n","protected":false},"author":7,"featured_media":25646,"comment_status":"closed","ping_status":"closed","sticky":false,"template":"","format":"standard","meta":{"_acf_changed":false,"inline_featured_image":false,"footnotes":""},"categories":[111],"tags":[],"class_list":["post-25645","post","type-post","status-publish","format-standard","has-post-thumbnail","hentry","category-milano-2026"],"acf":[],"_links":{"self":[{"href":"https:\/\/parahockey.cz\/en\/wp-json\/wp\/v2\/posts\/25645","targetHints":{"allow":["GET"]}}],"collection":[{"href":"https:\/\/parahockey.cz\/en\/wp-json\/wp\/v2\/posts"}],"about":[{"href":"https:\/\/parahockey.cz\/en\/wp-json\/wp\/v2\/types\/post"}],"author":[{"embeddable":true,"href":"https:\/\/parahockey.cz\/en\/wp-json\/wp\/v2\/users\/7"}],"replies":[{"embeddable":true,"href":"https:\/\/parahockey.cz\/en\/wp-json\/wp\/v2\/comments?post=25645"}],"version-history":[{"count":5,"href":"https:\/\/parahockey.cz\/en\/wp-json\/wp\/v2\/posts\/25645\/revisions"}],"predecessor-version":[{"id":25670,"href":"https:\/\/parahockey.cz\/en\/wp-json\/wp\/v2\/posts\/25645\/revisions\/25670"}],"wp:featuredmedia":[{"embeddable":true,"href":"https:\/\/parahockey.cz\/en\/wp-json\/wp\/v2\/media\/25646"}],"wp:attachment":[{"href":"https:\/\/parahockey.cz\/en\/wp-json\/wp\/v2\/media?parent=25645"}],"wp:term":[{"taxonomy":"category","embeddable":true,"href":"https:\/\/parahockey.cz\/en\/wp-json\/wp\/v2\/categories?post=25645"},{"taxonomy":"post_tag","embeddable":true,"href":"https:\/\/parahockey.cz\/en\/wp-json\/wp\/v2\/tags?post=25645"}],"curies":[{"name":"wp","href":"https:\/\/api.w.org\/{rel}","templated":true}]}}