{"id":25671,"date":"2026-03-05T22:04:17","date_gmt":"2026-03-05T21:04:17","guid":{"rendered":"https:\/\/parahockey.cz\/?p=25671"},"modified":"2026-03-05T22:11:37","modified_gmt":"2026-03-05T21:11:37","slug":"zkusenost-a-mladi-se-sesly-v-milane-geier-odmita-rutinu-patek-je-nadseny","status":"publish","type":"post","link":"https:\/\/parahockey.cz\/en\/repre\/milano-2026\/zkusenost-a-mladi-se-sesly-v-milane-geier-odmita-rutinu-patek-je-nadseny\/","title":{"rendered":"Zku\u0161enost a ml\u00e1d\u00ed se se\u0161ly v Mil\u00e1n\u011b. Geier odm\u00edt\u00e1 rutinu, P\u00e1tek je nad\u0161en\u00fd"},"content":{"rendered":"\n<p>Jeden se \u00fa\u010dastnil v\u0161ech \u010dty\u0159 paralympi\u00e1d, na kter\u00fdch m\u011bla \u010cesk\u00e1 republika para hokejov\u00fd t\u00fdm, a stoj\u00ed na prahu paralympi\u00e1dy p\u00e1t\u00e9. Druh\u00fd je benjam\u00ednkem n\u00e1rodn\u00edho t\u00fdmu a atmosf\u00e9ru nejv\u011bt\u0161\u00edho sportovn\u00edho sv\u00e1tku za\u017eije poprv\u00e9. Michal Geier a Theodor P\u00e1tek se jako z\u00e1stupci dvou generac\u00ed se\u0161li v jednom rozhovoru v paralympijsk\u00e9 vesnici v Mil\u00e1n\u011b.<\/p>\n\n\n\n<p><strong>Michale, jste na sv\u00e9 p\u00e1t\u00e9 paralympi\u00e1d\u011b. Jak to vn\u00edm\u00e1te, m\u016f\u017ee se i z paralympi\u00e1dy st\u00e1t tak trochu &#8220;rutina&#8221;?<\/strong><\/p>\n\n\n\n<p>Jako rutinu to ur\u010dit\u011b neberu. Po\u0159\u00e1d je to pro sportovce vrchol a ta cesta na n\u011bj je dlouh\u00e1. To, \u017ee jsme se sem kvalifikovali, \u017ee jsme na n\u011bjak\u00e9m m\u00edst\u011b v rankingu, obn\u00e1\u0161\u00ed spoustu p\u0159\u00edpravy. Te\u010f je to jin\u00e9 v tom, \u017ee tady chceme p\u0159edv\u00e9st zat\u00edm nejlep\u0161\u00ed v\u00fdsledek, proto\u017ee m\u00e1me nejlep\u0161\u00ed podm\u00ednky, jak\u00e9 kdy byly. Douf\u00e1m, \u017ee to vyjde, jak si v\u0161ichni p\u0159ejeme.<\/p>\n\n\n\n<p><strong>Theo, vy naopak jste nov\u00e1\u010dkem a nejmlad\u0161\u00edm hr\u00e1\u010dem t\u00fdmu. Jak vn\u00edm\u00e1te atmosf\u00e9ru bl\u00ed\u017e\u00edc\u00ed se paralympi\u00e1dy?<\/strong><\/p>\n\n\n\n<p>Pro mne je to takov\u00fd d\u011btsk\u00fd sen. \u010clov\u011bk si to u\u017e\u00edv\u00e1 se v\u0161\u00edm v\u0161udy, v\u0161echno zkoum\u00e1. Je to pocta tady b\u00fdt a n\u011bjak\u00e1 ta nervozita tam je, ale hlavn\u011b jsem \u0161\u0165astn\u00fd. Mysl\u00edm, \u017ee na v\u0161ech z n\u00e1s je vid\u011bt dobr\u00e1 n\u00e1lada a j\u00e1 jsem jednodu\u0161e nad\u0161en\u00fd.<\/p>\n\n\n\n<p><strong>Jak se v\u00e1m l\u00edb\u00ed paralympijsk\u00e1 vesnice? Jak\u00e9 v n\u00ed m\u00e1te z\u00e1zem\u00ed, co v\u0161echno zde m\u016f\u017eete d\u011blat?<\/strong><\/p>\n\n\n\n<p><em>Michal Geier:<\/em> J\u00e1 m\u016f\u017eu porovn\u00e1vat a vesnice v Mil\u00e1n\u011b splnila moje o\u010dek\u00e1v\u00e1n\u00ed. M\u00e1me tady samoz\u0159ejm\u011b j\u00eddelnu, kde se v\u0161ichni para hokejisti stravujeme, pak t\u0159eba posilovnu, z\u00e1bavn\u00ed centrum a n\u011bjak\u00e9 slu\u017eby, t\u0159eba Otto Bock poskytuje servis prot\u00e9z a dal\u0161\u00edch pom\u016fcek. Jin\u00e9 je to v tom, \u017ee ostatn\u00ed sportovci jsou ve vesnic\u00edch na hor\u00e1ch, tak\u017ee nikoho jin\u00e9ho nepotk\u00e1v\u00e1me. D\u0159\u00edv jsme byli v\u0161ichni spole\u010dn\u011b nebo t\u0159eba aspo\u0148 s curling\u00e1\u0159i, ale to te\u010f nen\u00ed.<\/p>\n\n\n\n<p><em>Theodor P\u00e1tek:<\/em> Pro mne je super potk\u00e1vat ostatn\u00ed para hokejisty a nemuset se b\u00e1t d\u00e1t s nimi do \u0159e\u010di. Byl jsem u\u017e na IPH Cupu v Ostrav\u011b a na p\u0159\u00e1tel\u00e1c\u00edch v \u010c\u00edn\u011b, tak\u017ee t\u0159eba n\u011bkter\u00e9 Am\u00edky nebo \u010c\u00ed\u0148any od pohledu pozn\u00e1m a oni si zase pamatuj\u00ed mne. S n\u011bkter\u00fdmi jsme si pl\u00e1cli, pozdravili se nebo i pokecali, i kdy\u017e s \u010c\u00ed\u0148any je to trochu t\u011b\u017e\u0161\u00ed, po\u0159\u00e1d n\u00e1m do toho mus\u00ed zasahovat p\u0159ekladatelka. Ale jsem r\u00e1d, \u017ee je tady takov\u00e1 komunita.<\/p>\n\n\n\n<p><strong>Co \u0159\u00edk\u00e1te na ar\u00e9nu? T\u0159eba Declan Farmer ud\u011blal video, \u017ee je\u0161t\u011b nikdy nem\u011bl \u0161atnu tak daleko od ledu a musel dokonce venkem p\u0159es asfalt, kde si otupil hroty na hokejk\u00e1ch.<\/strong><\/p>\n\n\n\n<p><em>TP:<\/em> Tr\u00e9ninkovou kabinu m\u00e1me p\u00e1r metr\u016f od tr\u00e9ninkov\u00e9ho ledu, v\u0161echno je pod jedn\u00edm stanem a po paralympi\u00e1d\u011b to p\u016fjde pry\u010d. Ale na hlavn\u00ed halu to m\u00e1me daleko a voz\u00ed n\u00e1s golfov\u00fdmi voz\u00edky, kam se nalo\u017e\u00ed v\u0161echny sledge a samoz\u0159ejm\u011b my. Podle m\u011b je to klidn\u011b tak 300 metr\u016f ch\u016fze, tak\u017ee je lep\u0161\u00ed, kdy\u017e n\u00e1s odvezou a\u017e ke st\u0159\u00edda\u010dce, kde n\u00e1s vyklop\u00ed a jsme p\u0159\u00edmo u ledu. Z\u00e1pasov\u00e1 \u0161atna ale bude jin\u00e1 a bude n\u011bkde na hlavn\u00ed hale.<\/p>\n\n\n\n<p><strong>U\u017e v\u00edte, jak\u00e1 by m\u011bla b\u00fdt va\u0161e role v t\u00fdmu? Dostali jste &#8220;noty&#8221; od tren\u00e9r\u016f?<\/strong><\/p>\n\n\n\n<p><em>TP:<\/em> J\u00e1 to m\u00e1m jednozna\u010dn\u00e9. Hlavn\u011b si to tu zkusit, zvyknout si a b\u00fdt jako podpora t\u00fdmu. Samoz\u0159ejm\u011b mus\u00edm b\u00fdt p\u0159ipraven\u00fd kdykoliv nasko\u010dit, pokud ta chv\u00edle p\u0159ijde. <\/p>\n\n\n\n<p><em>MG:<\/em> Jeliko\u017e jsem na p\u00e1t\u00e9 paralympi\u00e1d\u011b, tak nejenom ode mne, ale od n\u00e1s v\u0161ech star\u0161\u00edch se budou o\u010dek\u00e1vat zku\u0161enosti. V\u017edycky na t\u011bchto vrcholn\u00fdch akc\u00edch rozhoduje n\u011bjak\u00e1 zku\u0161enost a j\u00e1 douf\u00e1m, \u017ee v tomto sm\u011bru zabodujeme, postav\u00edme se k tomu \u010delem a spln\u00edme to, co se od n\u00e1s o\u010dek\u00e1v\u00e1.<\/p>\n\n\n\n<p><strong>Vn\u00edm\u00e1te podporu z domova? M\u00e1te n\u011bjakou p\u0159edstavu, kolik by mohlo p\u0159ijet fanou\u0161k\u016f? Paralympi\u00e1da nikdy nebyla \u010cesku bl\u00ed\u017e.<\/strong><\/p>\n\n\n\n<p><em>TP:<\/em> J\u00e1 jsem celkov\u011b zv\u011bdav\u00fd, kolik lid\u00ed doraz\u00ed. Nejenom na n\u00e1s, ale i na ostatn\u00ed t\u00fdmy, jak to t\u0159eba bude vypadat, kdy\u017e budou hr\u00e1t Italov\u00e9. Co v\u00edm, tak hodn\u011b lid\u00ed pl\u00e1nuje p\u0159ijet a sp\u00ed\u0161 m\u00ed\u0148 lid\u00ed koukat doma, aspo\u0148 v m\u00e9m okol\u00ed. Mysl\u00edm si, \u017ee ohlas kolem paralympi\u00e1dy bude velk\u00fd a podle toho taky mus\u00ed vypadat na\u0161e v\u00fdkony.<\/p>\n\n\n\n<p><em>MG:<\/em> Moje p\u00e1t\u00e1 paralympi\u00e1da je kone\u010dn\u011b v Evrop\u011b, tak\u017ee v\u00edm, \u017ee se na ni t\u011b\u0161\u00ed spousta fanou\u0161k\u016f. Nebude \u017e\u00e1dn\u00fd \u010dasov\u00fd posun, tak\u017ee i doma m\u016f\u017eou lidi sledovat z\u00e1pasy v re\u00e1ln\u00e9m \u010dase. P\u0159ijede mi rodina podpo\u0159it nejenom mne, ale cel\u00fd t\u00fdm. Na\u0161e odhodl\u00e1n\u00ed usp\u011bt nejl\u00e9pe v historii je obrovsk\u00e9, tak\u017ee douf\u00e1m, \u017ee se n\u00e1m to povede a budou u toho i na\u0161i fanou\u0161ci. Stejn\u011b jako Theo jsem zv\u011bdav\u00fd, jak\u00e1 bude celkov\u00e1 n\u00e1v\u0161t\u011bvnost, a v\u011b\u0159\u00edm, \u017ee by to mohlo b\u00fdt dobr\u00e9 t\u0159eba i na takov\u00e9 speci\u00e1ln\u00ed z\u00e1pasy jako \u010cesko &#8211; Slovensko.<\/p>\n","protected":false},"excerpt":{"rendered":"<p>Jeden se \u00fa\u010dastnil v\u0161ech \u010dty\u0159 paralympi\u00e1d, na kter\u00fdch m\u011bla \u010cesk\u00e1 republika para hokejov\u00fd t\u00fdm, a stoj\u00ed na prahu paralympi\u00e1dy p\u00e1t\u00e9. Druh\u00fd je benjam\u00ednkem n\u00e1rodn\u00edho t\u00fdmu a atmosf\u00e9ru nejv\u011bt\u0161\u00edho sportovn\u00edho sv\u00e1tku za\u017eije poprv\u00e9. Michal Geier a Theodor P\u00e1tek se jako z\u00e1stupci dvou generac\u00ed se\u0161li v jednom rozhovoru v paralympijsk\u00e9 vesnici v Mil\u00e1n\u011b. Michale, jste na sv\u00e9 [&hellip;]<\/p>\n","protected":false},"author":7,"featured_media":25672,"comment_status":"closed","ping_status":"closed","sticky":false,"template":"","format":"standard","meta":{"_acf_changed":false,"inline_featured_image":false,"footnotes":""},"categories":[111],"tags":[],"class_list":["post-25671","post","type-post","status-publish","format-standard","has-post-thumbnail","hentry","category-milano-2026"],"acf":[],"_links":{"self":[{"href":"https:\/\/parahockey.cz\/en\/wp-json\/wp\/v2\/posts\/25671","targetHints":{"allow":["GET"]}}],"collection":[{"href":"https:\/\/parahockey.cz\/en\/wp-json\/wp\/v2\/posts"}],"about":[{"href":"https:\/\/parahockey.cz\/en\/wp-json\/wp\/v2\/types\/post"}],"author":[{"embeddable":true,"href":"https:\/\/parahockey.cz\/en\/wp-json\/wp\/v2\/users\/7"}],"replies":[{"embeddable":true,"href":"https:\/\/parahockey.cz\/en\/wp-json\/wp\/v2\/comments?post=25671"}],"version-history":[{"count":3,"href":"https:\/\/parahockey.cz\/en\/wp-json\/wp\/v2\/posts\/25671\/revisions"}],"predecessor-version":[{"id":25676,"href":"https:\/\/parahockey.cz\/en\/wp-json\/wp\/v2\/posts\/25671\/revisions\/25676"}],"wp:featuredmedia":[{"embeddable":true,"href":"https:\/\/parahockey.cz\/en\/wp-json\/wp\/v2\/media\/25672"}],"wp:attachment":[{"href":"https:\/\/parahockey.cz\/en\/wp-json\/wp\/v2\/media?parent=25671"}],"wp:term":[{"taxonomy":"category","embeddable":true,"href":"https:\/\/parahockey.cz\/en\/wp-json\/wp\/v2\/categories?post=25671"},{"taxonomy":"post_tag","embeddable":true,"href":"https:\/\/parahockey.cz\/en\/wp-json\/wp\/v2\/tags?post=25671"}],"curies":[{"name":"wp","href":"https:\/\/api.w.org\/{rel}","templated":true}]}}