{"id":25679,"date":"2026-03-06T21:14:45","date_gmt":"2026-03-06T20:14:45","guid":{"rendered":"https:\/\/parahockey.cz\/?p=25679"},"modified":"2026-03-06T21:34:13","modified_gmt":"2026-03-06T20:34:13","slug":"trio-treneru","status":"publish","type":"post","link":"https:\/\/parahockey.cz\/en\/repre\/milano-2026\/trio-treneru\/","title":{"rendered":"Trio tren\u00e9r\u016f: para hokej je hodn\u011b v\u00fdkonnostn\u00ed. Nen\u00ed to charita, ale sp\u00ed\u0161 posl\u00e1n\u00ed"},"content":{"rendered":"\n<p>Tah na branku, strategie a zku\u0161enost. Mo\u017en\u00e1 i do t\u011bchto slov by se dala zkomprimovat trojice tren\u00e9r\u016f, kter\u00e1 \u0161\u00e9fuje st\u0159\u00edda\u010dce n\u00e1rodn\u00edho t\u00fdmu para hokeje. Co v\u0161e mus\u00ed br\u00e1t ve sportu handicapovan\u00fdch v potaz nebo jak\u00e9 p\u0159ednosti vid\u00ed na \u010desk\u00e9m n\u00e1rodn\u00edm mu\u017estvu, to tren\u00e9rsk\u00e1 trojice <strong>Jakub Novotn\u00fd, Jan Szturc a Ji\u0159\u00ed B\u0159\u00edza<\/strong> prozradila v obs\u00e1hl\u00e9m rozhovoru p\u0159ed za\u010d\u00e1tkem paralympijsk\u00fdch her v Mil\u00e1n\u011b.<\/p>\n\n\n\n<p><strong>M\u00e1te na st\u0159\u00edda\u010dce nebo i mimo ni n\u011bjak rozd\u011blen\u00e9 role?<\/strong><\/p>\n\n\n\n<p><em>Jakub Novotn\u00fd:<\/em> Ano, Honza \u0159e\u0161\u00ed strategii a taktiku, video rozbory. Jirka zase nalad\u011bn\u00ed t\u00fdmu, proto\u017ee m\u00e1 d\u00edky sv\u00e9mu dlouhodob\u00e9mu p\u016fsoben\u00ed nejhlub\u0161\u00ed n\u00e1hled. J\u00e1 to cel\u00e9 zast\u0159e\u0161uji a pokud Honza s Jirkou s n\u011b\u010d\u00edm nesouhlas\u00ed, tak m\u00e1m rozhoduj\u00edc\u00ed slovo. <\/p>\n\n\n\n<p><em>Ji\u0159\u00ed B\u0159\u00edza:<\/em> Moje role je sp\u00ed\u0161 na b\u00e1zi mentoringu, jinak je skladba dan\u00e1 &#8211; Jakub je hlavn\u00ed kou\u010d, my s Honzou jsme asistenti hlavn\u00edho tren\u00e9ra. Nicm\u00e9n\u011b t\u00edm, jak v sez\u00f3n\u011b pracujeme v tr\u00e9ninkov\u00fdch hubech (skupin\u00e1ch), tak to portfolio ka\u017ed\u00e9ho tren\u00e9ra se profiluje ve v\u0161ech sm\u011brech. A\u0165 jsme na rozvojov\u00fdch kempech nebo na reprezentaci, tak po\u0159\u00e1d je to o veden\u00ed hr\u00e1\u010d\u016f i o n\u011bjak\u00e9m mor\u00e1ln\u011b-voln\u00edm p\u0159\u00edstupu, aby se hr\u00e1\u010di po\u0159\u00e1d u\u010dili a \u0161li dop\u0159edu spr\u00e1vn\u00fdm sm\u011brem. <\/p>\n\n\n\n<p><em>Jakub Novotn\u00fd:<\/em> My m\u00e1me p\u0159es sez\u00f3nu v\u011bt\u0161inu tr\u00e9nink\u016f v hubech, to znamen\u00e1 v odd\u011blen\u00fdch skupin\u00e1ch. Tam si ka\u017ed\u00fd tr\u00e9nujeme sv\u00fdm stylem, ale potom na spole\u010dn\u00e9m kempu nebo na velk\u00e9 akci se to propoj\u00ed. M\u011bl jsem p\u0159ed paralympi\u00e1dou my\u0161lenku rozd\u011blit si tr\u00e9nov\u00e1n\u00ed na obr\u00e1nce, \u00fato\u010dn\u00edky, ale je\u0161t\u011b jsme takhle zat\u00edm nepracovali, tak si tuto my\u0161lenku nech\u00e1me a\u017e do p\u0159\u00ed\u0161t\u00ed sez\u00f3ny.<\/p>\n\n\n\n<p><em>Ji\u0159\u00ed B\u0159\u00edza:<\/em> Kdy\u017e dojde na velk\u00fd turnaj, tak hlavn\u00ed slovo m\u00e1 Jakub. Honza jako nejv\u00edce zku\u0161en\u00fd z n\u00e1s t\u0159\u00ed v hokejov\u00e9 praxi, tak m\u00e1 nejv\u011bt\u0161\u00ed prostor na taktickou p\u0159\u00edpravu spojenou i s videem. J\u00e1 zase v r\u00e1mci historie sp\u00ed\u0161 funguji jako mentor, n\u011bkdy motiv\u00e1tor, n\u011bkdy se sna\u017e\u00edm kluky inspirovat i sv\u00fdm osobn\u00edm p\u0159\u00edstupem v \u017eivot\u011b, aby si nemysleli, \u017ee kdy\u017e m\u00e1 n\u011bkdo ur\u010dit\u00fd v\u011bk, tak m\u00e1 fajfku a sta\u010d\u00ed p\u0159ij\u00edt na tr\u00e9nink na led\u011b. V\u011bkem to v para hokeji nekon\u010d\u00ed, proto\u017ee kdy\u017e o sebe budou hr\u00e1\u010di pe\u010dovat, m\u016f\u017eou se tomu sportu v\u011bnovat, jak dlouho budou cht\u00edt, jeliko\u017e nem\u00e1me tak velkou konkurenci zespodu. Je\u0161t\u011b bych doplnil, \u017ee Jakub m\u00e1 i organiza\u010dn\u00ed a administrativn\u00ed funkci, je v kontaktu i s ostatn\u00edmi reprezentacemi, tak i proto m\u00e1 hlavn\u00ed slovo.<\/p>\n\n\n\n<p><strong>Ji\u0159\u00ed, vzhledem k va\u0161emu dlouh\u00e9mu p\u016fsoben\u00ed u para hokejov\u00e9 reprezentace, rad\u00edte krom\u011b hr\u00e1\u010d\u016f pr\u00e1v\u011b i sv\u00fdm tren\u00e9rsk\u00fdm koleg\u016fm? Jste te\u010f na t\u0159et\u00ed paralympi\u00e1d\u011b, p\u0159i\u010dem\u017e covidov\u00fd Peking jste vynechal. Nebo kdy\u017e ot\u00e1zku oto\u010d\u00edm na Jakuba a Honzu, inspiruje v\u00e1s Jirka n\u011b\u010d\u00edm?<\/strong><\/p>\n\n\n\n<p><em>Ji\u0159\u00ed B\u0159\u00edza:<\/em> N\u011bkdy nastanou momenty, kdy c\u00edt\u00edm, \u017ee m\u016f\u017eu nab\u00eddnout jinou, ale po\u0159\u00e1d svobodnou volbu. \u0158eknu p\u0159\u00edklad: m\u011bli jsme n\u011bjakou sestavu a j\u00e1 otev\u0159en\u011b \u0159eknu, \u017ee se mi l\u00edbila jin\u00e1 na jin\u00e9m turnaji, \u017ee jsem chemii u hr\u00e1\u010d\u016f vn\u00edmal jinak. Ale v\u017edycky nab\u00eddnu up\u0159\u00edmn\u00fd n\u00e1zor a l\u00edb\u00ed se mi, \u017ee tu m\u00e1me otev\u0159enost a n\u00e1zorov\u011b m\u016f\u017eeme \u0159\u00edct ka\u017ed\u00fd n\u011bco. Stalo se, \u017ee jsme s Honzou vid\u011bli n\u011bco jinak ne\u017e Jakub a je fajn, \u017ee on to um\u00ed uznat a pracovat s na\u0161\u00edm n\u00e1zorem.<\/p>\n\n\n\n<p><em>Jakub Novotn\u00fd:<\/em> S Jirkou spolupracuji v para hokeji u\u017e deset let a pro mne je to sv\u00fdm zp\u016fsobem mentor, dok\u00e1zal toho stra\u0161n\u011b moc. Mysl\u00edm si, \u017ee mn\u011b i Honzovi pomohl co nejm\u00ed\u0148 zapojovat vlastn\u00ed ego a nau\u010dil n\u00e1s, \u017ee tr\u00e9nov\u00e1n\u00ed nen\u00ed o tom, jestli m\u00e1 n\u011bkdo z tren\u00e9r\u016f pravdu, ale o tom, jak\u00fd dopad bude m\u00edt rozhodnut\u00ed na t\u00fdm. Z toho d\u016fvodu je dob\u0159e, \u017ee jsme v\u0161ichni t\u0159i v\u016f\u010di sob\u011b ot\u0159ev\u0159en\u00ed. Ano, ob\u010das si stoj\u00edm za sv\u00fdm, ale jak \u0159\u00edkal Jirka p\u0159\u00edklad s tou sestavou &#8211; nejd\u0159\u00edv jsem trval na sv\u00e9m, ale pak jsem musel uznat, \u017ee to nefungovalo a vr\u00e1tili jsme se k p\u016fvodn\u00ed variant\u011b.<\/p>\n\n\n\n<p><em>Jan Szturc:<\/em> Souhlas\u00edm s t\u00edm, co bylo \u0159e\u010deno. Jirku vn\u00edm\u00e1m jako mor\u00e1ln\u00ed kompas t\u00fdmu a z\u00e1rove\u0148 vizion\u00e1\u0159e, kter\u00fd p\u0159in\u00e1\u0161\u00ed my\u0161lenku, kam by se m\u011bl n\u00e1\u0161 sport posouvat, zat\u00edmco my dva s Jakubem jsme ti &#8220;mlad\u00ed a nevybou\u0159en\u00ed&#8221;, kte\u0159\u00ed je\u0161t\u011b st\u00e1le nas\u00e1vaj\u00ed v\u0161echny mo\u017en\u00e9 podn\u011bty a znalosti a sna\u017e\u00edme se p\u0159in\u00e1\u0161et n\u011bjakou modernizaci. Z\u00e1rove\u0148 k tomu je Jirka ten &#8220;star\u00fd pard\u00e1l&#8221;, kter\u00fd n\u00e1m v\u017edy \u0159ekne &#8220;takhle ano, takhle ne.&#8221;<\/p>\n\n\n\n<p><strong>Vy v\u0161ichni jste p\u0159i\u0161li k para hokeji z klasick\u00e9ho hokejov\u00e9ho prost\u0159ed\u00ed. Mohli byste se pokusit popsat rozd\u00edl mezi t\u011bmito sv\u011bty? Je v\u016fbec n\u011bjak\u00fd?<\/strong><\/p>\n\n\n\n<p><em>JN:<\/em> Podobnost je v tom, \u017ee je to t\u00fdmov\u00fd sport. Na led\u011b je patn\u00e1ct kluk\u016f, patn\u00e1ct osobnost\u00ed, se kter\u00fdmi pracujeme a sna\u017e\u00edme se je d\u00e1t dohromady, aby fungovali jako t\u00fdm. To je \u00fakol ka\u017ed\u00e9ho tren\u00e9ra nap\u0159\u00ed\u010d t\u00fdmov\u00fdmi sporty. Tro\u0161ku jin\u00e9 je to u para hokeje v tom, jak ti kluci do t\u00fdmu p\u0159i\u0161li. Na\u0161e rozvojov\u00e9 kempy funguj\u00ed asi p\u011bt let, tak\u017ee je\u0161t\u011b nen\u00ed vyvinut\u00e1 takov\u00e1 historie pro\u017eitku toho sportu a sportovn\u00edho v\u00fdvoje u mlad\u0161\u00edch ro\u010dn\u00edk\u016f. Jinak j\u00e1 v\u011bt\u0161\u00ed rozd\u00edl nevid\u00edm, ale mo\u017en\u00e1 je to i t\u00edm, \u017ee dlouho tr\u00e9nujeme jenom kategorii para hokej a vlastn\u011b u\u017e nev\u00edme, jak to v klasick\u00e9m hokeji funguje.<\/p>\n\n\n\n<p><strong>Ob\u010das ale od ve\u0159ejnosti zazn\u00edvaj\u00ed slova soucitu v\u016f\u010di sportovc\u016fm s handicapem nebo vn\u00edm\u00e1n\u00ed jejich sportu prizmatem charity. Nen\u00ed t\u0159eba toto ur\u010dit\u00fd rozd\u00edl?<\/strong><\/p>\n\n\n\n<p><em>JB:<\/em> M\u00edsto slova &#8220;charita&#8221; bych pou\u017eil sp\u00ed\u0161 slovo &#8220;posl\u00e1n\u00ed&#8221;. M\u00e1lokter\u00fd tren\u00e9r si vybere tr\u00e9nov\u00e1n\u00ed para hokeje. Mus\u00edte m\u00edt ur\u010ditou hloubku v\u011bdom\u00ed a du\u0161evn\u00ed nastaven\u00ed na pr\u00e1ci s handicapovan\u00fdmi hr\u00e1\u010di. Tak jak nazna\u010dil Jakub &#8211; ano, m\u016f\u017eeme z\u016fstat ve sportovn\u00ed dimenzi, kde se chov\u00e1te podle pravidel t\u00fdmov\u00e9ho sportu, ale p\u0159edstava, \u017ee v reprezenta\u010dn\u00edm t\u00fdmu m\u00e1te jak d\u00edt\u011b, tak otce patn\u00e1ctilet\u00fdch d\u011bt\u00ed a k tomu p\u0159ipo\u010d\u00edt\u00e1te, \u017ee n\u011bkdo m\u00e1 handicap od narozen\u00ed a n\u011bkdo ho z\u00edskal \u00farazem. A je\u0161t\u011b ten, kdo ho z\u00edskal \u00farazem, tak ho z\u00edskal ne vlastn\u00ed chybou anebo vlastn\u00ed chybou. Ve v\u0161ech t\u011bchto oblastech mus\u00edte citliv\u011b pracovat na v\u0161em. Na charakteru, na p\u0159\u00edstupu, na soci\u00e1ln\u00edm okol\u00ed v rodin\u011b a tak d\u00e1l. To se pak odr\u00e1\u017e\u00ed na vztahu tren\u00e9r &#8211; sportovec, tren\u00e9r &#8211; t\u00fdm. Mysl\u00edm si, \u017ee tady bychom m\u011bli um\u011bt v\u0161ichni t\u0159i \u0159\u00edct, \u017ee nelze ob\u0161lehnout standardn\u00ed p\u0159\u00edstup tren\u00e9ra v jak\u00e9mkoliv t\u00fdmov\u00e9m sportu a jednodu\u0161e ho pou\u017e\u00edt na para hokejov\u00fd t\u00fdm. Odr\u00e1\u017e\u00ed se tam velk\u00e1 hloubka pozn\u00e1n\u00ed mezilidsk\u00fdch vztah\u016f ve v\u0161ech sm\u011brem uvnit\u0159 t\u00fdmu a pr\u00e1ce s t\u00edm.<\/p>\n\n\n\n<p><em>JS:<\/em> J\u00e1 bych to jenom doplnil, \u017ee t\u0159eba v m\u00e9m p\u0159\u00edpad\u011b bylo z\u00e1sadn\u00ed to, \u017ee ten sport m\u00e1 sv\u00e1 specifika, ale po\u0159\u00e1d je to sport. Nen\u00ed to charita. J\u00e1 jsem d\u011blal i n\u00e1rodn\u00edho rozhod\u010d\u00edho v boccie, kde jsou lidi s daleko v\u00e1\u017en\u011bj\u0161\u00edm handicapem ne\u017e v para hokeji. I tam se \u010dlov\u011bk nau\u010dil, \u017ee v moment\u011b, kdy se vejde na h\u0159i\u0161t\u011b, tak je to sport a pro\u017e\u00edv\u00e1 se to jako sport zdrav\u00fdch se v\u0161emi kr\u00e1sami a nedostatky, se z\u00e1ke\u0159nostmi a taktizov\u00e1n\u00edm. U para hokejist\u016f vn\u00edm\u00e1m, \u017ee t\u00edm, \u017ee je jejich sport tak n\u00e1ro\u010dn\u00fd, tak samotnou povahou toho sportu je chov\u00e1n\u00ed hr\u00e1\u010d\u016f na led\u011b daleko v\u00edc \u010dist\u011b sportovn\u00edho r\u00e1zu a nen\u00ed to rozhodn\u011b charita nebo tabulky nebo zv\u00fdhod\u0148ov\u00e1n\u00ed n\u011bkoho. V moment\u011b, kdy se hod\u00ed puk na led, rozd\u00e1 si to mezi sebou \u0161est chlap\u016f na ka\u017ed\u00e9 stran\u011b a my je tr\u00e9nujeme jako sportovn\u00ed kolektiv. Pro mne to bylo z\u00e1sadn\u00ed v moment\u011b, kdy jsem se rozhodoval, jestli do para hokeje j\u00edt nebo ne.<\/p>\n\n\n\n<p><em>JN:<\/em> Para hokej je po\u0159\u00e1d hodn\u011b v\u00fdkonnostn\u00ed. Hodn\u011b se m\u011b lidi ptaj\u00ed, jak\u00fd je rozd\u00edl oproti hokeji, a j\u00e1 \u0159\u00edk\u00e1m, \u017ee \u017e\u00e1dn\u00fd. Jedin\u011b ten, \u017ee v posilovn\u011b ned\u0159epujeme. Jinak kvanta toho, co kluci mus\u00ed natr\u00e9novat, jsou hodn\u011b podobn\u00e1 vrcholov\u00fdm sportovc\u016fm. Kdy\u017e potom vid\u00edte, jak jsou na led\u011b atleti\u010dt\u00ed, tak \u0159\u00edk\u00e1m, \u017ee po sportovn\u00ed str\u00e1nce je to stejn\u00e9. Jen jak \u0159\u00edkal Jirka, mus\u00edme b\u00fdt daleko v\u00edc empati\u010dt\u011bj\u0161\u00ed a p\u0159em\u00fd\u0161let, komu co a jak a \u0159\u00edk\u00e1me. To n\u00e1s na tom i bav\u00ed, z jedn\u00e9 strany je to hodn\u011b o sportu, ale i v\u00fdzva, jak se k t\u011bm kluk\u016fm co nejl\u00e9pe dostat.<\/p>\n\n\n\n<p><strong>Mohl byste ka\u017ed\u00fd ze sv\u00e9 pozice pojmenovat silnou str\u00e1nku \u010desk\u00e9ho t\u00fdmu?<\/strong><\/p>\n\n\n\n<p><em>JN:<\/em> M\u011b napadlo &#8220;V\u0161e je mo\u017en\u00e9&#8221;. O tom jsme se bavili u\u017e p\u0159ed turnajem. T\u00edm, jak je t\u00fdm poskl\u00e1dan\u00fd z r\u016fzn\u00fdch p\u0159\u00edb\u011bh\u016f, ka\u017ed\u00fd si musel p\u0159ekonat sv\u00e9 p\u0159ek\u00e1\u017eky v osobn\u00edm \u017eivot\u011b. Te\u010f se sna\u017e\u00ed p\u0159ekon\u00e1vat p\u0159ek\u00e1\u017eky ve sportovn\u00edm \u017eivot\u011b. P\u0159itom to t\u0159eba po \u00faraze mohli zabalit a up\u00edt se doma. Ale oni to nevzdali a mysl\u00edm si, \u017ee se ani jako t\u00fdm nevzd\u00e1v\u00e1me. Ob\u010das je mo\u017en\u00e1 t\u011b\u017e\u0161\u00ed kluky namotivovat, ale na velk\u00fdch turnaj\u00edch se nikdy nevzd\u00e1v\u00e1me. <\/p>\n\n\n\n<p><em>JB:<\/em> J\u00e1 jsem vypozoroval, \u017ee to, o \u010dem te\u010f mluvil Jakub, je podobn\u00e1 siln\u00e1 str\u00e1nka u v\u0161ech t\u00fdm\u016f. Na vrcholov\u00e9 \u00farovni m\u00e1lokdo vynech\u00e1 na led\u011b jedin\u00fd metr. A\u0165 je jak\u00fdkoli v\u00fdsledek, ka\u017ed\u00fd si p\u0159eje v ohrani\u010den\u00e9 dob\u011b maxim\u00e1ln\u011b prodat svoji seberealizaci, d\u016fstojnost, s\u00e1m \u017eivot. Jako chlapovi po \u00faraze, kdy\u017e jste t\u0159eba na voz\u00edku, tak v\u00e1m toho v seberealizaci moc nezb\u00fdv\u00e1. M\u016f\u017eete provokovat v hospod\u011b, ale kdo s v\u00e1mi p\u016fjde ven? V\u017edycky u mne ti na\u0161i kluci vzbud\u00ed pocit hrdosti, kdy\u017e t\u0159eba nejsme v\u016f\u010di konkurenci nejl\u00e9pe p\u0159ipraveni, ale nech\u00e1me na led\u011b v\u0161echno. To bych pova\u017eoval za silnou str\u00e1nku na\u0161eho t\u00fdmu. Ten slogan &#8220;V\u0161echno je mo\u017en\u00e9&#8221; si p\u0159ekl\u00e1d\u00e1m tak, \u017ee k \u00fasp\u011bchu vede cel\u00fd \u010das v p\u0159\u00edprav\u011b, abyste mohli na konci prodat maxim\u00e1ln\u00ed potenci\u00e1l. Kolikr\u00e1t jsme m\u011bli t\u011bsn\u00e9 z\u00e1pasy s t\u011bmi nejlep\u0161\u00edmi. Po\u0159\u00e1d zrajeme jako pozdn\u00ed v\u00edno a bl\u00ed\u017e\u00edme se k tomu, uvid\u00edme, co n\u00e1m tato paralympi\u00e1da p\u0159inese. V\u00edme, \u017ee konkurence je mo\u017en\u00e1 trochu v\u00edc nastaven\u00e1 pro takovou tu vnit\u0159n\u00ed discipl\u00ednu a pravidla, ale \u0159\u00edk\u00e1me si, jestli to pak na du\u0161\u00edch handicapovan\u00fdch sportovc\u016f neub\u00edr\u00e1 na schopnosti improvizace a n\u00e1lady postavit se nep\u0159\u00edzniv\u00e9mu v\u00fdsledku. Kdybychom vzali t\u00fdm \u010c\u00edny do posilovny, tak na\u0161e kluky poraz\u00ed nap\u0159\u00ed\u010d discipl\u00ednami, ale posledn\u00ed t\u0159i mistrovstv\u00ed sv\u011bta jsme nad nimi v\u017edy brali bronz. Tam vid\u00edm silnou str\u00e1nku na\u0161eho t\u00fdmu. Um\u00edme prodat, co v n\u00e1s je, a um\u00edme i improvizovat v nekomfortn\u00edch situac\u00edch.<\/p>\n\n\n\n<p><em>JS:<\/em> Nejsiln\u011bj\u0161\u00ed str\u00e1nka na\u0161eho t\u00fdmu jsou emoce. Emo\u010dn\u00ed anga\u017eovanost a zaujet\u00ed pro ten sport. Odhodl\u00e1n\u00ed v maxim\u00e1ln\u00ed m\u00ed\u0159e se seberealizovat, kdy\u017e je to pot\u0159eba. To je to, o \u010dem mluvil Jirka. My neum\u00edme odehr\u00e1t z\u00e1pasy nap\u016fl nebo je jen odklouzat, vykon\u00e1vat v\u011bci jen automaticky podle j\u00edzdn\u00edho \u0159\u00e1du. My pot\u0159ebujeme b\u00fdt hrav\u00ed a z\u00e1rove\u0148 tomu d\u00e1vat n\u011bkdy i v\u00edc ne\u017e sto procent.<\/p>\n\n\n\n<p><em>JB:<\/em> Je\u0161t\u011b mus\u00edm n\u011bco \u0159\u00edct. M\u00e1me nejlep\u0161\u00ed g\u00f3lmany na sv\u011bt\u011b a to historicky. Bez V\u00e1pna <em>(Michala V\u00e1penky)<\/em> i dal\u0161\u00edch kvalitn\u00edch g\u00f3lman\u016f bychom z\u0159ejm\u011b nebyli ve Vancouveru na prvn\u00ed paralympi\u00e1d\u011b a potom d\u00e1le. A sou\u010dasn\u00ed kluci v br\u00e1n\u011b na to te\u010f navazuj\u00ed.<\/p>\n\n\n\n<p><strong>Na z\u00e1v\u011br: vn\u00edm\u00e1te paralympi\u00e1du v Mil\u00e1n\u011b jinak ne\u017e ty p\u0159edchoz\u00ed vzhledem k tomu, \u017ee je v Evrop\u011b? Je nebo mohla by b\u00fdt n\u011b\u010d\u00edm odli\u0161n\u00e1?<\/strong><\/p>\n\n\n\n<p><em>JS:<\/em> J\u00e1 to m\u00e1m nejjednodu\u0161\u0161\u00ed. Za\u017eil jsem dv\u011b paralympi\u00e1dy &#8211; prvn\u00ed byla covidov\u00e1 a tato je necovidov\u00e1. To je m\u016fj nejv\u011bt\u0161\u00ed rozd\u00edl.<\/p>\n\n\n\n<p><em>JN:<\/em> Cht\u011bl jsem \u0159\u00edct, \u017ee ano, bude odli\u0161n\u00e1, ale u\u017e ne. T\u00edm, \u017ee je to bl\u00edzko, tak se \u0159e\u0161\u00ed n\u00e1v\u0161t\u011bvy rodin hr\u00e1\u010d\u016f, \u0159e\u0161\u00ed se fanou\u0161ci, na kter\u00e9 se stra\u0161n\u011b t\u011b\u0161\u00edme. Ale kdy\u017e jsme vstoupili do paralympijsk\u00e9 vesnice, tak vznikla bublina a od t\u00e9 chv\u00edle bereme turnaj jako ka\u017ed\u00fd jin\u00fd. Dob\u0159e, paralympi\u00e1da je jednou za \u010dty\u0159i roky a jsou tu prvky, kter\u00e9 m\u016f\u017eou hr\u00e1\u010de vyru\u0161ovat. Ale my jako tren\u00e9\u0159i si nemysl\u00edm, \u017ee bychom tuto paralympi\u00e1du vn\u00edmali z\u00e1sadn\u011b jinak. <\/p>\n\n\n\n<p><em>JB:<\/em> Dopln\u00edm osobn\u00ed zku\u0161enost ze So\u010di a Pchjong\u010dchangu. Tady v Mil\u00e1n\u011b je obrovsk\u00fd rozd\u00edl v tom, \u017ee m\u00e1me rozd\u011blen\u00e9 vesnice a \u010desk\u00e1 sportovn\u00ed komunita nen\u00ed propojen\u00e1. Ly\u017ea\u0159i jsou v hor\u00e1ch v Cortin\u011b a jak u\u017e bylo zm\u00edn\u011bno, charakter paralympi\u00e1dy pro n\u00e1s je okle\u0161t\u011bn\u00fd pouze na para hokejov\u00fd turnaj. V\u0161echny procedury, jako cesty na zim\u00e1k, tr\u00e9ninky, dopingov\u00e9 kontroly a podobn\u00e9, prob\u00edhaj\u00ed stejn\u011b jako na mistrovstv\u00ed sv\u011bta. Na jednu stranu c\u00edt\u00edme &#8220;ano, jsme na paralympi\u00e1d\u011b&#8221;, ale na druhou stranu si p\u0159ipad\u00e1me jako na v\u011bt\u0161\u00edm turnaji. Takov\u00e1 ta oslava paralympijsk\u00e9ho sportu trochu chyb\u00ed, ale mo\u017en\u00e1 to ve v\u00fdsledku m\u016f\u017ee b\u00fdt i plus, to se teprve uk\u00e1\u017ee.<\/p>\n\n\n\n<p><strong>Foto:<\/strong> Jan Mal\u00fd, \u010cesk\u00fd paralympijsk\u00fd v\u00fdbor<\/p>\n\n\n\n<p><\/p>\n","protected":false},"excerpt":{"rendered":"<p>Tah na branku, strategie a zku\u0161enost. Mo\u017en\u00e1 i do t\u011bchto slov by se dala zkomprimovat trojice tren\u00e9r\u016f, kter\u00e1 \u0161\u00e9fuje st\u0159\u00edda\u010dce n\u00e1rodn\u00edho t\u00fdmu para hokeje. Co v\u0161e mus\u00ed br\u00e1t ve sportu handicapovan\u00fdch v potaz nebo jak\u00e9 p\u0159ednosti vid\u00ed na \u010desk\u00e9m n\u00e1rodn\u00edm mu\u017estvu, to tren\u00e9rsk\u00e1 trojice Jakub Novotn\u00fd, Jan Szturc a Ji\u0159\u00ed B\u0159\u00edza prozradila v obs\u00e1hl\u00e9m rozhovoru [&hellip;]<\/p>\n","protected":false},"author":7,"featured_media":25696,"comment_status":"closed","ping_status":"closed","sticky":false,"template":"","format":"standard","meta":{"_acf_changed":false,"inline_featured_image":false,"footnotes":""},"categories":[111],"tags":[],"class_list":["post-25679","post","type-post","status-publish","format-standard","has-post-thumbnail","hentry","category-milano-2026"],"acf":[],"_links":{"self":[{"href":"https:\/\/parahockey.cz\/en\/wp-json\/wp\/v2\/posts\/25679","targetHints":{"allow":["GET"]}}],"collection":[{"href":"https:\/\/parahockey.cz\/en\/wp-json\/wp\/v2\/posts"}],"about":[{"href":"https:\/\/parahockey.cz\/en\/wp-json\/wp\/v2\/types\/post"}],"author":[{"embeddable":true,"href":"https:\/\/parahockey.cz\/en\/wp-json\/wp\/v2\/users\/7"}],"replies":[{"embeddable":true,"href":"https:\/\/parahockey.cz\/en\/wp-json\/wp\/v2\/comments?post=25679"}],"version-history":[{"count":7,"href":"https:\/\/parahockey.cz\/en\/wp-json\/wp\/v2\/posts\/25679\/revisions"}],"predecessor-version":[{"id":25704,"href":"https:\/\/parahockey.cz\/en\/wp-json\/wp\/v2\/posts\/25679\/revisions\/25704"}],"wp:featuredmedia":[{"embeddable":true,"href":"https:\/\/parahockey.cz\/en\/wp-json\/wp\/v2\/media\/25696"}],"wp:attachment":[{"href":"https:\/\/parahockey.cz\/en\/wp-json\/wp\/v2\/media?parent=25679"}],"wp:term":[{"taxonomy":"category","embeddable":true,"href":"https:\/\/parahockey.cz\/en\/wp-json\/wp\/v2\/categories?post=25679"},{"taxonomy":"post_tag","embeddable":true,"href":"https:\/\/parahockey.cz\/en\/wp-json\/wp\/v2\/tags?post=25679"}],"curies":[{"name":"wp","href":"https:\/\/api.w.org\/{rel}","templated":true}]}}