{"id":25683,"date":"2026-03-06T12:01:40","date_gmt":"2026-03-06T11:01:40","guid":{"rendered":"https:\/\/parahockey.cz\/?p=25683"},"modified":"2026-03-06T12:05:02","modified_gmt":"2026-03-06T11:05:02","slug":"asi-to-bude-jedna-z-nejtezsich-cest-za-ctyri-roky-rika-vaclav-hecko","status":"publish","type":"post","link":"https:\/\/parahockey.cz\/en\/repre\/milano-2026\/asi-to-bude-jedna-z-nejtezsich-cest-za-ctyri-roky-rika-vaclav-hecko\/","title":{"rendered":"Asi to bude jedna z nejt\u011b\u017e\u0161\u00edch cest za \u010dty\u0159i roky, \u0159\u00edk\u00e1 V\u00e1clav He\u010dko"},"content":{"rendered":"\n<p>N\u00e1rodn\u00ed t\u00fdm para hokeje m\u00e1 za sebou posledn\u00ed tr\u00e9nink p\u0159ed \u00favodn\u00edm z\u00e1pasem paralympijsk\u00fdch her v Mil\u00e1n\u011b. V sobotu 7. b\u0159ezna v 10:05 padne v Santagiulia aren\u011b zahajovac\u00ed buly cel\u00e9ho turnaje, paralympi\u00e1du otev\u0159e duel \u010ceska s Japonskem. Asistent kapit\u00e1na, d\u016frazn\u00fd \u00fato\u010dn\u00edk <strong>V\u00e1clav He\u010dko<\/strong> si mysl\u00ed, \u017ee k zisku vysn\u011bn\u00e9 medaile povede hodn\u011b n\u00e1ro\u010dn\u00e1 cesta, ale z\u00e1rove\u0148 \u0159\u00edk\u00e1: &#8220;Nic nen\u00ed nemo\u017en\u00e9!&#8221;<\/p>\n\n\n\n<p><strong>V\u00e1clave, jak\u00fd byl posledn\u00ed tr\u00e9nink p\u0159ed z\u00edt\u0159ej\u0161\u00edm ostr\u00fdm startem paralympi\u00e1dy?<\/strong><\/p>\n\n\n\n<p>Rozhodn\u011b lep\u0161\u00ed ne\u017e ten prvn\u00ed. Mysl\u00edm si, \u017ee se v pr\u016fb\u011bhu turnaje budeme po\u0159\u00e1d zlep\u0161ovat a zvykat si l\u00e9pe na led, kter\u00fd je dost rychl\u00fd. Puky docela l\u00edtaj\u00ed, tak\u017ee ten n\u00e1vyk bude n\u011bjakou dobu trvat a b\u011bhem prvn\u00edch dvou z\u00e1pas\u016f si to otestujeme nejl\u00edp.<\/p>\n\n\n\n<p><strong>Na \u00favod v\u00e1s \u010dek\u00e1 Japonsko, jak\u00fd p\u0159edpokl\u00e1d\u00e1te z\u00e1pas?<\/strong><\/p>\n\n\n\n<p>Ur\u010dit\u011b to nebude jednoduch\u00e9, proto\u017ee Japonci jsou urputn\u00ed a daj\u00ed do toho v\u00edc ne\u017e v p\u0159\u00edpravn\u00fdch z\u00e1pasech. Nebude to tedy jednoduch\u00e9, ale snad z\u00e1pas dostaneme pod kontrolu a dovedeme do zd\u00e1rn\u00e9ho konce.<\/p>\n\n\n\n<p><strong>Je to sice u\u017e d\u00e1vno, ale \u017ee nen\u00ed radno nikoho podce\u0148ovat uk\u00e1zali pr\u00e1v\u011b Japonci v roce 2010 ve Vancouveru, kde porazili dom\u00e1c\u00ed Kanadu v semifin\u00e1le a nakonec z\u00edskali st\u0159\u00edbro.<\/strong><\/p>\n\n\n\n<p>To si mysl\u00edm, \u017ee nen\u00ed pravd\u011bpodobn\u00e9. Na n\u011bco takov\u00e9ho by te\u010f byl asi hodn\u011b vysok\u00fd kurz (\u00fasm\u011bv).<\/p>\n\n\n\n<p><strong>\u010cesk\u00fd t\u00fdm se netaj\u00ed ambic\u00ed z\u00edskat medaili. Jak n\u00e1ro\u010dn\u00e1 cesta k n\u00ed bude, co by mohlo b\u00fdt nejv\u011bt\u0161\u00ed p\u0159ek\u00e1\u017ekou?<\/strong><\/p>\n\n\n\n<p>Asi to bude jedna z nejt\u011b\u017e\u0161\u00edch cest za cel\u00e9 \u010dty\u0159i roky. Nejv\u00edc se zam\u011b\u0159ujeme na \u010c\u00ednu, se kterou se v\u017edy p\u0159etahujeme, z\u00e1pasy b\u00fdvaj\u00ed o jeden dva g\u00f3ly. Jeden z pravd\u011bpodobn\u00fdch sc\u00e9n\u00e1\u0159\u016f je, \u017ee se zase potk\u00e1me v z\u00e1pase o bronz, ale zkus\u00edme se samoz\u0159ejm\u011b p\u0159ipravit i na Kanadu ve skupin\u011b nebo Ameri\u010dany v semifin\u00e1le. Nic nen\u00ed nemo\u017en\u00e9.<\/p>\n\n\n\n<p><strong>T\u011b\u0161\u00edte se na atmosf\u00e9ru? M\u00e1te n\u011bjak\u00e9 zpr\u00e1vy od fanou\u0161k\u016f z \u010ceska?<\/strong><\/p>\n\n\n\n<p>Ur\u010dit\u011b! J\u00e1 si mysl\u00edm, \u017ee bude spousta vlajek v hledi\u0161ti, lidi se na to t\u011b\u0161\u00ed. I doma u televiz\u00ed v\u011b\u0159\u00edm, \u017ee n\u00e1s bude sledovat v\u00edc a v\u00edc lid\u00ed.<\/p>\n\n\n\n<p><\/p>\n\n\n\n<p><\/p>\n","protected":false},"excerpt":{"rendered":"<p>N\u00e1rodn\u00ed t\u00fdm para hokeje m\u00e1 za sebou posledn\u00ed tr\u00e9nink p\u0159ed \u00favodn\u00edm z\u00e1pasem paralympijsk\u00fdch her v Mil\u00e1n\u011b. V sobotu 7. b\u0159ezna v 10:05 padne v Santagiulia aren\u011b zahajovac\u00ed buly cel\u00e9ho turnaje, paralympi\u00e1du otev\u0159e duel \u010ceska s Japonskem. Asistent kapit\u00e1na, d\u016frazn\u00fd \u00fato\u010dn\u00edk V\u00e1clav He\u010dko si mysl\u00ed, \u017ee k zisku vysn\u011bn\u00e9 medaile povede hodn\u011b n\u00e1ro\u010dn\u00e1 cesta, ale z\u00e1rove\u0148 [&hellip;]<\/p>\n","protected":false},"author":7,"featured_media":25684,"comment_status":"closed","ping_status":"closed","sticky":false,"template":"","format":"standard","meta":{"_acf_changed":false,"inline_featured_image":false,"footnotes":""},"categories":[111],"tags":[],"class_list":["post-25683","post","type-post","status-publish","format-standard","has-post-thumbnail","hentry","category-milano-2026"],"acf":[],"_links":{"self":[{"href":"https:\/\/parahockey.cz\/en\/wp-json\/wp\/v2\/posts\/25683","targetHints":{"allow":["GET"]}}],"collection":[{"href":"https:\/\/parahockey.cz\/en\/wp-json\/wp\/v2\/posts"}],"about":[{"href":"https:\/\/parahockey.cz\/en\/wp-json\/wp\/v2\/types\/post"}],"author":[{"embeddable":true,"href":"https:\/\/parahockey.cz\/en\/wp-json\/wp\/v2\/users\/7"}],"replies":[{"embeddable":true,"href":"https:\/\/parahockey.cz\/en\/wp-json\/wp\/v2\/comments?post=25683"}],"version-history":[{"count":4,"href":"https:\/\/parahockey.cz\/en\/wp-json\/wp\/v2\/posts\/25683\/revisions"}],"predecessor-version":[{"id":25689,"href":"https:\/\/parahockey.cz\/en\/wp-json\/wp\/v2\/posts\/25683\/revisions\/25689"}],"wp:featuredmedia":[{"embeddable":true,"href":"https:\/\/parahockey.cz\/en\/wp-json\/wp\/v2\/media\/25684"}],"wp:attachment":[{"href":"https:\/\/parahockey.cz\/en\/wp-json\/wp\/v2\/media?parent=25683"}],"wp:term":[{"taxonomy":"category","embeddable":true,"href":"https:\/\/parahockey.cz\/en\/wp-json\/wp\/v2\/categories?post=25683"},{"taxonomy":"post_tag","embeddable":true,"href":"https:\/\/parahockey.cz\/en\/wp-json\/wp\/v2\/tags?post=25683"}],"curies":[{"name":"wp","href":"https:\/\/api.w.org\/{rel}","templated":true}]}}