{"id":25705,"date":"2026-03-06T23:19:31","date_gmt":"2026-03-06T22:19:31","guid":{"rendered":"https:\/\/parahockey.cz\/?p=25705"},"modified":"2026-03-07T08:23:55","modified_gmt":"2026-03-07T07:23:55","slug":"zacaly-zimni-paralympijske-hry-milano-cortina-2026-para-hokejiste-zahaji-turnaj-zapasem-proti-japonsku","status":"publish","type":"post","link":"https:\/\/parahockey.cz\/en\/repre\/milano-2026\/zacaly-zimni-paralympijske-hry-milano-cortina-2026-para-hokejiste-zahaji-turnaj-zapasem-proti-japonsku\/","title":{"rendered":"Za\u010daly Zimn\u00ed paralympijsk\u00e9 hry Milano Cortina 2026! Para hokejist\u00e9 zah\u00e1j\u00ed turnaj z\u00e1pasem proti Japonsku"},"content":{"rendered":"\n<p>Ve Veron\u011b byly v p\u00e1tek 6. b\u0159ezna ve\u010der zah\u00e1jeny XIV. zimn\u00ed paralympijsk\u00e9 hry. \u010cesk\u00e1 republika se pop\u00e1t\u00e9 v \u0159ad\u011b kvalifikovala na para hokejov\u00fd turnaj, kter\u00fd bude zah\u00e1jen v Mil\u00e1n\u011b v sobotu 7. b\u0159ezna v 10:05 hodin utk\u00e1n\u00edm \u010cesko &#8211; Japonsko. P\u0159\u00edm\u00fd p\u0159enos ze Santagiulia Areny sledujte na programu \u010cT 2.<\/p>\n\n\n\n<p>Japonsk\u00fd para hokejov\u00fd t\u00fdm se na paralympijsk\u00e9 hry vrac\u00ed po osmi letech a zap\u00ed\u0161e si historicky \u0161estou \u00fa\u010dast. Ve Vancouveru 2010 Japonsko senza\u010dn\u011b z\u00edskalo st\u0159\u00edbrn\u00e9 medaile, kdy\u017e v semifin\u00e1le porazilo dom\u00e1c\u00ed Kanadu a nesta\u010dilo a\u017e ve fin\u00e1le na Spojen\u00e9 st\u00e1ty americk\u00e9, kter\u00e9 zapo\u010daly dosud nep\u0159eru\u0161enou zlatou \u00e9ru. Na stejn\u00fdch hr\u00e1ch Japonsko porazilo 2:1 i debutuj\u00edc\u00ed \u010ceskou republiku, druh\u00fd vz\u00e1jemn\u00fd z\u00e1pas v Pchjong\u010dchangu 2018 vyhr\u00e1li \u010ce\u0161i 3:0.<\/p>\n\n\n\n<p>V sou\u010dasnosti Japonsko balancuje na hran\u011b mezi osmi\u010dlennou elitn\u00ed skupinou a diviz\u00ed B. Reprezentace zem\u011b vych\u00e1zej\u00edc\u00edho Slunce se kvalifikovala do Mil\u00e1na spole\u010dn\u011b se Slovenskem na kvalifika\u010dn\u00edm turnaji v norsk\u00e9m Jessheimu v listopadu lo\u0148sk\u00e9ho roku. Japonci sice na \u00favod prohr\u00e1li 1:2 s Koreou, ale pot\u00e9 zah\u00e1jili v\u00edt\u011bzn\u00e9 ta\u017een\u00ed, p\u0159i kter\u00e9m porazili i Slovensko 3:2 a v rozhoduj\u00edc\u00edm utk\u00e1n\u00ed Norsko vysoko 8:2.<\/p>\n\n\n\n<p>Pr\u00e1vo startovat v kvalifika\u010dn\u00edm turnaji si Japonsko vybojovalo v z\u00e1\u0159\u00ed 2025 na mistrovstv\u00ed sv\u011bta skupiny B v Kazachst\u00e1nu, kde skon\u010dilo druh\u00e9 za It\u00e1li\u00ed. Pr\u00e1v\u011b na po\u0159adatelskou zemi paralympijsk\u00fdch her jako na jedinou Japonci nesta\u010dili a prohr\u00e1li 2:4.<\/p>\n\n\n\n<p>Ofenzivn\u00edmi l\u00eddry ostrovn\u00edho st\u00e1tu jsou <strong>Shosei Ukai<\/strong> a <strong>Itsuki Ito<\/strong>, kte\u0159\u00ed se um\u00edstili na p\u0159edn\u00edch p\u0159\u00ed\u010dk\u00e1ch kanadsk\u00e9ho bodov\u00e1n\u00ed jak na MS skupiny B, tak v paralympijsk\u00e9 kvalifikaci. Japonsko bude v Mil\u00e1n\u011b reprezentovat tak\u00e9 \u017eena, historicky teprve \u010dtvrtou para hokejistkou na vrcholn\u00e9m turnaji se stane <strong>Akari Funikishi<\/strong>(ov\u00e1). T\u00fdm kou\u010duje legend\u00e1rn\u00ed tren\u00e9r Kojin Nakakita, kter\u00fd byl u\u017e u z\u00e1zra\u010dn\u00e9ho zisku st\u0159\u00edbrn\u00fdch medail\u00ed v roce 2010. Tehdy k tomu \u0159ekl: <em>&#8220;Kanada by n\u00e1s z 1000 z\u00e1pas\u016f porazila 999 kr\u00e1t. Ale ne tentokr\u00e1t.&#8221;<\/em> Na soupisce jsou i t\u0159i pam\u011btn\u00edci historick\u00e9ho \u00fasp\u011bchu &#8211; hr\u00e1\u010di: Mamoru Yoshikawa, Satoru Sudo a Eiji Misawa.<\/p>\n\n\n\n<p><strong>Nominace Japonska:<\/strong><\/p>\n\n\n\n<p>Brank\u00e1\u0159i: Wataru Horie, Manabu Okabe<\/p>\n\n\n\n<p>Obr\u00e1nci: Akari Fukunishiov\u00e1, Yudai Ishikawa, Masahiro Matsushita, Norihiko Nasu, Yoshihiro Shioya, Satoru Sudo<\/p>\n\n\n\n<p>\u00dato\u010dn\u00edci: Itsuki Ito, Mikio Kaneko, Yusei Kawahara, Masaharu Kumagai, Eiji Misawa, Amu Morisaki, Shunsuke Nakamura,  Kazuyoshi Niitsu, Shosei Ukai, Mamoru Yoshikawa<\/p>\n\n\n\n<p>Tren\u00e9\u0159i: Kojin Nakakita, Ryo Miyazaki, Goshi Kumagai<\/p>\n\n\n\n<p class=\"has-text-align-right\"><strong>Foto:<\/strong> Jan Mal\u00fd, \u010cesk\u00fd paralympijsk\u00fd v\u00fdbor<\/p>\n","protected":false},"excerpt":{"rendered":"<p>Ve Veron\u011b byly v p\u00e1tek 6. b\u0159ezna ve\u010der zah\u00e1jeny XIV. zimn\u00ed paralympijsk\u00e9 hry. \u010cesk\u00e1 republika se pop\u00e1t\u00e9 v \u0159ad\u011b kvalifikovala na para hokejov\u00fd turnaj, kter\u00fd bude zah\u00e1jen v Mil\u00e1n\u011b v sobotu 7. b\u0159ezna v 10:05 hodin utk\u00e1n\u00edm \u010cesko &#8211; Japonsko. P\u0159\u00edm\u00fd p\u0159enos ze Santagiulia Areny sledujte na programu \u010cT 2. Japonsk\u00fd para hokejov\u00fd t\u00fdm se [&hellip;]<\/p>\n","protected":false},"author":7,"featured_media":25706,"comment_status":"closed","ping_status":"closed","sticky":false,"template":"","format":"standard","meta":{"_acf_changed":false,"inline_featured_image":false,"footnotes":""},"categories":[111],"tags":[],"class_list":["post-25705","post","type-post","status-publish","format-standard","has-post-thumbnail","hentry","category-milano-2026"],"acf":[],"_links":{"self":[{"href":"https:\/\/parahockey.cz\/en\/wp-json\/wp\/v2\/posts\/25705","targetHints":{"allow":["GET"]}}],"collection":[{"href":"https:\/\/parahockey.cz\/en\/wp-json\/wp\/v2\/posts"}],"about":[{"href":"https:\/\/parahockey.cz\/en\/wp-json\/wp\/v2\/types\/post"}],"author":[{"embeddable":true,"href":"https:\/\/parahockey.cz\/en\/wp-json\/wp\/v2\/users\/7"}],"replies":[{"embeddable":true,"href":"https:\/\/parahockey.cz\/en\/wp-json\/wp\/v2\/comments?post=25705"}],"version-history":[{"count":2,"href":"https:\/\/parahockey.cz\/en\/wp-json\/wp\/v2\/posts\/25705\/revisions"}],"predecessor-version":[{"id":25711,"href":"https:\/\/parahockey.cz\/en\/wp-json\/wp\/v2\/posts\/25705\/revisions\/25711"}],"wp:featuredmedia":[{"embeddable":true,"href":"https:\/\/parahockey.cz\/en\/wp-json\/wp\/v2\/media\/25706"}],"wp:attachment":[{"href":"https:\/\/parahockey.cz\/en\/wp-json\/wp\/v2\/media?parent=25705"}],"wp:term":[{"taxonomy":"category","embeddable":true,"href":"https:\/\/parahockey.cz\/en\/wp-json\/wp\/v2\/categories?post=25705"},{"taxonomy":"post_tag","embeddable":true,"href":"https:\/\/parahockey.cz\/en\/wp-json\/wp\/v2\/tags?post=25705"}],"curies":[{"name":"wp","href":"https:\/\/api.w.org\/{rel}","templated":true}]}}