{"id":25712,"date":"2026-03-07T14:19:09","date_gmt":"2026-03-07T13:19:09","guid":{"rendered":"https:\/\/parahockey.cz\/?p=25712"},"modified":"2026-03-07T15:55:18","modified_gmt":"2026-03-07T14:55:18","slug":"cesko-japonsko-32-vyrazna-strelecka-prevaha-ale-tesny-vysledek-na-uvod","status":"publish","type":"post","link":"https:\/\/parahockey.cz\/en\/repre\/milano-2026\/cesko-japonsko-32-vyrazna-strelecka-prevaha-ale-tesny-vysledek-na-uvod\/","title":{"rendered":"\u010cesko &#8211; Japonsko 3:2. V\u00fdrazn\u00e1 st\u0159eleck\u00e1 p\u0159evaha a t\u011bsn\u00fd v\u00fdsledek na \u00favod"},"content":{"rendered":"\n<p>\u010cesk\u00fd para hokejov\u00fd t\u00fdm \u00fasp\u011b\u0161n\u011b vstoupil do zimn\u00edch paralympijsk\u00fdch her v Mil\u00e1n\u011b. Japonsko porazil v \u00favodn\u00edm z\u00e1pase turnaje t\u011bsn\u011b 3:2, i kdy\u017e m\u011bl extr\u00e9mn\u00ed st\u0159eleckou p\u0159evahu 30:4. V\u00edt\u011bzn\u00fd g\u00f3l vst\u0159elil den p\u0159ed sv\u00fdmi devaten\u00e1ct\u00fdmi narozeninami obr\u00e1nce Luk\u00e1\u0161 Kapko a to p\u0159i sv\u00e9m prvn\u00edm startu na paralympi\u00e1d\u011b. Druh\u00fd z\u00e1pas ve skupin\u011b \u010dek\u00e1 \u010cechy v pond\u011bl\u00ed, kdy nastoup\u00ed proti Slovensku.<\/p>\n\n\n\n<p>\u010ce\u0161i od po\u010d\u00e1tku uzamkli Japonce v obrann\u00e9m p\u00e1smu a tla\u010dili se za prvn\u00edm g\u00f3lem. \u00davodn\u00ed st\u0159eleck\u00fd pokus kapit\u00e1na Zelinky skon\u010dil na masce Watarua Horieho. Ve skv\u011bl\u00e9 pozici mezi kruhy se dvakr\u00e1t ocitl Kube\u0161, jen\u017ee m\u00ed\u0159il v obou p\u0159\u00edpadech mimo. Prvn\u00ed t\u0159etina svi\u017en\u011b plynula bez p\u0159eru\u0161en\u00ed hry, kter\u00e9 ne\u010dekan\u011b nastalo v \u010dase 6:14, kdy do rozhozen\u00e9 \u010desk\u00e9 obrany pronikl japonsk\u00fd proti\u00fatok a <strong>Kazuyoshi Niitsu<\/strong> z prvn\u00ed st\u0159ely na branku otev\u0159el sk\u00f3re. Sta\u010dilo mu jen nastavit hokejku do precizn\u00ed nahr\u00e1vky osamocen\u00e9ho Ukaie a Patrik Sedl\u00e1\u010dek v \u010desk\u00e9 brance byl bez \u0161ance.<\/p>\n\n\n\n<p>\u010cesk\u00fd t\u00fdm inkasovan\u00fd g\u00f3l nezasko\u010dil a d\u00e1l pokra\u010doval v aktivit\u011b. Kube\u0161 trefil p\u0159\u00edzemn\u00edm pokusem ty\u010d, ale Geier ve snaze o dor\u00e1\u017eku nezpracoval odra\u017een\u00fd kotou\u010d. Vyrovn\u00e1n\u00ed za\u0159\u00eddil <strong>Radek Zelinka<\/strong>, kter\u00fd na konci 9. minuty zbl\u00edzka dorazil H\u00e1blovu p\u0159ihr\u00e1vku. Za dal\u0161\u00ed dv\u011b minuty u\u017e \u010ce\u0161i vedli po n\u00e1dhern\u00e9 akci karlovarsk\u00fdch spoluhr\u00e1\u010d\u016f. Zelinka si v rohu odm\u00edtl obr\u00e1nce a <strong>Michal Geier<\/strong> um\u00edst\u011bnou st\u0159elou bez p\u0159\u00edpravy p\u0159ekonal Horieho. N\u00e1slednou p\u0159esilovku \u010desk\u00fd t\u00fdm nevyu\u017eil, i kdy\u017e si st\u0159elecky aktivn\u00ed Kube\u0161 p\u0159ipsal dal\u0161\u00ed nad\u011bjn\u00fd pokus.<\/p>\n\n\n\n<p>V prost\u0159edn\u00ed period\u011b m\u011bli \u010ce\u0161i brzy dal\u0161\u00ed p\u0159esilovou hru a vytvo\u0159ili si v n\u00ed minim\u00e1ln\u011b p\u011bt zaj\u00edmav\u00fdch p\u0159\u00edle\u017eitost\u00ed, jen\u017ee g\u00f3lman Horie puk udr\u017eel p\u0159ed brankovou \u010d\u00e1rou i po He\u010dkov\u011b akci, po kter\u00e9 hlavn\u00ed rozhod\u010d\u00ed dlouho bedliv\u011b sledoval pozici puku v brankovi\u0161ti. N\u00e1rodn\u00ed t\u00fdm pokra\u010doval i proti p\u011bti Japonc\u016fm v kombina\u010dn\u00ed h\u0159e, ale jedna poka\u017een\u00e1 rozehr\u00e1vka ve st\u0159edn\u00edm p\u00e1smu p\u0159inesla pohromu. Itsuki Ito zachytil odra\u017een\u00fd puk a od p\u016flky h\u0159i\u0161t\u011b postupoval s\u00e1m na Sedl\u00e1\u010dka, kter\u00e9ho p\u0159ekonal milimetrov\u011b p\u0159esnou st\u0159elou k ty\u010di &#8211; 2:2. Reagovat mohl okam\u017eit\u011b Vesel\u00fd, jeho\u017e st\u0159eleck\u00fd pokus projel po brankov\u00e9 \u010d\u00e1\u0159e. Po faulu na Zelinku dostali \u010ce\u0161i dal\u0161\u00ed v\u00fdhodu p\u0159esilovky. Japonsk\u00fd g\u00f3lman nejprve p\u0159eru\u0161il p\u0159ihr\u00e1vku Luk\u00e1\u0161 Kapka na voln\u00e9ho Geiera, ale opakovan\u00e9 st\u0159ele druh\u00e9ho nejmlad\u0161\u00edho \u010dlena \u010desk\u00e9ho t\u00fdmu u\u017e zabr\u00e1nit nemohl. 3:2 a nad\u011bjn\u00fd obr\u00e1nce z pra\u017esk\u00e9 Sparty mohl slavit jak sv\u016fj prvn\u00ed g\u00f3l p\u0159i sv\u00e9m prvn\u00edm startu na paralympi\u00e1d\u011b, tak sv\u00e9 z\u00edt\u0159ej\u0161\u00ed devaten\u00e1ct\u00e9 narozeniny.<\/p>\n\n\n\n<p>Zaj\u00edmav\u00fd moment p\u0159inesla 25. minuta. \u017di\u017elavsk\u00fd p\u0159edvedl par\u00e1dn\u00ed individu\u00e1ln\u00ed akci po lev\u00e9m k\u0159\u00eddle a\u017e do branky. Rozhod\u010d\u00ed zkoumal situaci na videu, g\u00f3l ale nepotvrdil a je\u0161t\u011b \u017di\u017elavsk\u00e9ho vylou\u010dil za br\u00e1n\u011bn\u00ed brank\u00e1\u0159i. \u010ce\u0161i si v\u0161ak v oslaben\u00ed vedli skv\u011ble a na v\u011bt\u0161inu \u010dasu se usadili v japonsk\u00e9m p\u00e1smu. A to i p\u0159i n\u00e1sledn\u00e9m trestu Kapka.<\/p>\n\n\n\n<p>Kdy\u017e n\u00e1rodn\u00ed t\u00fdm p\u0159est\u00e1l t\u0159et\u00ed oslaben\u00ed v \u0159ad\u011b za\u010d\u00e1tkem posledn\u00ed patn\u00e1ctiminutovky, p\u0159ipsal si Sedl\u00e1\u010dek jedin\u00fd v\u00e1\u017en\u00fd z\u00e1krok v z\u00e1pase proti Itov\u011b st\u0159ele p\u0159es obr\u00e1nce. Japonsko po cel\u00fd zbytek z\u00e1pasu dobrovoln\u011b br\u00e1nilo pouze ve \u010dty\u0159ech hr\u00e1\u010d\u00edch, zat\u00edmco Itsuki Ito \u010dekal ve st\u0159edn\u00edm p\u00e1smu na brejk. D\u00edky tomu nar\u016fstal po\u010det \u010desk\u00fdch st\u0159el na branku, ale do z\u00e1v\u011bre\u010dn\u00e9 sir\u00e9ny se u\u017e \u017e\u00e1dn\u00e1 neujala. \u010cesko porazilo v \u00favodn\u00edm z\u00e1pase Japonsko 3:2 p\u0159i v\u00fdrazn\u00e9 st\u0159eleck\u00e9 p\u0159evaze 30:4.<\/p>\n\n\n\n<p><strong>Jakub Novotn\u00fd<\/strong> (hlavn\u00ed tren\u00e9r): &#8220;Spadl mi k\u00e1men ze srdce, i kdy\u017e jsem v\u011b\u0159il, \u017ee z\u00e1pas dot\u00e1hneme do v\u00edt\u011bzn\u00e9ho konce, a\u0165 bude pr\u016fb\u011bh jak\u00fdkoliv. M\u011bli jsme n\u011bjak\u00e1 o\u010dek\u00e1v\u00e1n\u00ed na z\u00e1klad\u011b p\u0159\u00edpravn\u00e9ho turnaje v Tur\u00edn\u011b, tak\u017ee n\u00e1s situace trochu znejist\u011bla. Hodn\u011b jsme cht\u011bli d\u00e1t g\u00f3l a nedok\u00e1zali jsme zakon\u010dovat s chladnou hlavou. M\u00e1me ale t\u0159i body a nebudeme se ohl\u00ed\u017eet. Je to pro n\u00e1s pou\u010den\u00ed, \u017ee z\u00e1pasy n\u011bkdy nejdou podle p\u0159edstav. Japonsko m\u011blo \u0161ikovn\u011bj\u0161\u00ed hr\u00e1\u010de ne\u017e p\u0159ed paralympi\u00e1dou v Tur\u00edn\u011b, bylo daleko p\u0159ipraven\u011bj\u0161\u00ed. My si z tohoto z\u00e1pasu vezmeme dobr\u00fd pohyb, ur\u010dit\u011b mus\u00edme zlep\u0161it p\u0159ihr\u00e1vky a kdy\u017e m\u00e1me p\u0159ed sebou obrann\u00fd blok, tak se nesna\u017eit kombinovat a\u017e do kuchyn\u011b.&#8221;<\/p>\n\n\n\n<p><strong>\u010cesko &#8211; Japonsko 3:2 (2:1, 1:1, 0:0)<\/strong><\/p>\n\n\n\n<p>Branky: 9. Zelinka (H\u00e1bl), 12. Geier (Zelinka, Vesel\u00fd), 24. Kapko (Geier) &#8211; 7. Niitsu (Ukai, Ito), 21. Ito (Matsushita). Vylou\u010den\u00ed: 4:5. Vyu\u017eit\u00ed: 1:0. Rozhod\u010d\u00ed: Bobby Esposito &#8211; Dylan Dauphinee, Tibor Fazekas. Div\u00e1ci: 2083.<\/p>\n\n\n\n<p><strong>\u010cesko:<\/strong> Sedl\u00e1\u010dek &#8211; Zelinka, Dole\u017eal, Kube\u0161, Kapko &#8211; Vesel\u00fd, He\u010dko, \u017di\u017elavsk\u00fd &#8211; H\u00e1bl, Geier, Ohar.<\/p>\n\n\n\n<p><strong>Japonsko:<\/strong> Horie &#8211; Ishikawa, Sudo, Matshushita &#8211; Ito, Ukai, Kumagai &#8211; Niitsu, Morisaki, Misawa &#8211; Kawahara.<\/p>\n\n\n\n<p class=\"has-text-align-right\"><strong>Foto:<\/strong> Jan Mal\u00fd, \u010cesk\u00fd paralympijsk\u00fd v\u00fdbor<\/p>\n\n\n\n<p><\/p>\n","protected":false},"excerpt":{"rendered":"<p>\u010cesk\u00fd para hokejov\u00fd t\u00fdm \u00fasp\u011b\u0161n\u011b vstoupil do zimn\u00edch paralympijsk\u00fdch her v Mil\u00e1n\u011b. Japonsko porazil v \u00favodn\u00edm z\u00e1pase turnaje t\u011bsn\u011b 3:2, i kdy\u017e m\u011bl extr\u00e9mn\u00ed st\u0159eleckou p\u0159evahu 30:4. V\u00edt\u011bzn\u00fd g\u00f3l vst\u0159elil den p\u0159ed sv\u00fdmi devaten\u00e1ct\u00fdmi narozeninami obr\u00e1nce Luk\u00e1\u0161 Kapko a to p\u0159i sv\u00e9m prvn\u00edm startu na paralympi\u00e1d\u011b. Druh\u00fd z\u00e1pas ve skupin\u011b \u010dek\u00e1 \u010cechy v pond\u011bl\u00ed, kdy [&hellip;]<\/p>\n","protected":false},"author":7,"featured_media":25715,"comment_status":"closed","ping_status":"closed","sticky":false,"template":"","format":"standard","meta":{"_acf_changed":false,"inline_featured_image":false,"footnotes":""},"categories":[111],"tags":[],"class_list":["post-25712","post","type-post","status-publish","format-standard","has-post-thumbnail","hentry","category-milano-2026"],"acf":[],"_links":{"self":[{"href":"https:\/\/parahockey.cz\/en\/wp-json\/wp\/v2\/posts\/25712","targetHints":{"allow":["GET"]}}],"collection":[{"href":"https:\/\/parahockey.cz\/en\/wp-json\/wp\/v2\/posts"}],"about":[{"href":"https:\/\/parahockey.cz\/en\/wp-json\/wp\/v2\/types\/post"}],"author":[{"embeddable":true,"href":"https:\/\/parahockey.cz\/en\/wp-json\/wp\/v2\/users\/7"}],"replies":[{"embeddable":true,"href":"https:\/\/parahockey.cz\/en\/wp-json\/wp\/v2\/comments?post=25712"}],"version-history":[{"count":4,"href":"https:\/\/parahockey.cz\/en\/wp-json\/wp\/v2\/posts\/25712\/revisions"}],"predecessor-version":[{"id":25719,"href":"https:\/\/parahockey.cz\/en\/wp-json\/wp\/v2\/posts\/25712\/revisions\/25719"}],"wp:featuredmedia":[{"embeddable":true,"href":"https:\/\/parahockey.cz\/en\/wp-json\/wp\/v2\/media\/25715"}],"wp:attachment":[{"href":"https:\/\/parahockey.cz\/en\/wp-json\/wp\/v2\/media?parent=25712"}],"wp:term":[{"taxonomy":"category","embeddable":true,"href":"https:\/\/parahockey.cz\/en\/wp-json\/wp\/v2\/categories?post=25712"},{"taxonomy":"post_tag","embeddable":true,"href":"https:\/\/parahockey.cz\/en\/wp-json\/wp\/v2\/tags?post=25712"}],"curies":[{"name":"wp","href":"https:\/\/api.w.org\/{rel}","templated":true}]}}