{"id":25721,"date":"2026-03-07T16:26:08","date_gmt":"2026-03-07T15:26:08","guid":{"rendered":"https:\/\/parahockey.cz\/?p=25721"},"modified":"2026-03-07T16:30:09","modified_gmt":"2026-03-07T15:30:09","slug":"lukas-kapko","status":"publish","type":"post","link":"https:\/\/parahockey.cz\/en\/repre\/milano-2026\/lukas-kapko\/","title":{"rendered":"Luk\u00e1\u0161 Kapko: G\u00f3l jsem hodn\u011b oslavil, ale tr\u00e1pila n\u00e1s efektivita"},"content":{"rendered":"\n<p>\u00davodn\u00ed utk\u00e1n\u00ed \u010desk\u00e9ho t\u00fdmu a cel\u00e9 paralympi\u00e1dy v Mil\u00e1n\u011b p\u0159ineslo velk\u00fd p\u0159\u00edb\u011bh <strong>Luk\u00e1\u0161e Kapka<\/strong>. Osmn\u00e1ctilet\u00fd obr\u00e1nce byl nejmlad\u0161\u00edm \u010dlenem z\u00e1pasov\u00e9 sestavy, nastoupil poprv\u00e9 v kari\u00e9\u0159e do paralympijsk\u00e9ho duelu a vst\u0159elil v\u00edt\u011bzn\u00fd g\u00f3l. To v\u0161e jen jeden den p\u0159ed sv\u00fdmi devaten\u00e1ct\u00fdmi narozeninami. &#8220;Puk jsem si vzal, i kdy\u017e ho rozhod\u010d\u00ed hledal,&#8221; \u0159ekl s \u00fasm\u011bvem po z\u00e1pase.<\/p>\n\n\n\n<p>\u010ce\u0161i p\u0159est\u0159\u00edleli Japonce 30:4, ale na sk\u00f3re se p\u0159evaha neprojevila. O to d\u016fle\u017eit\u011bj\u0161\u00ed byla trefa Luk\u00e1\u0161e Kapka ze 24. minuty, kter\u00e1 nakonec znamenala \u00falevn\u00e9 t\u0159i body do tabulky skupiny B. <em>&#8220;Jsem r\u00e1d, \u017ee jsem dal sv\u016fj prvn\u00ed g\u00f3l ve sv\u00e9m prvn\u00edm z\u00e1pase na paralympi\u00e1d\u011b. Hodn\u011b jsem to oslavil. Ale z\u00e1rove\u0148 m\u00e1m trochu sm\u00ed\u0161en\u00e9 pocity, proto\u017ee n\u00e1s tr\u00e1pila efektivita st\u0159elby. Budeme muset na tom zapracovat, proto\u017ee a\u017e p\u0159ijdou velk\u00e9 t\u00fdmy, tak nebudeme m\u00edt tolik \u0161anc\u00ed a budeme muset prom\u011b\u0148ovat skoro ka\u017edou st\u0159elu, kterou budeme m\u00edt,&#8221;<\/em> p\u0159iznal nad\u011bjn\u00fd obr\u00e1nce po t\u011bsn\u00e9 v\u00fdh\u0159e. <em>&#8220;Hned jsem si schoval puk. Rozhod\u010d\u00ed ho hned hledali, ale j\u00e1 jsem d\u011blal, \u017ee ho nem\u00e1m, tak\u017ee ho m\u00e1m na taj\u0148\u00e1ka,&#8221;<\/em> sm\u00e1l se Luk\u00e1\u0161 Kapko tomu, \u017ee rozhod\u010d\u00ed nem\u011bli pro tradi\u010dn\u00ed hokejov\u00fd zvyk p\u0159\u00edli\u0161 pochopen\u00ed.<\/p>\n\n\n\n<p>Japonsko praktikovalo jasnou obrannou taktiku s nebezpe\u010dn\u00fdmi \u017eihadly p\u0159ipraven\u00fdmi kdykoliv vyrazit do brejku. P\u0159edev\u0161\u00edm Itsuki Ito neust\u00e1le \u010dekal za obranou na dlouhou p\u0159ihr\u00e1vku a \u010de\u0161t\u00ed beci mu museli v\u011bnovat zv\u00fd\u0161enou pozornost. <em>&#8220;U Ita jsme v\u011bd\u011bli, \u017ee je jejich rozd\u00edlov\u00fd hr\u00e1\u010d. Bylo vid\u011bt, \u017ee je z jejich t\u00fdmu nejlep\u0161\u00ed. Od tren\u00e9r\u016f jsme dostali rady jak ho br\u00e1nit. Na led\u011b jsem se sna\u017eil nic mu nedarovat, nenechat ho projet,&#8221;<\/em> popsal svoji pr\u00e1ci v zadn\u00edch \u0159ad\u00e1ch, kter\u00e1 vy\u00fastila i v jeden men\u0161\u00ed trest pr\u00e1v\u011b po st\u0159etu s nejnebezpe\u010dn\u011bj\u0161\u00edm japonsk\u00fdm \u00fato\u010dn\u00edkem.<\/p>\n\n\n\n<p>Do Santagiulia areny si na\u0161ly cestu dv\u011b tis\u00edcovky fanou\u0161k\u016f. Podpora v hledi\u0161ti byla rozd\u011blen\u00e1 p\u0159ibli\u017en\u011b nap\u016fl, ale \u010de\u0161t\u00ed fanou\u0161ci byli \u010dast\u011bji sly\u0161et. <em>&#8220;Fanou\u0161ky jsem vn\u00edmal a bylo to kr\u00e1sn\u00e9 sly\u0161et &#8220;\u010ce\u0161i do toho&#8221; nebo r\u016fzn\u00e9 pok\u0159iky, kter\u00e9 zn\u00e1me t\u0159eba z IPH Cupu v Ostrav\u011b nebo z mistrovstv\u00ed sv\u011bta. Bylo to super, proto\u017ee na posledn\u00edm velk\u00e9m turnaji bylo tak p\u011bt lid\u00ed a te\u010f bylo hledi\u0161t\u011b kr\u00e1sn\u011b pln\u00e9. T\u011b\u0161\u00ed m\u011b, \u017ee si lid\u00e9 ud\u011blali v\u00fdlet sem do Mil\u00e1na a douf\u00e1m, \u017ee jim pod\u011bkujeme n\u011bjak\u00fdm p\u011bkn\u00fdm v\u00fdsledkem,&#8221;<\/em> pochv\u00e1lil atmosf\u00e9ru na tribun\u00e1ch Luk\u00e1\u0161 Kapko.<\/p>\n\n\n\n<p class=\"has-text-align-right\"><strong>Foto: <\/strong>Jan Mal\u00fd, \u010cesk\u00fd paralympijsk\u00fd v\u00fdbor<\/p>\n","protected":false},"excerpt":{"rendered":"<p>\u00davodn\u00ed utk\u00e1n\u00ed \u010desk\u00e9ho t\u00fdmu a cel\u00e9 paralympi\u00e1dy v Mil\u00e1n\u011b p\u0159ineslo velk\u00fd p\u0159\u00edb\u011bh Luk\u00e1\u0161e Kapka. Osmn\u00e1ctilet\u00fd obr\u00e1nce byl nejmlad\u0161\u00edm \u010dlenem z\u00e1pasov\u00e9 sestavy, nastoupil poprv\u00e9 v kari\u00e9\u0159e do paralympijsk\u00e9ho duelu a vst\u0159elil v\u00edt\u011bzn\u00fd g\u00f3l. To v\u0161e jen jeden den p\u0159ed sv\u00fdmi devaten\u00e1ct\u00fdmi narozeninami. &#8220;Puk jsem si vzal, i kdy\u017e ho rozhod\u010d\u00ed hledal,&#8221; \u0159ekl s \u00fasm\u011bvem po z\u00e1pase. [&hellip;]<\/p>\n","protected":false},"author":7,"featured_media":25724,"comment_status":"closed","ping_status":"closed","sticky":false,"template":"","format":"standard","meta":{"_acf_changed":false,"inline_featured_image":false,"footnotes":""},"categories":[111],"tags":[],"class_list":["post-25721","post","type-post","status-publish","format-standard","has-post-thumbnail","hentry","category-milano-2026"],"acf":[],"_links":{"self":[{"href":"https:\/\/parahockey.cz\/en\/wp-json\/wp\/v2\/posts\/25721","targetHints":{"allow":["GET"]}}],"collection":[{"href":"https:\/\/parahockey.cz\/en\/wp-json\/wp\/v2\/posts"}],"about":[{"href":"https:\/\/parahockey.cz\/en\/wp-json\/wp\/v2\/types\/post"}],"author":[{"embeddable":true,"href":"https:\/\/parahockey.cz\/en\/wp-json\/wp\/v2\/users\/7"}],"replies":[{"embeddable":true,"href":"https:\/\/parahockey.cz\/en\/wp-json\/wp\/v2\/comments?post=25721"}],"version-history":[{"count":3,"href":"https:\/\/parahockey.cz\/en\/wp-json\/wp\/v2\/posts\/25721\/revisions"}],"predecessor-version":[{"id":25726,"href":"https:\/\/parahockey.cz\/en\/wp-json\/wp\/v2\/posts\/25721\/revisions\/25726"}],"wp:featuredmedia":[{"embeddable":true,"href":"https:\/\/parahockey.cz\/en\/wp-json\/wp\/v2\/media\/25724"}],"wp:attachment":[{"href":"https:\/\/parahockey.cz\/en\/wp-json\/wp\/v2\/media?parent=25721"}],"wp:term":[{"taxonomy":"category","embeddable":true,"href":"https:\/\/parahockey.cz\/en\/wp-json\/wp\/v2\/categories?post=25721"},{"taxonomy":"post_tag","embeddable":true,"href":"https:\/\/parahockey.cz\/en\/wp-json\/wp\/v2\/tags?post=25721"}],"curies":[{"name":"wp","href":"https:\/\/api.w.org\/{rel}","templated":true}]}}