{"id":25890,"date":"2026-05-01T11:00:00","date_gmt":"2026-05-01T09:00:00","guid":{"rendered":"https:\/\/parahockey.cz\/?p=25890"},"modified":"2026-05-01T11:28:36","modified_gmt":"2026-05-01T09:28:36","slug":"ostrava-bude-hostit-mistrovstvi-sveta-v-para-hokeji-2027","status":"publish","type":"post","link":"https:\/\/parahockey.cz\/en\/aktuality\/ostrava-bude-hostit-mistrovstvi-sveta-v-para-hokeji-2027\/","title":{"rendered":"Ostrava bude hostit Mistrovstv\u00ed sv\u011bta v para hokeji 2027!"},"content":{"rendered":"\n<p>Ostrava bude v roce 2027 hostit mistrovstv\u00ed sv\u011bta v para hokeji skupiny A. Presti\u017en\u00ed turnaj se v \u010cesk\u00e9 republice uskute\u010dn\u00ed u\u017e po\u010dtvrt\u00e9 v historii a odehraje se v term\u00ednu 1. \u2013 8. kv\u011btna 2027 v OSTRAVAR AR\u00c9N\u011a.<\/p>\n\n\n\n<p>Na \u0161ampion\u00e1tu se p\u0159edstav\u00ed v\u0161ech osm t\u00fdm\u016f, kter\u00e9 startovaly na zimn\u00edch paralympijsk\u00fdch hr\u00e1ch 2026. O titul mistra sv\u011bta se utkaj\u00ed Spojen\u00e9 st\u00e1ty americk\u00e9, Kanada, \u010cesk\u00e1 republika, \u010c\u00edna, N\u011bmecko, Slovensko, It\u00e1lie a Japonsko.<\/p>\n\n\n\n<p>Titul z posledn\u00edho mistrovstv\u00ed sv\u011bta v roce 2025 budou obhajovat Spojen\u00e9 st\u00e1ty, kter\u00e9 maj\u00ed v Ostrav\u011b mimo\u0159\u00e1dn\u011b \u00fasp\u011b\u0161nou historii &#8211; vyhr\u00e1ly v\u0161echny t\u0159i dosavadn\u00ed zdej\u0161\u00ed \u0161ampion\u00e1ty (2009, 2019 a 2021). Po\u0159\u00e1daj\u00edc\u00ed \u010cesko se um\u00edstilo na posledn\u00edch t\u0159ech mistrovstv\u00edch na bronzov\u00e9 p\u0159\u00ed\u010dce, co\u017e je\u0161t\u011b zvy\u0161uje o\u010dek\u00e1v\u00e1n\u00ed p\u0159ed dom\u00e1c\u00edm turnajem.<\/p>\n\n\n\n<p><strong>Ostrava jako tradi\u010dn\u00ed centrum para hokeje<\/strong><\/p>\n\n\n\n<p>Ostrava m\u00e1 v para hokeji mimo\u0159\u00e1dn\u00e9 postaven\u00ed. Pr\u00e1v\u011b zde se v roce 2019 odehr\u00e1l div\u00e1cky dosud nej\u00fasp\u011b\u0161n\u011bj\u0161\u00ed sv\u011btov\u00fd \u0161ampion\u00e1t, kter\u00fd nav\u0161t\u00edvilo 64 748 fanou\u0161k\u016f.<\/p>\n\n\n\n<p><em>\u201eVelmi m\u00e1lo m\u00edst m\u016f\u017ee \u0159\u00edct, \u017ee je domovem para hokeje tak jako Ostrava. Jsme opravdu r\u00e1di, \u017ee se do m\u011bsta vrac\u00ed mistrovstv\u00ed sv\u011bta. \u010cesk\u00fd t\u00fdm skon\u010dil t\u0159ikr\u00e1t po sob\u011b na stupn\u00edch v\u00edt\u011bz\u016f, tak\u017ee o\u010dek\u00e1v\u00e1me je\u0161t\u011b siln\u011bj\u0161\u00ed atmosf\u00e9ru ne\u017e v minulosti,\u201c<\/em> uvedla <strong>Michelle Laflamme<\/strong>, senior mana\u017eerka World Para Ice Hockey. <em>\u201ePara hokej zaznamenal b\u011bhem posledn\u00edch paralympijsk\u00fdch her rekordn\u00ed div\u00e1ck\u00e9 \u010d\u00edslo na z\u00e1pas. T\u011b\u0161\u00edme se na dal\u0161\u00ed r\u016fst, nov\u00e9 fanou\u0161ky i partnery a na roz\u0161\u00ed\u0159en\u00ed pov\u011bdom\u00ed o sportu do dal\u0161\u00edch region\u016f,\u201c<\/em> dodala.<\/p>\n\n\n\n<p><strong>Pl\u00e1ny organiza\u010dn\u00edho v\u00fdboru<\/strong><\/p>\n\n\n\n<p>Organiza\u010dn\u00ed v\u00fdbor v Ostrav\u011b navazuje na \u00fasp\u011b\u0161nou tradici p\u0159edchoz\u00edch \u0161ampion\u00e1t\u016f a krom\u011b sportovn\u00ed \u010d\u00e1sti p\u0159ipravuje i bohat\u00fd doprovodn\u00fd program.<\/p>\n\n\n\n<p><em>\u201eT\u011b\u0161\u00edme se na organizaci dal\u0161\u00edho mistrovstv\u00ed sv\u011bta a pokra\u010dov\u00e1n\u00ed odkazu p\u0159edchoz\u00edch turnaj\u016f v Ostrav\u011b, zejm\u00e9na mimo\u0159\u00e1dn\u011b \u00fasp\u011b\u0161n\u00e9ho \u0161ampion\u00e1tu v roce 2019. Ro\u010dn\u00edk 2027 nab\u00eddne nejen \u0161pi\u010dkov\u00fd sport, ale tak\u00e9 doprovodn\u00e9 programy pro ve\u0159ejnost, vzd\u011bl\u00e1vac\u00ed aktivity pro \u0161koly a fan z\u00f3nu plnou z\u00e1bavy. Pro fanou\u0161ky budou p\u0159ipraveny i cestovn\u00ed bal\u00ed\u010dky v\u010detn\u011b n\u00e1v\u0161t\u011bv zaj\u00edmav\u00fdch m\u00edst po cel\u00e9 \u010cesk\u00e9 republice,\u201c<\/em> uvedl <strong>Ji\u0159\u00ed \u0160indler<\/strong> za organiza\u010dn\u00ed v\u00fdbor Ostrava 2027.<\/p>\n\n\n\n<p><strong>Ostrava \u2013 m\u011bsto sportu a velk\u00fdch akc\u00ed<\/strong><\/p>\n\n\n\n<p>Ostrava, t\u0159et\u00ed nejv\u011bt\u0161\u00ed m\u011bsto \u010cesk\u00e9 republiky s t\u00e9m\u011b\u0159 300 tis\u00edci obyvateli, se z b\u00fdval\u00e9ho pr\u016fmyslov\u00e9ho centra prom\u011bnila v d\u016fle\u017eit\u00e9 sportovn\u00ed a kulturn\u00ed centrum.<\/p>\n\n\n\n<p>OSTRAVAR AR\u00c9NA (d\u0159\u00edve Pal\u00e1c kultury a sportu), otev\u0159en\u00e1 v roce 1986 a modernizovan\u00e1 v roce 2003, pat\u0159\u00ed mezi nejv\u00fdznamn\u011bj\u0161\u00ed sportovn\u00ed haly v \u010cesku. V minulosti hostila tak\u00e9 mistrovstv\u00ed sv\u011bta IIHF v ledn\u00edm hokeji v letech 2015 a 2024, kter\u00e1 zaznamenala rekordn\u00ed n\u00e1v\u0161t\u011bvnost.<br><br>V\u00edce se dozv\u00edte na <a href=\"https:\/\/ostrava2027.cz\/\" data-type=\"link\" data-id=\"https:\/\/ostrava2027.cz\/\" target=\"_blank\" rel=\"noopener\">ostrava2027.cz<\/a><\/p>\n\n\n\n<p><\/p>\n","protected":false},"excerpt":{"rendered":"<p>Ostrava bude v roce 2027 hostit mistrovstv\u00ed sv\u011bta v para hokeji skupiny A. Presti\u017en\u00ed turnaj se v \u010cesk\u00e9 republice uskute\u010dn\u00ed u\u017e po\u010dtvrt\u00e9 v historii a odehraje se v term\u00ednu 1. \u2013 8. kv\u011btna 2027 v OSTRAVAR AR\u00c9N\u011a. Na \u0161ampion\u00e1tu se p\u0159edstav\u00ed v\u0161ech osm t\u00fdm\u016f, kter\u00e9 startovaly na zimn\u00edch paralympijsk\u00fdch hr\u00e1ch 2026. O titul mistra sv\u011bta [&hellip;]<\/p>\n","protected":false},"author":7,"featured_media":25891,"comment_status":"closed","ping_status":"closed","sticky":false,"template":"","format":"standard","meta":{"_acf_changed":false,"inline_featured_image":false,"footnotes":""},"categories":[31],"tags":[],"class_list":["post-25890","post","type-post","status-publish","format-standard","has-post-thumbnail","hentry","category-aktuality"],"acf":[],"_links":{"self":[{"href":"https:\/\/parahockey.cz\/en\/wp-json\/wp\/v2\/posts\/25890","targetHints":{"allow":["GET"]}}],"collection":[{"href":"https:\/\/parahockey.cz\/en\/wp-json\/wp\/v2\/posts"}],"about":[{"href":"https:\/\/parahockey.cz\/en\/wp-json\/wp\/v2\/types\/post"}],"author":[{"embeddable":true,"href":"https:\/\/parahockey.cz\/en\/wp-json\/wp\/v2\/users\/7"}],"replies":[{"embeddable":true,"href":"https:\/\/parahockey.cz\/en\/wp-json\/wp\/v2\/comments?post=25890"}],"version-history":[{"count":2,"href":"https:\/\/parahockey.cz\/en\/wp-json\/wp\/v2\/posts\/25890\/revisions"}],"predecessor-version":[{"id":25897,"href":"https:\/\/parahockey.cz\/en\/wp-json\/wp\/v2\/posts\/25890\/revisions\/25897"}],"wp:featuredmedia":[{"embeddable":true,"href":"https:\/\/parahockey.cz\/en\/wp-json\/wp\/v2\/media\/25891"}],"wp:attachment":[{"href":"https:\/\/parahockey.cz\/en\/wp-json\/wp\/v2\/media?parent=25890"}],"wp:term":[{"taxonomy":"category","embeddable":true,"href":"https:\/\/parahockey.cz\/en\/wp-json\/wp\/v2\/categories?post=25890"},{"taxonomy":"post_tag","embeddable":true,"href":"https:\/\/parahockey.cz\/en\/wp-json\/wp\/v2\/tags?post=25890"}],"curies":[{"name":"wp","href":"https:\/\/api.w.org\/{rel}","templated":true}]}}