{"id":6232,"date":"2019-05-02T13:38:31","date_gmt":"2019-05-02T11:38:31","guid":{"rendered":"https:\/\/paraostrava2019.cz\/?p=6232"},"modified":"2019-05-02T13:38:31","modified_gmt":"2019-05-02T11:38:31","slug":"paramanie-pokracuje-blizi-se-boje-o-medaile","status":"publish","type":"post","link":"https:\/\/parahockey.cz\/en\/aktuality\/paramanie-pokracuje-blizi-se-boje-o-medaile\/","title":{"rendered":"PARAm\u00e1nie pokra\u010duje! Bl\u00ed\u017e\u00ed se boje o medaile!"},"content":{"rendered":"<p>Ostravu \u010dek\u00e1 drtiv\u00fd fini\u0161 mistrovstv\u00ed sv\u011bta v para hokeji. Dnes Ostravar Ar\u00e9na pro\u017e\u00edv\u00e1 klid p\u0159ed dal\u0161\u00ed vlnou PARAd\u00e9mie. N\u00e1rodn\u00ed t\u00fdmy si u\u017e\u00edvaj\u00ed volno, v\u011bnuj\u00ed se individu\u00e1ln\u00edm tr\u00e9nink\u016fm nebo vyr\u00e1\u017eej\u00ed na v\u00fdlety. U\u017e z\u00edtra se ale hala op\u011bt zapln\u00ed!<\/p>\n<p>\u201eNeskute\u010dn\u00fd z\u00e1jem fanou\u0161k\u016f asi p\u0159ekvapil cel\u00fd sv\u011bt. To, co se v Ostrav\u011b d\u011bje, se u\u017e te\u010f zapisuje bez nads\u00e1zky do historie sportu. Chci pod\u011bkovat v\u0161em, kte\u0159\u00ed fand\u00ed a vytv\u00e1\u0159ej\u00ed tak t\u00fdm\u016fm neskute\u010dnou kulisu. Hr\u00e1\u010d\u016fm div\u00e1ci svou podporou pln\u00ed celo\u017eivotn\u00ed sen. Tohle je\u0161t\u011b nikdo z nich neza\u017eil,&#8221; komentoval nestkute\u010dnou atmosf\u00e9ru b\u011bhem utk\u00e1n\u00ed <strong>p\u0159edseda organiza\u010dn\u00edho t\u00fdmu MS v para hokeji Ostrava 2019 Ji\u0159\u00ed \u0160indler<\/strong>.<\/p>\n<p><a href=\"https:\/\/paraostrava2019.cz\/wp-content\/uploads\/2019\/05\/IMG_8168.jpg\" target=\"_blank\" rel=\"noopener\"><img fetchpriority=\"high\" decoding=\"async\" class=\"alignnone size-large wp-image-6236\" src=\"https:\/\/paraostrava2019.cz\/wp-content\/uploads\/2019\/05\/IMG_8168-1024x683.jpg\" alt=\"\" width=\"980\" height=\"654\" \/><\/a><\/p>\n<p>D\u011bkujeme fanou\u0161k\u016fm, \u017ee koup\u00ed vstupenky p\u0159isp\u00edvaj\u00ed na rozvoj para hokeje v \u010cesku. Vstupn\u00e9 z\u016fst\u00e1v\u00e1 i na elitn\u00ed z\u00e1pasy semifin\u00e1lov\u00fdch a fin\u00e1lov\u00fdch boj\u016f dobrovoln\u00e9. Za\u010d\u00edn\u00e1 na symbolick\u00fdch pades\u00e1ti korun\u00e1ch.<\/p>\n<h2>D\u016fle\u017eit\u00e1 informace!!!<\/h2>\n<p>Vzhledem k obrovsk\u00e9mu z\u00e1jmu div\u00e1k\u016f a riziku p\u0159epln\u011bn\u00ed haly kon\u010d\u00ed z\u00edt\u0159ej\u0161\u00edm dnem re\u017eim voln\u00e9ho vstupn\u00e9ho. Na \u00fakor voln\u00fdch vstupenek by toti\u017e hrozilo riziko, \u017ee by se do ar\u00e9ny nedostali plat\u00edc\u00ed fanou\u0161ci.<\/p>\n<p>L\u00edstky na v\u0161echna utk\u00e1n\u00ed z\u00e1v\u011bre\u010dn\u00fdch boj\u016f MS v para hokeji Ostrava 2019 jsou st\u00e1le v prodeji na webov\u00fdch str\u00e1nk\u00e1ch <a href=\"https:\/\/paraostrava2019.cz\/ms-2019\/vstupenky\/\" target=\"_blank\" rel=\"noopener\">paraostrava2019<\/a>. Skv\u011bl\u00e9 publikum op\u011bt po\u017eene \u010desk\u00fd t\u00fdm k historick\u00e9mu \u00fasp\u011bchu. Fanou\u0161ci se budou pod\u00edlet na neuv\u011b\u0159iteln\u00e9 amtosf\u00e9\u0159e, kter\u00e1 zaplavila Ostravu a cel\u00fd sportovn\u00ed sv\u011bt.<\/p>\n<h1>D\u011bkujeme!!!<\/h1>\n<p><iframe title=\"PARAm\u00e1nie pokra\u010duje! Bl\u00ed\u017e\u00ed se boje o medaile!\" width=\"800\" height=\"450\" src=\"https:\/\/www.youtube.com\/embed\/vlRRY7wOUGA?feature=oembed\" frameborder=\"0\" allow=\"accelerometer; autoplay; encrypted-media; gyroscope; picture-in-picture\" allowfullscreen><\/iframe><\/p>\n<p>&nbsp;<\/p>\n<p>&nbsp;<\/p>\n","protected":false},"excerpt":{"rendered":"<p>Ostravu \u010dek\u00e1 drtiv\u00fd fini\u0161 mistrovstv\u00ed sv\u011bta v para hokeji. Dnes Ostravar Ar\u00e9na pro\u017e\u00edv\u00e1 klid p\u0159ed dal\u0161\u00ed vlnou PARAd\u00e9mie. N\u00e1rodn\u00ed t\u00fdmy si u\u017e\u00edvaj\u00ed volno, v\u011bnuj\u00ed se individu\u00e1ln\u00edm tr\u00e9nink\u016fm nebo vyr\u00e1\u017eej\u00ed na v\u00fdlety. U\u017e z\u00edtra se ale hala op\u011bt zapln\u00ed! \u201eNeskute\u010dn\u00fd z\u00e1jem fanou\u0161k\u016f asi p\u0159ekvapil cel\u00fd sv\u011bt. To, co se v Ostrav\u011b d\u011bje, se u\u017e te\u010f zapisuje [&hellip;]<\/p>\n","protected":false},"author":4,"featured_media":6235,"comment_status":"open","ping_status":"open","sticky":false,"template":"","format":"standard","meta":{"_acf_changed":false,"inline_featured_image":false,"footnotes":""},"categories":[31],"tags":[],"class_list":["post-6232","post","type-post","status-publish","format-standard","has-post-thumbnail","hentry","category-aktuality"],"acf":[],"_links":{"self":[{"href":"https:\/\/parahockey.cz\/en\/wp-json\/wp\/v2\/posts\/6232","targetHints":{"allow":["GET"]}}],"collection":[{"href":"https:\/\/parahockey.cz\/en\/wp-json\/wp\/v2\/posts"}],"about":[{"href":"https:\/\/parahockey.cz\/en\/wp-json\/wp\/v2\/types\/post"}],"author":[{"embeddable":true,"href":"https:\/\/parahockey.cz\/en\/wp-json\/wp\/v2\/users\/4"}],"replies":[{"embeddable":true,"href":"https:\/\/parahockey.cz\/en\/wp-json\/wp\/v2\/comments?post=6232"}],"version-history":[{"count":0,"href":"https:\/\/parahockey.cz\/en\/wp-json\/wp\/v2\/posts\/6232\/revisions"}],"wp:featuredmedia":[{"embeddable":true,"href":"https:\/\/parahockey.cz\/en\/wp-json\/"}],"wp:attachment":[{"href":"https:\/\/parahockey.cz\/en\/wp-json\/wp\/v2\/media?parent=6232"}],"wp:term":[{"taxonomy":"category","embeddable":true,"href":"https:\/\/parahockey.cz\/en\/wp-json\/wp\/v2\/categories?post=6232"},{"taxonomy":"post_tag","embeddable":true,"href":"https:\/\/parahockey.cz\/en\/wp-json\/wp\/v2\/tags?post=6232"}],"curies":[{"name":"wp","href":"https:\/\/api.w.org\/{rel}","templated":true}]}}